{"id":2781,"date":"2018-04-08T06:01:48","date_gmt":"2018-04-08T06:01:48","guid":{"rendered":"https:\/\/redsemlac.com\/semmexico\/?p=2781"},"modified":"2023-07-21T14:30:44","modified_gmt":"2023-07-21T19:30:44","slug":"manifestaciones-religiosas-para-lavarse-la-cara-frente-a-la-violencia-y-la-corrupcion","status":"publish","type":"post","link":"https:\/\/redsemlac.com\/semmexico\/manifestaciones-religiosas-para-lavarse-la-cara-frente-a-la-violencia-y-la-corrupcion\/","title":{"rendered":"Manifestaciones religiosas para lavarse la cara frente a la violencia y la corrupci\u00f3n"},"content":{"rendered":"\n<p class=\"wp-block-paragraph\"><a href=\"https:\/\/www.semmexico.com\/gallery-post.php?id=4467#\">Sara Lovera<\/a><\/p>\n\n\n\n<p class=\"wp-block-paragraph\">SemM\u00e9xico, Ciudad de M\u00e9xico, 8 de abril.- El mi\u00e9rcoles 11 y el jueves 12 est\u00e1 programada la visita de los tres candidatos a la presidencia de la Rep\u00fablica y la candidata independiente para \u201cdialogar\u201d con los obispos de M\u00e9xico durante la 105 Asamblea Plenaria de la Conferencia del Episcopado Mexicano, (CEM) en la que unos 150 obispos de todo el pa\u00eds trabajar\u00e1n un documento pastoral que les encarg\u00f3 el Papa Francisco.<br><br>Seg\u00fan el programa, la Asamblea comienza este lunes 9 y termina el 13, hecho que coincide con la declaraci\u00f3n del Foro Feminista para Defender el Estado Laico, que se acord\u00f3 tras 2 d\u00edas de discusi\u00f3n y pone en evidencia c\u00f3mo en el proceso electoral de 2018 se repite la presencia de la Iglesia Cat\u00f3lica durante las elecciones.<br><br>La y los candidatos ser\u00e1n recibidos el jueves y viernes, por la CEM que encabezar\u00e1 el cardenal Francisco Robles Ortega, en su sede, Casa Lago.<br><br>Los di\u00e1logos con Ricardo Anaya, Andr\u00e9s Manuel L\u00f3pez Obrador, Jos\u00e9 Antonio Meade y Margarita Zavala, dice el programa tienen como objetivo \u201cescucharlos, dialogar y compartir inquietudes\u00bb. Las pl\u00e1ticas ser\u00e1n privadas.<br><br>Para Cecilia Delgado Molina, profesora-investigadora de UNAM que abri\u00f3 debate en el foro feminista, los y la candidata y otras personas que hacen pol\u00edtica les gusta adoptar un discurso religioso como un medio para legitimarse, suponiendo que el aura religiosa ayuda a aparecer \u201climpios\u201d, sobre todo en un contexto dif\u00edcil como el que vive actualmente nuestro pa\u00eds, sumido en la delincuencia y en \u201cel pecado\u201d.<br><br>Exactamente, los obispos se re\u00fanen para participar en asamblea plenaria \u201cen un momento de particular complejidad social y pol\u00edtica para el pa\u00eds\u201d y dicen que su programa de trabajo es pastoral.&nbsp;<br><br>Ah\u00ed van a participar l\u00edderes de las comunidades cat\u00f3licas de todo el pa\u00eds, solamente hombres. Y es ah\u00ed, donde explica el CEM quienes aspiran a la presidencia presentar\u00e1n sus ideales y plataformas, y luego escuchar\u00e1n las inquietudes de los prelados. Representantes, como dir\u00eda la doctora Delgado Molina, de una fuerte imagen simb\u00f3lica de la identidad nacional; adem\u00e1s de una pluralidad que ante \u201clos peligros del g\u00e9nero\u201d se presenta plural.<br><br>Todav\u00eda de acuerdo con el \u00faltimo censo de INEGI, m\u00e1s del 83 por ciento de las mexicanas y los mexicanos se reconoce cat\u00f3licos y desde el tiempo de Ortiz Mena los l\u00edderes pol\u00edticos y las autoridades gubernamentales se re\u00fanen con los obispos.&nbsp;<br><br>El episcopado recibir\u00e1 a los candidatos en plena campa\u00f1a. Los obispos conocen bien a todos, excepto a Ricardo Anaya, quien se estrena en este foro; Andr\u00e9s Manuel L\u00f3pez Obrador pisa terreno conocido. Estuvo frente al pleno de obispos en 2006 y en 2012, \u00e9l con su discurso republicano-juarista-maderista-cristiano como su estandarte moral. Jos\u00e9 Antonio Meade bien conocido por sus buenos oficios al frente de la Secretar\u00eda de Relaciones Exteriores; pues con su gesti\u00f3n mejoraron sustancialmente las relaciones entre la Santa Sede y M\u00e9xico, as\u00ed como con el cuerpo colegiado del episcopado nacional.&nbsp;<br><br>Para Margarita Zavala, el encuentro con los obispos ser\u00e1 terso. Tiene un catolicismo militante, sin definiciones sobre el feminismo conservador que predica, parece que la presencia de la abogada tiene mucho m\u00e1s de cortes\u00eda que de posicionamiento.<br><br>Tema central desde el episcopado ser\u00e1 establecer di\u00e1logo y compromisos a favor \u201cdel respeto a la dignidad de la vida humana, a las familias y a las libertades\u201d. En el mensaje\/convocatoria los obispos advierten que en todo el espectro social, pol\u00edtico y cultural se requieren definiciones inaplazables para desterrar la violencia, la corrupci\u00f3n y la impunidad. Ya urgieron en un mensaje conjunto frente al proceso electoral en marcha, trabajar comprometidamente por un M\u00e9xico m\u00e1s pr\u00f3spero y pac\u00edfico, m\u00e1s solidario y participativo, m\u00e1s atento al rostro de los m\u00e1s pobres y menos c\u00f3mplice de quienes los olvidan, los manipulan o los marginan\u201d.&nbsp;<br><br>El juego<br><br>El primero de julio se e renovar\u00e1 la presidencia de la Rep\u00fablica y m\u00e1s de 3 mil 400 cargos de representaci\u00f3n popular, locales y federales, en 30 entidades del pa\u00eds. Las feministas del Frente Nacional, de las Constituyentes de la Ciudad de M\u00e9xico, y de entidades como Guerrero, Morelos, Zacatecas, Campeche han detectado c\u00f3mo act\u00faan las fuentes del conservadurismo y el fundamentalismo todos los d\u00edas. Y c\u00f3mo los derechos de las mujeres que se discutir\u00e1n con los obispos, est\u00e1n en riesgo.<br><br>Hist\u00f3ricamente los fundamentalismos repercue4ten en las libertades y los derechos de las mujeres, Una forma manipulada de ello es la creencia de que quienes son religiosos no son corruptos, de ah\u00ed la necesidad de que candidatas y candidatos de dialogar con los obispos, as\u00ed como ir a las iglesias a tomarse fotos, como se pone de ejemplo en el documento de las feministas.<br><br>Las feministas recuerdan que la relaci\u00f3n de los pol\u00edticos o de la pol\u00edtica con la Iglesia a pesar de la separaci\u00f3n Estado\/Iglesia busca que las corrientes religiosas ayuden a \u201climpiarse ante la corrupci\u00f3n\u201d en un pa\u00eds donde se ha introyectado y se sabe que los grandes problemas del pa\u00eds son la violencia y corrupci\u00f3n. El documento tambi\u00e9n advierte de la manipulaci\u00f3n, sistem\u00e1tica de cualquier partido de responsabilizar a las mujeres como activas contribuyentes a \u201clas causas de estos conflictos sociales, como la ruptura del tejido social, que desde hace a\u00f1os se relaciona con \u201cla destrucci\u00f3n de la familia tradicional y con la p\u00e9rdida de los valores\u201d.<br><br>Durante las mesas de trabajo del Foro que termin\u00f3 ayer las participantes dijeron que en el actual proceso electoral, hay pol\u00edticos que son directos al hablar de sus convicciones religiosas; otros s\u00f3lo lo insin\u00faan; por ejemplo, el candidato del Partido Revolucionario Institucional (PRI) a la Presidencia de la Rep\u00fablica, Jos\u00e9 Antonio Meade, aludi\u00f3 a la fe cat\u00f3lica para no comenzar su campa\u00f1a el d\u00eda que marcaba la ley electoral, el 30 de marzo. No cumpli\u00f3 con la ley.<br><br>En su spot Meade afirm\u00f3: \u201cEl pr\u00f3ximo viernes comienzan legalmente las campa\u00f1as electorales, coincide con el Viernes Santo, que es un d\u00eda de gran trascendencia para las familias mexicanas\u201d y asegur\u00f3 que en \u201crespeto a la fe\u201d comenzar\u00eda su campa\u00f1a hasta el 1 de abril.<br><br>Lo que se denunci\u00f3 como un esc\u00e1ndalo es el discurso del candidato del PRI a la Jefatura de Gobierno, Mikel Arriola, qui\u00e9n inici\u00f3 su campa\u00f1a el 30 de marzo con el lema \u201cT\u00fa familia es primero\u201d, ahora frase distribuida en mamparas y anuncios en autobuses. Y aunque no se\u00f1al\u00f3 es expl\u00edcito refiriendo a la familia heterosexual y mon\u00f3gama, en sigue afirmando como en su precampa\u00f1a que la Ciudad de M\u00e9xico volver\u00e1 a ser la \u201cciudad de los valores\u201d; pondr\u00e1 a discusi\u00f3n el matrimonio igualitarios y como en el macartismo habla de \u201clo que nos ha dejado los comunistas\u201d.<br><br>La candidata presidencial independiente, Margarita Zavala, ha hablado de su vida y de su educaci\u00f3n y formaci\u00f3n cat\u00f3lica, tambi\u00e9n ha expresado su visi\u00f3n de familia al pronunciarse por los matrimonios entre mujer y hombre.<br><br>Ella en otra \u00e9poca particip\u00f3 en la construcci\u00f3n del Parlamento de Mujeres, en foros internacionales como la Cuarta Conferencia Mundial de la Mujer en Beijing que se realiz\u00f3 en 1995; en grupos de mujeres y abiertamente se considera solidaria con algunas metas del feminismo, y en su discurso de campa\u00f1a es la \u00fanica que habl\u00f3 la semana pasada de los feminicidios, tanto en Tijuana como en el Estado de M\u00e9xico.&nbsp;<br><br>Andr\u00e9s Manuel L\u00f3pez Obrador, el candidato presidencial de Movimiento Regeneraci\u00f3n Nacional (Morena), sin ambages, ante c\u00e1maras y micr\u00f3fonos se declar\u00f3 cristiano y admirador de Jesucristo; suspendi\u00f3 su campa\u00f1a el viernes santo y en la entrevista de Milenio, dijo claramente que tendr\u00e1 que consultar con \u201cel pueblo de M\u00e9xico\u201d, algunas leyes que consagran los derechos humanos de las mujeres, la interrupci\u00f3n legal del embarazo y los matrimonios igualitarios, y otros asuntos. Mencion\u00f3 que se trata de derechos que causan pol\u00e9mica.<br><br>SEM\/sl\/sje<br><br><\/p>\n","protected":false},"excerpt":{"rendered":"<p>Sara Lovera SemM\u00e9xico, Ciudad de M\u00e9xico, 8 de abril.- El mi\u00e9rcoles 11 y el jueves 12 est\u00e1 programada la visita de los tres candidatos a la presidencia de la Rep\u00fablica y la candidata independiente para \u201cdialogar\u201d con los obispos de M\u00e9xico durante la 105 Asamblea Plenaria de la Conferencia del Episcopado Mexicano, (CEM) en la [&hellip;]<\/p>\n","protected":false},"author":3,"featured_media":2782,"comment_status":"open","ping_status":"open","sticky":false,"template":"","format":"standard","meta":{"_monsterinsights_skip_tracking":false,"footnotes":""},"categories":[689,33,69],"tags":[],"class_list":["post-2781","post","type-post","status-publish","format-standard","has-post-thumbnail","category-689","category-elecciones-2018","category-sara-lovera"],"_links":{"self":[{"href":"https:\/\/redsemlac.com\/semmexico\/wp-json\/wp\/v2\/posts\/2781","targetHints":{"allow":["GET"]}}],"collection":[{"href":"https:\/\/redsemlac.com\/semmexico\/wp-json\/wp\/v2\/posts"}],"about":[{"href":"https:\/\/redsemlac.com\/semmexico\/wp-json\/wp\/v2\/types\/post"}],"author":[{"embeddable":true,"href":"https:\/\/redsemlac.com\/semmexico\/wp-json\/wp\/v2\/users\/3"}],"replies":[{"embeddable":true,"href":"https:\/\/redsemlac.com\/semmexico\/wp-json\/wp\/v2\/comments?post=2781"}],"version-history":[{"count":0,"href":"https:\/\/redsemlac.com\/semmexico\/wp-json\/wp\/v2\/posts\/2781\/revisions"}],"wp:featuredmedia":[{"embeddable":true,"href":"https:\/\/redsemlac.com\/semmexico\/wp-json\/wp\/v2\/media\/2782"}],"wp:attachment":[{"href":"https:\/\/redsemlac.com\/semmexico\/wp-json\/wp\/v2\/media?parent=2781"}],"wp:term":[{"taxonomy":"category","embeddable":true,"href":"https:\/\/redsemlac.com\/semmexico\/wp-json\/wp\/v2\/categories?post=2781"},{"taxonomy":"post_tag","embeddable":true,"href":"https:\/\/redsemlac.com\/semmexico\/wp-json\/wp\/v2\/tags?post=2781"}],"curies":[{"name":"wp","href":"https:\/\/api.w.org\/{rel}","templated":true}]}}