{"id":27803,"date":"2020-10-27T17:49:12","date_gmt":"2020-10-27T17:49:12","guid":{"rendered":"https:\/\/redsemlac.com\/semmexico\/?p=27803"},"modified":"2023-07-21T16:36:52","modified_gmt":"2023-07-21T21:36:52","slug":"denuncian-alianza-de-morena-con-el-prian-en-la-violacion-a-derechos-humanos-de-las-mujeres","status":"publish","type":"post","link":"https:\/\/redsemlac.com\/semmexico\/denuncian-alianza-de-morena-con-el-prian-en-la-violacion-a-derechos-humanos-de-las-mujeres\/","title":{"rendered":"Mujeres de Guerrero activan el pa\u00f1uelazo y arman ambiente porte\u00f1o y capitalino a favor del aborto"},"content":{"rendered":"\n<ul class=\"wp-block-list\"><li><strong>Feministas acusan: lo de la ILE se niega por c\u00e1lculo pol\u00edtico electoral<\/strong><\/li><li><strong>Denuncian alianza de Morena con el Prian en la violaci\u00f3n a derechos humanos de las mujeres<\/strong><\/li><\/ul>\n\n\n\n<p class=\"wp-block-paragraph\"><strong>Josefina Aguilar Pastor<\/strong><\/p>\n\n\n\n<p class=\"wp-block-paragraph\">SemM\u00e9xico.Chilpancingo, Guerrero, 27 de octubre de 2020.- Viridiana Guti\u00e9rrez Sotelo, feminista denunci\u00f3 alianza de Morena con el PRI y el PAN para legislar en contra de los derechos de la mujeres y continuar poniendo en riesgo sus vidas ante la falta de acceso a una interrupci\u00f3n segura del embarazo para v\u00edctimas de violaci\u00f3n.<\/p>\n\n\n\n<p class=\"wp-block-paragraph\">Seg\u00fan Guti\u00e9rrez Sotelo los diputados y diputadas, imponen su criterio desde su posici\u00f3n de privilegio y dejan de lado a las ni\u00f1as y las mujeres, en una entidad tan pobre como Guerrero; la negativa para legislar sobre aborto limitar\u00e1 el desarrollo de las mujeres y es un mensaje a favor de la violencia de g\u00e9nero.<\/p>\n\n\n\n<p class=\"wp-block-paragraph\">Dijo que esta actitud, donde se al\u00edan los intereses de partido, se funda en muchos a\u00f1os de omisi\u00f3n por parte de los gobiernos y autoridades. Y ahora al momento electoral, pensando en ganar votos.<\/p>\n\n\n\n<p class=\"wp-block-paragraph\">Mientras transcurr\u00eda la entrevista, activistas feministas, volvieron a activar el denominado \u201cpa\u00f1uelazo\u201d, en Acapulco y Chilpancingo. En distintos puntos del puerto y la capital amanecieron algunos monumentos, con el pa\u00f1uelo verde, s\u00edmbolo que las feministas defensoras de la Interrupci\u00f3n Legal del Embarazo, abortos seguros, legales y gratuitos para v\u00edctimas de violaci\u00f3n.<\/p>\n\n\n\n<p class=\"wp-block-paragraph\">Las protestas se iniciaron la semana pasada cuando se aprob\u00f3 en comisiones mantener la prohibici\u00f3n del aborto. Ni siquiera se entendi\u00f3 que la propuesta era \u00fanicamente de incluir un mecanismo para hacer efectivo el aborto por violaci\u00f3n, que est\u00e1 previsto en el C\u00f3digo Penal. Un mecanismo para aligerar el tr\u00e1mite. C\u00f3mo se exige que el Ministerio P\u00fablico pruebe la violaci\u00f3n, entonces las mujeres dan a luz, antes de que el tr\u00e1mite se termine.<\/p>\n\n\n\n<p class=\"wp-block-paragraph\">Y si en cambio hab\u00eda un agregado para despenalizar el aborto que hizo el grupo de trabajo que analiza la Alerta de Violencia de G\u00e9nero contra las Mujeres por agravio comparado. Es a lo que las y los diputados llaman intromisi\u00f3n de las autoridades federales a trav\u00e9s de CONAVIM.<\/p>\n\n\n\n<p class=\"wp-block-paragraph\">Viridiana Guti\u00e9rrez Sotelo, integrante del Observatorio Ciudadano&nbsp;de las Violencias contra las Mujeres en&nbsp;Guerrero&nbsp;(Obvio Guerrero), y peticionaria de la segunda Alerta de G\u00e9nero por Agravio Comparado, critic\u00f3 la alianza entre la izquierda y la derecha, que asegur\u00f3, qued\u00f3 expuesta luego de la aprobaci\u00f3n del dictamen presentado por la Comisi\u00f3n de Justicia de Congreso del Estado para negarse a reformar el art\u00edculo 159 del C\u00f3digo Penal.<\/p>\n\n\n\n<p class=\"wp-block-paragraph\">Explic\u00f3 que adicionalmente las autoridades niegan sistem\u00e1ticamente aplicar la norma 046, para el Congreso se ha negado a<\/p>\n\n\n\n<p class=\"wp-block-paragraph\">Es extra\u00f1o dijo la activista que ahora Morena se haya aliado con el PRI, y el PAN \u2013y todos los partidos representados en el Congreso del Estado- para dar un rev\u00e9s al derecho de las mujeres a interrumpir un embarazo en condiciones seguras.<\/p>\n\n\n\n<p class=\"wp-block-paragraph\">&nbsp;Luego explic\u00f3 que los derechos humanos, son progresivos no regresivos y eso deber\u00eda hacer en el Congreso, legislar para garantizar a las v\u00edctimas su vida. Aplicar la progresividad y respetar lo que ya est\u00e1 previsto, como es el caso de la norma 046 que se\u00f1ala que la violaci\u00f3n en menores es un asunto de urgencia m\u00e9dica, y obliga al sector salud a realizar sin dilaci\u00f3n un aborto.<\/p>\n\n\n\n<p class=\"wp-block-paragraph\">Agreg\u00f3: \u201cLo m\u00e1s repudiable en este caso, es que los diputados y las diputadas de la comisiones unidas, hayan salido con un acuerdo planchado, por sus intereses pol\u00edticos personales\u201d denunci\u00f3 la activista, quien adem\u00e1s agreg\u00f3, est\u00e1n resolviendo un asunto que tiene un retraso de a\u00f1o y medio.<\/p>\n\n\n\n<p class=\"wp-block-paragraph\">Declar\u00f3 que: \u201cEstamos muy alarmadas, porque vemos a Morena, aliarse con el PRI para ir en retroceso de los derechos de las mujeres\u201d,<\/p>\n\n\n\n<p class=\"wp-block-paragraph\">Dijo de Erika Valencia Cardona, presidenta de la comisi\u00f3n para la igualdad de G\u00e9nero no les extra\u00f1a \u201cporque nunca ha trabajado a favor de los derechos de las mujeres\u201d y record\u00f3 que le han hecho extra\u00f1amientos, por esa falta de compromiso con el encargo que ostenta. La acus\u00f3 de desconocer la agenda de los derechos de las mujeres, los acuerdos nacionales e internacionales y ser indiferente a la violencia sexual que causa muchos de los embarazos no deseados.<\/p>\n\n\n\n<p class=\"wp-block-paragraph\"><strong>Movilizaciones y reclamos<\/strong><\/p>\n\n\n\n<p class=\"wp-block-paragraph\">Hasta este lunes siguen las manifestaciones de rechazo a los acuerdos de la Comisiones por un dictamen que podr\u00eda pasar a la asamblea esta semana. Desde el domingo, en Chilpancingo, protestaron frente al Congreso del Estado; reclamaron su indiferencia y sostuvieron que s\u00f3lo los mueven sus intereses personales, pol\u00edticos y religiosos.<\/p>\n\n\n\n<p class=\"wp-block-paragraph\">Este lunes, en distintos puntos de Acapulco, amanecieron \u201clos pa\u00f1uelos verdes\u201d, en monumentos y puntos estrat\u00e9gicos del puerto, as\u00ed como consignas favor de la interrupci\u00f3n del embarazo, de manera legal, gratuita y segura. Luego hubo nuevas movilizaciones.<\/p>\n\n\n\n<figure class=\"wp-block-gallery columns-2 is-cropped wp-block-gallery-1 is-layout-flex wp-block-gallery-is-layout-flex\"><ul class=\"blocks-gallery-grid\"><li class=\"blocks-gallery-item\"><figure><img loading=\"lazy\" decoding=\"async\" width=\"1024\" height=\"576\" src=\"https:\/\/redsemlac.com\/semmexico\/wp-content\/uploads\/2020\/10\/ABORTO-4.jpg\" alt=\"\" data-id=\"27807\" data-full-url=\"https:\/\/redsemlac.com\/semmexico\/wp-content\/uploads\/2020\/10\/ABORTO-4.jpg\" data-link=\"https:\/\/redsemlac.com\/semmexico\/?attachment_id=27807\" class=\"wp-image-27807\"\/><\/figure><\/li><li class=\"blocks-gallery-item\"><figure><img loading=\"lazy\" decoding=\"async\" width=\"1024\" height=\"576\" src=\"https:\/\/redsemlac.com\/semmexico\/wp-content\/uploads\/2020\/10\/ABORTO-2.jpg\" alt=\"\" data-id=\"27805\" data-full-url=\"https:\/\/redsemlac.com\/semmexico\/wp-content\/uploads\/2020\/10\/ABORTO-2.jpg\" data-link=\"https:\/\/redsemlac.com\/semmexico\/?attachment_id=27805\" class=\"wp-image-27805\"\/><\/figure><\/li><li class=\"blocks-gallery-item\"><figure><img loading=\"lazy\" decoding=\"async\" width=\"1024\" height=\"576\" src=\"https:\/\/redsemlac.com\/semmexico\/wp-content\/uploads\/2020\/10\/ABORTO-3.jpg\" alt=\"\" data-id=\"27806\" data-full-url=\"https:\/\/redsemlac.com\/semmexico\/wp-content\/uploads\/2020\/10\/ABORTO-3.jpg\" data-link=\"https:\/\/redsemlac.com\/semmexico\/?attachment_id=27806\" class=\"wp-image-27806\"\/><\/figure><\/li><\/ul><\/figure>\n\n\n\n<p class=\"wp-block-paragraph\">Entre los monumentos que fueron cubiertos con telas verdes est\u00e1n las estatuas del lustrador de zapatos del Z\u00f3calo, de Tin Tan, de Apolonio Castillo y de Mahatma Gandhi, as\u00ed como la glorieta de La Diana y el list\u00f3n rosa de la lucha contra el c\u00e1ncer ubicado en la entrada a la V\u00eda R\u00e1pida; hubo otros en puentes y muchos carteles.<br>En Chilpancingo, capital del Estado, ocurri\u00f3 algo parecido, lonas en los puentes peatonales del Mercado Central, de Ciudad Universitaria Sur, y en el monumento de Morelos en el z\u00f3calo capitalino.<\/p>\n\n\n\n<p class=\"wp-block-paragraph\">Al filo de las 6 de la tarde de este lunes, activistas de la organizaci\u00f3n feminista de Acapulco \u201cRed Violeta\u201d, realizaron una concentraci\u00f3n, en el z\u00f3calo porte\u00f1o, con un coro del lema \u201cAborto por violaci\u00f3n, un derecho de las v\u00edctimas\u201d, para exigir la legislaci\u00f3n a favor de la interrupci\u00f3n del embarazo de v\u00edctimas de violencia sexual bajo la norma 046.<\/p>\n\n\n\n<p class=\"wp-block-paragraph\"><strong>Guerrero primer lugar en matrimonio infantil<\/strong><\/p>\n\n\n\n<p class=\"wp-block-paragraph\">Para fundamentar la demanda de la ILE y la protecci\u00f3n a las ni\u00f1as de embarazos no deseados las movilizadas y entrevistadas mencionaron que ONU Mujeres, ubic\u00f3 a Guerrero, en primer lugar en matrimonio infantil, que tiene que ver con el contexto de violencia que viven las mujeres. Viridiana Guti\u00e9rrez Sotelo record\u00f3 que en el 2010, el INEGI situ\u00f3 a Guerrero, entre el segundo lugar en embarazo infantil en ni\u00f1as de entre 12 y 17 a\u00f1os que han parido en este estado solo despu\u00e9s de Coahuila.<\/p>\n\n\n\n<p class=\"wp-block-paragraph\">Insisti\u00f3 en que hay una ola de violencias en contra de las mujeres en Guerrero, que tienen que ver con la omisi\u00f3n de autoridades, legislaturas y el funcionariado, que no se hacen cargo de la problem\u00e1tica.<\/p>\n\n\n\n<p class=\"wp-block-paragraph\">Finalmente hizo un llamado\u201d a las diputadas y diputados de Morena, a que no sigan el juego del PRI, el PAN y sus aliados, sabemos que tienen intenciones pol\u00edticas de conservar la gubernatura, sabemos que tienen tintes pol\u00edticos, y pasaran a la historia como los diputados que est\u00e1n abonando para que este partido, que ha da\u00f1ado mucho a nuestro Estado y el pa\u00eds, siga conservando el poder\u201d.<\/p>\n","protected":false},"excerpt":{"rendered":"<p>Feministas acusan: lo de la ILE se niega por c\u00e1lculo pol\u00edtico electoral<\/p>\n","protected":false},"author":3,"featured_media":27804,"comment_status":"open","ping_status":"open","sticky":false,"template":"","format":"standard","meta":{"_monsterinsights_skip_tracking":false,"footnotes":""},"categories":[691,54],"tags":[],"class_list":["post-27803","post","type-post","status-publish","format-standard","has-post-thumbnail","category-691","category-mujeres"],"_links":{"self":[{"href":"https:\/\/redsemlac.com\/semmexico\/wp-json\/wp\/v2\/posts\/27803","targetHints":{"allow":["GET"]}}],"collection":[{"href":"https:\/\/redsemlac.com\/semmexico\/wp-json\/wp\/v2\/posts"}],"about":[{"href":"https:\/\/redsemlac.com\/semmexico\/wp-json\/wp\/v2\/types\/post"}],"author":[{"embeddable":true,"href":"https:\/\/redsemlac.com\/semmexico\/wp-json\/wp\/v2\/users\/3"}],"replies":[{"embeddable":true,"href":"https:\/\/redsemlac.com\/semmexico\/wp-json\/wp\/v2\/comments?post=27803"}],"version-history":[{"count":0,"href":"https:\/\/redsemlac.com\/semmexico\/wp-json\/wp\/v2\/posts\/27803\/revisions"}],"wp:featuredmedia":[{"embeddable":true,"href":"https:\/\/redsemlac.com\/semmexico\/wp-json\/wp\/v2\/media\/27804"}],"wp:attachment":[{"href":"https:\/\/redsemlac.com\/semmexico\/wp-json\/wp\/v2\/media?parent=27803"}],"wp:term":[{"taxonomy":"category","embeddable":true,"href":"https:\/\/redsemlac.com\/semmexico\/wp-json\/wp\/v2\/categories?post=27803"},{"taxonomy":"post_tag","embeddable":true,"href":"https:\/\/redsemlac.com\/semmexico\/wp-json\/wp\/v2\/tags?post=27803"}],"curies":[{"name":"wp","href":"https:\/\/api.w.org\/{rel}","templated":true}]}}