{"id":27800,"date":"2020-10-27T17:41:10","date_gmt":"2020-10-27T17:41:10","guid":{"rendered":"https:\/\/redsemlac.com\/semmexico\/?p=27800"},"modified":"2023-07-21T16:36:52","modified_gmt":"2023-07-21T21:36:52","slug":"amenazan-y-hostigan-a-precandidata-del-pt","status":"publish","type":"post","link":"https:\/\/redsemlac.com\/semmexico\/amenazan-y-hostigan-a-precandidata-del-pt\/","title":{"rendered":"Amenazan y hostigan a precandidata del PT al gobierno de Guerrero"},"content":{"rendered":"\n<ul class=\"wp-block-list\"><li><strong>Beatriz Mojica Morga solicit\u00f3 medidas cautelares y actuaci\u00f3n de la polic\u00eda cibern\u00e9tica<\/strong><\/li><li><strong>En el pasado sufri\u00f3 violencia y presiones pol\u00edticas, secuestraron a su hermana&nbsp;<\/strong><\/li><\/ul>\n\n\n\n<p class=\"wp-block-paragraph\"><strong>Josefina Aguilar Pastor<\/strong><\/p>\n\n\n\n<p class=\"wp-block-paragraph\">SemM\u00e9xico.Chilpancingo, Guerrero, 27 de octubre de 2020.- Beatriz Mojica Morga, aspirante del partido del Trabajo (PT) a la candidatura por el gobierno del estado, present\u00f3 este lunes una denuncia ante la Fiscal\u00eda Especializada en Delitos Electorales (FEDEGRO) por presunta violencia pol\u00edtica en raz\u00f3n de g\u00e9nero en su contra, a trav\u00e9s&nbsp; de redes sociales. Solicit\u00f3 medidas cautelaras ante el temor de ser agredida ella y\/o su familia.<\/p>\n\n\n\n<p class=\"wp-block-paragraph\">Ex secretaria de Desarrollo Social durante el gobierno perredista, acudi\u00f3 a las instalaciones de la FEDEGRO, donde present\u00f3 publicaciones e im\u00e1genes que se han difundido y con las que, afirma, pretenden difamarla e intimidarla a fin de que no participe en el proceso electoral.<\/p>\n\n\n\n<p class=\"wp-block-paragraph\">Mojica Morga, ofreci\u00f3 una improvisada conferencia de prensa afuera de las oficinas de la FEDEGRO, en la cual dio a conocer que su denuncia fue interpuesta en contra de quien resulte responsable. Advirti\u00f3 que los perfiles de las cuentas desde donde la atacan pueden resultar son falsos.<\/p>\n\n\n\n<p class=\"wp-block-paragraph\">La tambi\u00e9n ex secretaria general del Partido de la Revoluci\u00f3n Democr\u00e1tica, fuerte competidora para los hombres que buscan la gubernatura en Guerrero narr\u00f3 que en los \u00faltimos meses, se han difundido noticias falsas en contra de su persona, -aunque no dio detalles- afirm\u00f3 que esas noticias o textos constituye violencia pol\u00edtica contra las mujeres en raz\u00f3n de g\u00e9nero. Se trata, dijo, de da\u00f1ar su imagen p\u00fablica.<\/p>\n\n\n\n<p class=\"wp-block-paragraph\">La pol\u00edtica de izquierda que ya fue v\u00edctima indirecta de un secuestro, reiter\u00f3 que acudi\u00f3 a la FEDEGRO de manera preventiva \u201cpara que cualquier intento de vulnerar nuestra competitividad electoral o limitar nuestros derechos pol\u00edticos electorales sea detenido\u201d, expuso.<\/p>\n\n\n\n<p class=\"wp-block-paragraph\">Admiti\u00f3 tener miedo de sufrir alg\u00fan tipo de agresi\u00f3n directa y f\u00edsica, no solo ella, sino su propia familia, -como ocurri\u00f3 en el pasado, cuando su hermana Teresa, habr\u00eda sido secuestrada para ejercer presi\u00f3n sobre ella-, por lo que dijo, ha solicitado medidas cautelares.<\/p>\n\n\n\n<p class=\"wp-block-paragraph\">\u201cPor el temor fundado de ser agredida f\u00edsicamente por las personas que resulten responsables de los hechos delictivos denunciados, solicito de manera urgente se me brinden medidas de protecci\u00f3n a m\u00ed y a mi familia, medidas cautelares\u201d.<\/p>\n\n\n\n<p class=\"wp-block-paragraph\">Tambi\u00e9n coment\u00f3 que solicit\u00f3 la intervenci\u00f3n de la Polic\u00eda Cibern\u00e9tica para el esclarecimiento de los hechos y se identifique a los responsables. En tanto que la FEDEGRO, solicit\u00f3 se haga un requerimiento a Facebook o a quien corresponda para la eliminaci\u00f3n de las publicaciones e im\u00e1genes difamatorias, despectivas o intimidatorias vertidas en su contra.<\/p>\n\n\n\n<p class=\"wp-block-paragraph\">Sostuvo que con esta denuncia, quiere enviar el mensaje a sus detractores que no permitir\u00e1 ser violentada&nbsp; por el solo hecho de querer participar en el proceso electoral, al mismo tiempo advirti\u00f3 que ha iniciado una escalada de violencia pol\u00edtica en contra de las mujeres que pretenden ascender al \u00e1mbito p\u00fablico, como ella.<\/p>\n","protected":false},"excerpt":{"rendered":"<p>En el pasado sufri\u00f3 violencia y presiones pol\u00edticas, secuestraron a su hermana<\/p>\n","protected":false},"author":3,"featured_media":27801,"comment_status":"open","ping_status":"open","sticky":false,"template":"","format":"standard","meta":{"_monsterinsights_skip_tracking":false,"footnotes":""},"categories":[691,141,127],"tags":[],"class_list":["post-27800","post","type-post","status-publish","format-standard","has-post-thumbnail","category-691","category-elecciones-2020-2021","category-violencia-politica"],"_links":{"self":[{"href":"https:\/\/redsemlac.com\/semmexico\/wp-json\/wp\/v2\/posts\/27800","targetHints":{"allow":["GET"]}}],"collection":[{"href":"https:\/\/redsemlac.com\/semmexico\/wp-json\/wp\/v2\/posts"}],"about":[{"href":"https:\/\/redsemlac.com\/semmexico\/wp-json\/wp\/v2\/types\/post"}],"author":[{"embeddable":true,"href":"https:\/\/redsemlac.com\/semmexico\/wp-json\/wp\/v2\/users\/3"}],"replies":[{"embeddable":true,"href":"https:\/\/redsemlac.com\/semmexico\/wp-json\/wp\/v2\/comments?post=27800"}],"version-history":[{"count":0,"href":"https:\/\/redsemlac.com\/semmexico\/wp-json\/wp\/v2\/posts\/27800\/revisions"}],"wp:featuredmedia":[{"embeddable":true,"href":"https:\/\/redsemlac.com\/semmexico\/wp-json\/wp\/v2\/media\/27801"}],"wp:attachment":[{"href":"https:\/\/redsemlac.com\/semmexico\/wp-json\/wp\/v2\/media?parent=27800"}],"wp:term":[{"taxonomy":"category","embeddable":true,"href":"https:\/\/redsemlac.com\/semmexico\/wp-json\/wp\/v2\/categories?post=27800"},{"taxonomy":"post_tag","embeddable":true,"href":"https:\/\/redsemlac.com\/semmexico\/wp-json\/wp\/v2\/tags?post=27800"}],"curies":[{"name":"wp","href":"https:\/\/api.w.org\/{rel}","templated":true}]}}