{"id":27797,"date":"2020-10-27T17:38:46","date_gmt":"2020-10-27T17:38:46","guid":{"rendered":"https:\/\/redsemlac.com\/semmexico\/?p=27797"},"modified":"2023-07-21T16:36:52","modified_gmt":"2023-07-21T21:36:52","slug":"estudiante-de-la-uagro-solicita-medidas-cautelares","status":"publish","type":"post","link":"https:\/\/redsemlac.com\/semmexico\/estudiante-de-la-uagro-solicita-medidas-cautelares\/","title":{"rendered":"Estudiante de la UAGro solicita medidas cautelares para evitar que se cierre su caso de violencia de g\u00e9nero"},"content":{"rendered":"\n<ul class=\"wp-block-list\"><li><strong>La estudiante denunci\u00f3 a su ex profesor C\u00e9sar Corrales, quien adem\u00e1s procreo hijos con otras estudiantes<\/strong><\/li><\/ul>\n\n\n\n<ul class=\"wp-block-list\"><li><strong>Teme que su caso sea cerrado y quede impune<\/strong><\/li><\/ul>\n\n\n\n<p class=\"wp-block-paragraph\"><strong>Josefina Aguilar Pastor<\/strong><\/p>\n\n\n\n<p class=\"wp-block-paragraph\">SemM\u00e9xico.Chilpancingo, Guerrero, 27 de octubre de 2020.- Ante el temor de que la Fiscal\u00eda General del Estado (FGE) d\u00e9 carpetazo a su denuncia, y su agresor siga sin fincarle responsabilidad, Aneliz Visca Faustino, estudiante de la Universidad Aut\u00f3noma de Guerrero (UAGro), v\u00edctima de violencia de g\u00e9nero y hostigamiento sexual, solicit\u00f3 la intervenci\u00f3n de la Comisi\u00f3n de Derechos Humanos del Estado de esta entidad para que se dicten medidas cautelares.<\/p>\n\n\n\n<p class=\"wp-block-paragraph\">&nbsp;Visca Faustino es estudiante de la Facultad de Filosof\u00eda y Letras de la UAGro, en el 2018 denunci\u00f3 a C\u00e9sar Corrales por diversos actos de violencia, quien fue su profesor y posteriormente desde su espacio de poder, se convirti\u00f3 en su pareja sentimental.<\/p>\n\n\n\n<p class=\"wp-block-paragraph\">La estudiante explic\u00f3 que fue v\u00edctima de violencia psicol\u00f3gica y f\u00edsica, \u00e9sta \u00faltima le provoc\u00f3 un aborto.<\/p>\n\n\n\n<p class=\"wp-block-paragraph\">Visca Faustino, dio a conocer que interpuso la denuncia ante la Defensor\u00eda de Derechos Humanos de la UAGro en 2018, donde resolvieron que C\u00e9sar Corrales, habr\u00eda violado el c\u00f3digo de \u00e9tica de la Universidad, y que ejerci\u00f3 un abuso de poder, tipific\u00e1ndolo como delito de hostigamiento sexual.<\/p>\n\n\n\n<p class=\"wp-block-paragraph\">Fue hasta un a\u00f1o despu\u00e9s, que fue destituido, luego de comprobarse que aprovechando su espacio de poder como catedr\u00e1tico, habr\u00eda sostenido relaciones sentimentales con otras alumnas, con algunas incluso habr\u00eda procreado hijos.<\/p>\n\n\n\n<p class=\"wp-block-paragraph\">A la par, Aneliz Visca, interpuso su denuncia tambi\u00e9n ante la FGE, donde dijo, durante el proceso, fue incluso violentada tanto por la agente del ministerio p\u00fablico que la atendi\u00f3, como por la m\u00e9dica legista quien le habr\u00eda dicho \u201cesta es una situaci\u00f3n por la que las mujeres tenemos que pasar alguna vez en la vida\u201d.<\/p>\n\n\n\n<p class=\"wp-block-paragraph\">Adem\u00e1s de que la psic\u00f3loga que la examin\u00f3, emiti\u00f3 un diagn\u00f3stico, en el que supuestamente, no hab\u00eda da\u00f1o emocional ni psicol\u00f3gico, a pesar del trastorno que presentaba en ese momento, coment\u00f3<\/p>\n\n\n\n<p class=\"wp-block-paragraph\">Aunque finalmente dieron entrada a la denuncia, y abrieron una carpeta de investigaci\u00f3n, hace poco le notificaron que por no existir da\u00f1o emocional seg\u00fan el dictamen de la psic\u00f3loga que la atendi\u00f3, la FGE emiti\u00f3 un fallo de no acci\u00f3n penal en contra de Cesar Corrales.<\/p>\n\n\n\n<p class=\"wp-block-paragraph\">Ante ello, y el temor de que la FGE cierre su caso, Visca Faustino, solicit\u00f3 la intervenci\u00f3n de la Comisi\u00f3n de derechos humanos del Estado de Guerrero (CDHEG), a quien solicit\u00f3 en una audiencia sostenida este lunes, copia de la carpeta de investigaci\u00f3n, estado actual de la misma; reabrir el caso, un nuevo examen psicol\u00f3gico, medidas cautelares y una recomendaci\u00f3n a la instancia ministerial.&nbsp;<\/p>\n\n\n\n<p class=\"wp-block-paragraph\">Aneliz Visca, fue atendida por Fernando Esteban Ram\u00edrez, Segundo Visitador General Especializado, y Violeta Carolina Parra Reynada, Coordinadora General de Vinculaci\u00f3n con Instituciones P\u00fablicas y Sociedad Civil, quienes tomaron el caso, con el ofrecimiento de iniciar los tr\u00e1mites correspondientes para dar seguimiento y respuesta a la solicitud, y posiblemente, la emisi\u00f3n de alguna queja o recomendaci\u00f3n hacia la Fiscal\u00eda.<\/p>\n","protected":false},"excerpt":{"rendered":"<p>Teme que su caso sea cerrado y quede impune<\/p>\n","protected":false},"author":3,"featured_media":27798,"comment_status":"open","ping_status":"open","sticky":false,"template":"","format":"standard","meta":{"_monsterinsights_skip_tracking":false,"footnotes":""},"categories":[691,54],"tags":[],"class_list":["post-27797","post","type-post","status-publish","format-standard","has-post-thumbnail","category-691","category-mujeres"],"_links":{"self":[{"href":"https:\/\/redsemlac.com\/semmexico\/wp-json\/wp\/v2\/posts\/27797","targetHints":{"allow":["GET"]}}],"collection":[{"href":"https:\/\/redsemlac.com\/semmexico\/wp-json\/wp\/v2\/posts"}],"about":[{"href":"https:\/\/redsemlac.com\/semmexico\/wp-json\/wp\/v2\/types\/post"}],"author":[{"embeddable":true,"href":"https:\/\/redsemlac.com\/semmexico\/wp-json\/wp\/v2\/users\/3"}],"replies":[{"embeddable":true,"href":"https:\/\/redsemlac.com\/semmexico\/wp-json\/wp\/v2\/comments?post=27797"}],"version-history":[{"count":0,"href":"https:\/\/redsemlac.com\/semmexico\/wp-json\/wp\/v2\/posts\/27797\/revisions"}],"wp:featuredmedia":[{"embeddable":true,"href":"https:\/\/redsemlac.com\/semmexico\/wp-json\/wp\/v2\/media\/27798"}],"wp:attachment":[{"href":"https:\/\/redsemlac.com\/semmexico\/wp-json\/wp\/v2\/media?parent=27797"}],"wp:term":[{"taxonomy":"category","embeddable":true,"href":"https:\/\/redsemlac.com\/semmexico\/wp-json\/wp\/v2\/categories?post=27797"},{"taxonomy":"post_tag","embeddable":true,"href":"https:\/\/redsemlac.com\/semmexico\/wp-json\/wp\/v2\/tags?post=27797"}],"curies":[{"name":"wp","href":"https:\/\/api.w.org\/{rel}","templated":true}]}}