{"id":27794,"date":"2020-10-27T17:35:36","date_gmt":"2020-10-27T17:35:36","guid":{"rendered":"https:\/\/redsemlac.com\/semmexico\/?p=27794"},"modified":"2023-07-21T16:36:52","modified_gmt":"2023-07-21T21:36:52","slug":"dicta-agenda-legislativa-el-ejecutivo-y-aprueban-por-mayoria-diputada-martha-tagle","status":"publish","type":"post","link":"https:\/\/redsemlac.com\/semmexico\/dicta-agenda-legislativa-el-ejecutivo-y-aprueban-por-mayoria-diputada-martha-tagle\/","title":{"rendered":"Dicta agenda legislativa el Ejecutivo y aprueban por mayor\u00eda: Diputada Martha Tagle"},"content":{"rendered":"\n<ul class=\"wp-block-list\"><li><strong>Hay avances en el tema de la paridad de g\u00e9nero, pero a\u00fan falta el pleno reconocimiento y ejercicio de los derechos de las mexicanas<\/strong><\/li><li><strong>La legisladora Tagle Mart\u00ednez durante su informe estuvo acompa\u00f1ada de acad\u00e9micas, acad\u00e9micos y sociedad civil<\/strong><\/li><\/ul>\n\n\n\n<p class=\"wp-block-paragraph\"><strong>Atenea Mej\u00eda<\/strong><\/p>\n\n\n\n<p class=\"wp-block-paragraph\">SemM\u00e9xico. Cd. de M\u00e9xico, 27 octubre, 2020. Al rendir su segundo informe legislativo, la diputada Martha Tagle Mart\u00ednez del partido Movimiento Ciudadano enfatiz\u00f3 que en la 64 Legislatura federal existe \u201cuna agenda dictada\u201d por el ejecutivo y \u201cavalada por la mayor\u00eda de la coalici\u00f3n del gobierno\u201d.<\/p>\n\n\n\n<p class=\"wp-block-paragraph\">Por ello es importante \u201cseguir impulsando una agenda por la igualdad sustantiva y por la progresividad de los derechos humanos para poner en todo momento en las discusiones p\u00fablicas a las personas, sus demandas y sus derechos\u201d, afirm\u00f3 la legisladora, quien estuvo acompa\u00f1ada de integrantes de la sociedad civil y la academia, con quienes ha trabajado diversos temas.<\/p>\n\n\n\n<p class=\"wp-block-paragraph\">Agreg\u00f3 que existen avances en lo que se ha llamado la Legislatura de la Paridad, como los que ha impulsado el Grupo de Trabajo Plural por la Igualdad Sustantiva; o la aprobaci\u00f3n de las reformas en materia de paridad y violencia pol\u00edtica contra las mujeres en raz\u00f3n de g\u00e9nero.<\/p>\n\n\n\n<p class=\"wp-block-paragraph\">Sin embargo, dej\u00f3 asentada la falta de avances que permitan el pleno reconocimiento y ejercicio de los derechos de las mexicanas; por ejemplo, la visibilizaci\u00f3n y valoraci\u00f3n del trabajo de cuidados o, que las mujeres sean part\u00edcipes de la etiquetaci\u00f3n del gasto en materia de g\u00e9nero.<\/p>\n\n\n\n<p class=\"wp-block-paragraph\">Destac\u00f3 que su objetivo es contribuir en la reconstrucci\u00f3n de la confianza institucional en el Congreso, de ah\u00ed que ponga sobre la mesa de discusi\u00f3n las demandas ciudadanas, por ejemplo la iniciativa impulsada con el colectivo Nosotrxs sobre el ingreso m\u00ednimo; una reforma en materia de parter\u00eda en colaboraci\u00f3n con el Comit\u00e9 Promotor por una Maternidad Segura y la Asociaci\u00f3n de Parteras Profesionales, o la estrategia colectiva #Menstruaci\u00f3nDignaM\u00e9xico cuyo objetivo es posicionar la menstruaci\u00f3n como un asunto de inter\u00e9s p\u00fablico.<\/p>\n\n\n\n<p class=\"wp-block-paragraph\">Tagle Mart\u00ednez estuvo acompa\u00f1ada de Nayana Guerrero del Comit\u00e9 de Igualdad de G\u00e9nero del Consejo Nacional de Mujeres Empresarias; Luis Fernando Villanueva de Equis Justicia para las Mujeres y Anah\u00ed Rodr\u00edguez de Menstruaci\u00f3n Digna M\u00e9xico; y de la academia Alejandro Madrazo, Lorena Ruano y Ernesto L\u00f3pez Portillo.<\/p>\n\n\n\n<p class=\"wp-block-paragraph\">&nbsp;A trav\u00e9s de un videomensaje, la diputada Dulce Mar\u00eda Sauri, Presidenta de la Mesa Directiva de la C\u00e1mara de Diputados inaugur\u00f3 las actividades, mientras que el coordinador del Grupo Parlamentario de Movimiento Ciudadano, el legislador Tonatiuh Bravo Padilla cerr\u00f3 el informe.<\/p>\n\n\n\n<p class=\"wp-block-paragraph\">Por su parte a acad\u00e9mica Lorena Ruano G\u00f3mez del Centro de Investigaci\u00f3n y Docencia Econ\u00f3micas (CIDE), celebr\u00f3 que hay logros concretos en materia legislativa, sin embargo, quedan varios pendientes pues \u201cla lucha es cuesta arriba\u201d y agreg\u00f3 \u201clas condiciones son dif\u00edciles, yo lo he vivido como mujer, la academia tambi\u00e9n es muy dif\u00edcil de lucha contra el patriarcado, es un \u00e1mbito muy masculinizado\u201d.<\/p>\n\n\n\n<p class=\"wp-block-paragraph\">Dijo que es importante que haya diputados y diputadas que se oponen a legislar en temas donde existen atropellos, como pas\u00f3 en el caso de los fideicomisos, ah\u00ed \u201cse legisla y se deja tiradas a las personas, a las pol\u00edticas p\u00fablicas, sin ofrecer cu\u00e1l va a ser la alternativa de reemplazo\u201d.<\/p>\n","protected":false},"excerpt":{"rendered":"<p>Hay avances en el tema de la paridad de g\u00e9nero, pero a\u00fan falta el pleno reconocimiento y ejercicio de los derechos de las mexicanas<\/p>\n","protected":false},"author":3,"featured_media":27795,"comment_status":"open","ping_status":"open","sticky":false,"template":"","format":"standard","meta":{"_monsterinsights_skip_tracking":false,"footnotes":""},"categories":[691,50],"tags":[],"class_list":["post-27794","post","type-post","status-publish","format-standard","has-post-thumbnail","category-691","category-congreso"],"_links":{"self":[{"href":"https:\/\/redsemlac.com\/semmexico\/wp-json\/wp\/v2\/posts\/27794","targetHints":{"allow":["GET"]}}],"collection":[{"href":"https:\/\/redsemlac.com\/semmexico\/wp-json\/wp\/v2\/posts"}],"about":[{"href":"https:\/\/redsemlac.com\/semmexico\/wp-json\/wp\/v2\/types\/post"}],"author":[{"embeddable":true,"href":"https:\/\/redsemlac.com\/semmexico\/wp-json\/wp\/v2\/users\/3"}],"replies":[{"embeddable":true,"href":"https:\/\/redsemlac.com\/semmexico\/wp-json\/wp\/v2\/comments?post=27794"}],"version-history":[{"count":0,"href":"https:\/\/redsemlac.com\/semmexico\/wp-json\/wp\/v2\/posts\/27794\/revisions"}],"wp:featuredmedia":[{"embeddable":true,"href":"https:\/\/redsemlac.com\/semmexico\/wp-json\/wp\/v2\/media\/27795"}],"wp:attachment":[{"href":"https:\/\/redsemlac.com\/semmexico\/wp-json\/wp\/v2\/media?parent=27794"}],"wp:term":[{"taxonomy":"category","embeddable":true,"href":"https:\/\/redsemlac.com\/semmexico\/wp-json\/wp\/v2\/categories?post=27794"},{"taxonomy":"post_tag","embeddable":true,"href":"https:\/\/redsemlac.com\/semmexico\/wp-json\/wp\/v2\/tags?post=27794"}],"curies":[{"name":"wp","href":"https:\/\/api.w.org\/{rel}","templated":true}]}}