{"id":27791,"date":"2020-10-27T17:32:38","date_gmt":"2020-10-27T17:32:38","guid":{"rendered":"https:\/\/redsemlac.com\/semmexico\/?p=27791"},"modified":"2023-07-21T16:36:52","modified_gmt":"2023-07-21T21:36:52","slug":"radio-educacion-en-el-minimo-de-subsistencia","status":"publish","type":"post","link":"https:\/\/redsemlac.com\/semmexico\/radio-educacion-en-el-minimo-de-subsistencia\/","title":{"rendered":"Radio Educaci\u00f3n en el m\u00ednimo de subsistencia advierten trabajadores y trabajadoras"},"content":{"rendered":"\n<ul class=\"wp-block-list\"><li><strong>Llaman a Alejandra Frausto a defender presupuesto, a mantener su trascendencia cultural &nbsp;<\/strong><\/li><li><strong>Lo presupuestado no alcanza, a pesar de 11 a\u00f1os de penuria salarial y sin equipo<\/strong><\/li><li><strong>Escriben al Presidente, al Congreso y a las autoridades hacendarias<\/strong><\/li><\/ul>\n\n\n\n<p class=\"wp-block-paragraph\"><strong>Elda Montiel<\/strong><\/p>\n\n\n\n<p class=\"wp-block-paragraph\">SemM\u00e9xico. Cd. de M\u00e9xico. 27 de octubre 2020.- Las trabajadoras y los trabajadores de Radio Educaci\u00f3n hacen un llamado a la Secretaria de Cultura, Alejandra Frausto, a defender el presupuesto de Radio Educaci\u00f3n para el 2021, pues los 77.1 millones que se pretenden dar a la emisora no cubrir\u00e1n de ninguna manera los gastos que requiere para operar.<\/p>\n\n\n\n<p class=\"wp-block-paragraph\">En un comunicado se\u00f1alan que la emisora esta al m\u00ednimo de la subsistencia pese a que los a\u00f1os recientes tuvo la concesi\u00f3n de cuatro se\u00f1ales de Frecuencia Modulada FM y se convirti\u00f3 en Servicio Nacional de Comunicaci\u00f3n Cultural.<\/p>\n\n\n\n<p class=\"wp-block-paragraph\">A las legisladoras y los legisladores tambi\u00e9n los conminan a redistribuir los recursos considerados a los medios p\u00fablicos, para que Radio Educaci\u00f3n obtenga lo necesario y pueda cumplir con los objetivos que se\u00f1ala el Plan Nacional de Desarrollo 2018-2024, el cual establece como acci\u00f3n: \u201cAmpliar la cobertura en el territorio nacional a trav\u00e9s de la operaci\u00f3n de nuevas se\u00f1ales radiof\u00f3nicas para llegar a nuevos p\u00fablicos y diversificar los contenidos\u201d.<\/p>\n\n\n\n<p class=\"wp-block-paragraph\">Tambi\u00e9n llaman la atenci\u00f3n &nbsp;al presidente Andr\u00e9s Manuel L\u00f3pez Obrador a quien dicen que debe &nbsp;evitar el recorte presupuestal y autorizar los recursos para transitar hacia la radio convergente de la era digital, y llegar al final del sexenio celebrando los 100 a\u00f1os con una radio p\u00fablica renovada, al servicio de las audiencias y de la democracia.<\/p>\n\n\n\n<p class=\"wp-block-paragraph\">Precisan que la emisora ha tenido hist\u00f3ricamente recortes presupuestales, por lo que opera al m\u00ednimo, como su se\u00f1al en el 1060 de AM, la cual deber\u00eda cubrir la parte centro del territorio mexicano, pero&nbsp; debido a la condici\u00f3n de su transmisor se ve obligada a bajar su potencia.<\/p>\n\n\n\n<p class=\"wp-block-paragraph\">Las otras frecuencias de FM como una en M\u00e9rida, Yucat\u00e1n, opera desde hace tres a\u00f1os en condiciones precarias; otra en Hermosillo, Sonora, recientemente instalada con un transmisor donado por la Universidad Aut\u00f3noma Metropolitana y otra en Morelia, Michoac\u00e1n, que no cuenta con presupuesto programado.<\/p>\n\n\n\n<p class=\"wp-block-paragraph\">En materia salarial -desde que Radio Educaci\u00f3n pas\u00f3 en 2015 de la Secretar\u00eda de Educaci\u00f3n P\u00fablica a la Secretar\u00eda de Cultura-, se mantienen las plazas de 7 mil 300 pesos mensuales de sueldo base y los tabuladores de bajo nivel.<\/p>\n\n\n\n<p class=\"wp-block-paragraph\">Existen adem\u00e1s retrasos en los pagos a prestadores de servicios profesionales, como los asistentes de producci\u00f3n, voces, musicalizadores, reporteras y reporteros y guionistas, a quienes se adeuda parte del trabajo ya realizado porque este a\u00f1o no se lograron firmar sus contratos.<\/p>\n\n\n\n<p class=\"wp-block-paragraph\">Hoy se paga por la producci\u00f3n de un programa 700 pesos, por un reportaje 550 pesos, por una asistencia de producci\u00f3n 400 pesos; tabuladores de pagos que no han aumentado desde hace m\u00e1s de 11 a\u00f1os.<\/p>\n\n\n\n<p class=\"wp-block-paragraph\">Pese a que hist\u00f3ricamente ha vivido en la precariedad, Radio Educaci\u00f3n tiene la producci\u00f3n propia m\u00e1s nutrida de la radio cultural y dota de contenidos a diversas emisoras al interior del pa\u00eds, su fonoteca aloja 163 mil 222 grabaciones producidas durante m\u00e1s de 50 a\u00f1os.&nbsp;<\/p>\n\n\n\n<p class=\"wp-block-paragraph\">Informaron que tan solo en este a\u00f1o, de enero a agosto han entregado 19 mil 406 contenidos a 128 instituciones en 26 estados de la Rep\u00fablica. En 2019 fueron 29 mil 811 contenidos y se atendi\u00f3 a 32 estados<\/p>\n\n\n\n<p class=\"wp-block-paragraph\">Adem\u00e1s de que ha sido una escuela radiof\u00f3nica que ha capacitado a miles de cuadros que se inician en la producci\u00f3n radiof\u00f3nica cultural, cuyo legado es la m\u00edstica de servicio p\u00fablico, pluralidad, libertad de expresi\u00f3n, inclusi\u00f3n, equidad y acceso ciudadano a la radio.<\/p>\n\n\n\n<p class=\"wp-block-paragraph\">Sin embargo, consideran que no se reconoce su especificidad en la administraci\u00f3n p\u00fablica y es considerada una oficina m\u00e1s del sector central de dicha secretar\u00eda lo cual complica su administraci\u00f3n.<\/p>\n\n\n\n<p class=\"wp-block-paragraph\">La emisora enfrenta problemas y retrasos alarmantes en su digitalizaci\u00f3n y su sistema de gesti\u00f3n del acervo. Los servidores y programas necesarios para el almacenamiento han colapsado y ha perdido material por falta de renovaci\u00f3n de los contratos con proveedores de software.<\/p>\n","protected":false},"excerpt":{"rendered":"<p>Llaman a Alejandra Frausto a defender presupuesto, a mantener su trascendencia cultural <\/p>\n","protected":false},"author":3,"featured_media":27792,"comment_status":"open","ping_status":"open","sticky":false,"template":"","format":"standard","meta":{"_monsterinsights_skip_tracking":false,"footnotes":""},"categories":[691,54],"tags":[],"class_list":["post-27791","post","type-post","status-publish","format-standard","has-post-thumbnail","category-691","category-mujeres"],"_links":{"self":[{"href":"https:\/\/redsemlac.com\/semmexico\/wp-json\/wp\/v2\/posts\/27791","targetHints":{"allow":["GET"]}}],"collection":[{"href":"https:\/\/redsemlac.com\/semmexico\/wp-json\/wp\/v2\/posts"}],"about":[{"href":"https:\/\/redsemlac.com\/semmexico\/wp-json\/wp\/v2\/types\/post"}],"author":[{"embeddable":true,"href":"https:\/\/redsemlac.com\/semmexico\/wp-json\/wp\/v2\/users\/3"}],"replies":[{"embeddable":true,"href":"https:\/\/redsemlac.com\/semmexico\/wp-json\/wp\/v2\/comments?post=27791"}],"version-history":[{"count":0,"href":"https:\/\/redsemlac.com\/semmexico\/wp-json\/wp\/v2\/posts\/27791\/revisions"}],"wp:featuredmedia":[{"embeddable":true,"href":"https:\/\/redsemlac.com\/semmexico\/wp-json\/wp\/v2\/media\/27792"}],"wp:attachment":[{"href":"https:\/\/redsemlac.com\/semmexico\/wp-json\/wp\/v2\/media?parent=27791"}],"wp:term":[{"taxonomy":"category","embeddable":true,"href":"https:\/\/redsemlac.com\/semmexico\/wp-json\/wp\/v2\/categories?post=27791"},{"taxonomy":"post_tag","embeddable":true,"href":"https:\/\/redsemlac.com\/semmexico\/wp-json\/wp\/v2\/tags?post=27791"}],"curies":[{"name":"wp","href":"https:\/\/api.w.org\/{rel}","templated":true}]}}