{"id":27770,"date":"2020-10-27T16:22:49","date_gmt":"2020-10-27T16:22:49","guid":{"rendered":"https:\/\/redsemlac.com\/semmexico\/?p=27770"},"modified":"2023-07-21T16:36:52","modified_gmt":"2023-07-21T21:36:52","slug":"bolivia-el-pais-que-tenemos","status":"publish","type":"post","link":"https:\/\/redsemlac.com\/semmexico\/bolivia-el-pais-que-tenemos\/","title":{"rendered":"Bolivia. El pa\u00eds que tenemos"},"content":{"rendered":"\n<ul class=\"wp-block-list\"><li><strong>Clases medias tradicionales, los partidos de las derechas e intelectuales no son capaces de mirar a su pa\u00eds de frente<\/strong><\/li><\/ul>\n\n\n\n<p class=\"wp-block-paragraph\"><strong>Por Drina Ergueta<\/strong><\/p>\n\n\n\n<p class=\"wp-block-paragraph\">SemM\u00e9xico. La Paz \u2013 Bolivia. 27 de octubre de 2020.- Opinadores y analistas ligad@s, de una u otra forma, a las \u00e9lites socioecon\u00f3micas, a las clases medias urbanas tradicionales y a los partidos de la derecha, han hecho p\u00fablicos art\u00edculos y comentarios sobre las causas de unos resultados electorales que no esperaban. En general, dan vueltas y vueltas en su laberinto.<\/p>\n\n\n\n<p class=\"wp-block-paragraph\">La mayor\u00eda de esta intelectualidad argumenta causas poco convincentes: que el antimasismo no se present\u00f3 en un frente unido, cuando saben que la suma de sus candidaturas no hubiera ganado, o que Carlos Mesa no se acerc\u00f3 a pasear las calles de los barrios populares, como si los votantes fueran tan tontos que cambiar\u00edan su voto por el beso forzado a alg\u00fan beb\u00e9.<\/p>\n\n\n\n<p class=\"wp-block-paragraph\">Si no hay an\u00e1lisis rigurosos y claros es porque las \u00e9lites socioecon\u00f3micas, las clases medias tradicionales, los partidos de las derechas y todos sus intelectuales no son capaces de mirar a su pa\u00eds de frente, de reconocer su estructura social, econ\u00f3mica y cultural.<\/p>\n\n\n\n<p class=\"wp-block-paragraph\">Desde un punto de vista estructural, hay dos factores fundamentales que explican lo que est\u00e1 ocurriendo.<\/p>\n\n\n\n<p class=\"wp-block-paragraph\">Primer factor. Bolivia es un pa\u00eds extremadamente peculiar, es uno de los pa\u00edses del mundo con mayor cantidad de poblaci\u00f3n en situaci\u00f3n de pobreza y con un \u00edndice de desigualdad socioecon\u00f3mica m\u00e1s alto. Hay que recordar que aqu\u00ed las mujeres son los rostros m\u00e1s visibles de esa pobreza y desigualdad.<\/p>\n\n\n\n<p class=\"wp-block-paragraph\">Seg\u00fan Index Mundi, en 2005 la poblaci\u00f3n bajo el nivel de pobreza era del 62%, la mitad en pobreza extrema. El \u00edndice GINI, que mide la desigualdad social y econ\u00f3mica, estaba entonces en torno a 58, uno de los m\u00e1s altos del mundo. Para entender la magnitud de estos datos: si se mantuvieran estas cifras, Bolivia estar\u00eda hoy entre los 5 pa\u00edses del mundo con mayor desigualdad y entre los 10 con mayor \u00edndice de pobreza.<\/p>\n\n\n\n<p class=\"wp-block-paragraph\">Los a\u00f1os de gobierno de Evo Morales, a\u00fan con todos sus errores, sirvieron para suavizar esta situaci\u00f3n. Pero est\u00e1 muy lejos de solucionarse. Antes de octubre de 2019, el \u00edndice GINI de desigualdad estaba en torno a 45 y la poblaci\u00f3n bajo el umbral de la pobreza en torno al 38%. De esta manera, en el globo, Bolivia estar\u00eda entre el puesto 30 y 40 en el nivel de pobreza y entre el 35 y el 45 en el grado de desigualdad. Diferentes fuentes y sus datos pueden variar algo, pero en esencia reflejar\u00e1n la misma realidad.<\/p>\n\n\n\n<p class=\"wp-block-paragraph\">En Bolivia hay un porcentaje alt\u00edsimo de pobreza no porque sea un pa\u00eds especialmente pobre, sino porque es un pa\u00eds profundamente desigual e injusto. Los analistas pasan por alto este factor porque son las clases altas y las clases medias tradicionales las que han decidido que el pa\u00eds sea as\u00ed. Porque ellas han dirigido y moldeado Bolivia a lo largo de casi toda su historia y han acumulado privilegios a costa de mantener en la pobreza a la mayor parte de la poblaci\u00f3n.<\/p>\n\n\n\n<p class=\"wp-block-paragraph\">Dicen que la reducci\u00f3n de la pobreza y la desigualdad en \u00e9poca de Evo Morales se debe a una buena coyuntura internacional para las materias primas, pero los gobiernos surgidos de las clases sociales hegem\u00f3nicas nunca hicieron descender la pobreza ni la desigualdad, de manera significativa, fuera la coyuntura econ\u00f3mica buena o mala.<\/p>\n\n\n\n<p class=\"wp-block-paragraph\">El segundo factor estructural se encuentra en la organizaci\u00f3n pol\u00edtica y cultural de las clases populares. Han sido capaces de articularse pol\u00edticamente como en muy pocos otros pa\u00edses ha sucedido. La fuerza de los movimientos sociales, el arraigo de la solidaridad y el comunitarismo, la conciencia de su identidad social y cultural y de sus objetivos hist\u00f3ricos, la vivencia de la desigualdad y de la injusticia. Todos ellos son factores que han desembocado en la creaci\u00f3n de un instrumento pol\u00edtico. Si este instrumento pol\u00edtico no se distancia de sus bases, es muy complicado que, dada la estructura social del pa\u00eds, pierda elecciones.<\/p>\n\n\n\n<p class=\"wp-block-paragraph\">A las clases altas y las clases medias tradicionales les toca decidir entre intentar acabar con ese instrumento pol\u00edtico por cualquier medio, desde usar la fuerza hasta asimilar a sus l\u00edderes, o llegar a un pacto hist\u00f3rico que dirija a Bolivia hacia otro modelo social, m\u00e1s justo, m\u00e1s equitativo y m\u00e1s humano, pero deben ceder una parte de sus privilegios.<\/p>\n","protected":false},"excerpt":{"rendered":"<p>Clases medias tradicionales, los partidos de las derechas e intelectuales no son capaces de mirar a su pa\u00eds de frente<\/p>\n","protected":false},"author":3,"featured_media":8467,"comment_status":"open","ping_status":"open","sticky":false,"template":"","format":"standard","meta":{"_monsterinsights_skip_tracking":false,"footnotes":""},"categories":[691,77,35,102],"tags":[],"class_list":["post-27770","post","type-post","status-publish","format-standard","has-post-thumbnail","category-691","category-drina-ergueta","category-opinion","category-textura-violeta"],"_links":{"self":[{"href":"https:\/\/redsemlac.com\/semmexico\/wp-json\/wp\/v2\/posts\/27770","targetHints":{"allow":["GET"]}}],"collection":[{"href":"https:\/\/redsemlac.com\/semmexico\/wp-json\/wp\/v2\/posts"}],"about":[{"href":"https:\/\/redsemlac.com\/semmexico\/wp-json\/wp\/v2\/types\/post"}],"author":[{"embeddable":true,"href":"https:\/\/redsemlac.com\/semmexico\/wp-json\/wp\/v2\/users\/3"}],"replies":[{"embeddable":true,"href":"https:\/\/redsemlac.com\/semmexico\/wp-json\/wp\/v2\/comments?post=27770"}],"version-history":[{"count":0,"href":"https:\/\/redsemlac.com\/semmexico\/wp-json\/wp\/v2\/posts\/27770\/revisions"}],"wp:featuredmedia":[{"embeddable":true,"href":"https:\/\/redsemlac.com\/semmexico\/wp-json\/wp\/v2\/media\/8467"}],"wp:attachment":[{"href":"https:\/\/redsemlac.com\/semmexico\/wp-json\/wp\/v2\/media?parent=27770"}],"wp:term":[{"taxonomy":"category","embeddable":true,"href":"https:\/\/redsemlac.com\/semmexico\/wp-json\/wp\/v2\/categories?post=27770"},{"taxonomy":"post_tag","embeddable":true,"href":"https:\/\/redsemlac.com\/semmexico\/wp-json\/wp\/v2\/tags?post=27770"}],"curies":[{"name":"wp","href":"https:\/\/api.w.org\/{rel}","templated":true}]}}