{"id":27767,"date":"2020-10-26T22:08:03","date_gmt":"2020-10-26T22:08:03","guid":{"rendered":"https:\/\/redsemlac.com\/semmexico\/?p=27767"},"modified":"2023-07-21T16:36:52","modified_gmt":"2023-07-21T21:36:52","slug":"triunfo-del-plebiscito-de-este-domingo-25-de-octubre","status":"publish","type":"post","link":"https:\/\/redsemlac.com\/semmexico\/triunfo-del-plebiscito-de-este-domingo-25-de-octubre\/","title":{"rendered":"\u00bfC\u00f3mo deshacernos de una dictadura que deja huella cultural y una constituci\u00f3n manchada?"},"content":{"rendered":"\n<ul class=\"wp-block-list\"><li><strong>La poblaci\u00f3n Chilena se apresta a la batalla que viene: Una Constituci\u00f3n paritaria<\/strong><\/li><li><strong>Triunfo del plebiscito de este domingo 25 de octubre luego de lecciones aprendidas<\/strong><\/li><\/ul>\n\n\n\n<p class=\"wp-block-paragraph\"><strong>Sara Lovera<\/strong><\/p>\n\n\n\n<p class=\"wp-block-paragraph\">SemM\u00e9xico. 26 de octubre 2020.- El 7 de noviembre de 1988 la periodista Dolores Cordero escribi\u00f3 en el n\u00famero 21 del suplemento Doble Jornada \u201c\u2026hoy agoniza a coletazos la represi\u00f3n en Chile\u2026\u201d, al fin terminar\u00eda la dictadura. Un mes antes Dolores Cordero y un grupo de periodistas hab\u00edamos participado en el Tercer Encuentro Continental de Mujeres en La Habana, Cuba \u2013del 3 al 7 de octubre- y la casualidad nos hizo atestiguar el triunfo del No \u00a1que ser\u00eda el comienzo del fin de la dictadura militar.<\/p>\n\n\n\n<p class=\"wp-block-paragraph\">Hab\u00edamos presenciado el resultado del refer\u00e9ndum realizado en Chile el 5 de octubre y las chilenas que acudieron a la cita en La Habana, nos contagiaron de su regocijo. Todav\u00eda recuerdo esa tarde en el Centro de Convenciones de la Isla, el despliegue de sus banderas, sus cantos, su j\u00fabilo desbordante y c\u00f3mo fue que nos dejaron la piel contaminada de lo que significa la sensaci\u00f3n de libertad. Tanto como la inscripci\u00f3n feminista en nuestra mentes de esa vieja consigna que rezaba <strong>\u00a1democracia en el pa\u00eds y en la casa!,<\/strong> porque la democracia es con las mujeres o no es democracia.<\/p>\n\n\n\n<p class=\"wp-block-paragraph\">Un mes antes, en el n\u00famero 20 del mismo suplemento, que fue editado en su totalidad con materiales sobre la condici\u00f3n de las mujeres en la dictadura chilena , Ximena Bedregal \u2013 quien viaj\u00f3 para estar presente en el plebiscito-&nbsp; escribi\u00f3: \u2026\u201d en este Chile las mujeres deben ser madres, parir hijos para la patria, vivir su sexualidad s\u00f3lo como reproductoras, bajo la&nbsp; vigilancia social y no controlar el n\u00famero de hijos que van a tener\u2026-y record\u00f3 las palabras del dictador en 1982 \u2018\u2026el hombre y la mujer son totalmente diferentes, son f\u00edsicamente diferentes, tambi\u00e9n ps\u00edquicamente y espiritualmente diferentes\u2019 \u201c, por lo que, conclu\u00eda Bedregal, en la dictadura militar los campos simb\u00f3licos, propiciados por la dictadura,&nbsp; son campos del dominio y el discurso militarista sobre la mujer..\u201d .<\/p>\n\n\n\n<p class=\"wp-block-paragraph\">Tras esa zaga hist\u00f3rica, en Chile se ha dado la vuelta y vuelta a las reglas impuestas en los 17 a\u00f1os de dictadura, inscritos en la memoria; duros fueron los 25 a\u00f1os de democracia. Las y los chilenos tuvieron que esperar m\u00e1s de 30 a\u00f1os, desde aquel comienzo que dar\u00eda fin a 17 a\u00f1os de represi\u00f3n, de imposici\u00f3n ideol\u00f3gica y una cierta par\u00e1lisis social, que aparec\u00eda de tiempo en tiempo, para conseguir derribar la Constituci\u00f3n que hab\u00eda hecho a modo el dictador.<\/p>\n\n\n\n<p class=\"wp-block-paragraph\">Hoy la prensa de todo el mundo da cuenta de c\u00f3mo en Chile, en medio de la movilizaci\u00f3n y la satisfacci\u00f3n, se enterr\u00f3 la Constituci\u00f3n de Pinochet, y ser\u00e1 la primera vez en la historia mundial que una Constituci\u00f3n ser\u00e1 redactada en forma paritaria entre hombres y mujeres, por 155 ciudadanos y ciudadanas, y no por Congresistas. Ello tras un a\u00f1o de las protestas sistem\u00e1ticas de millones de personas.<\/p>\n\n\n\n<p class=\"wp-block-paragraph\">El refer\u00e9ndum de este domingo decidi\u00f3 por un porcentaje de 77.9 por ciento de la votaci\u00f3n reemplazar su actual Constituci\u00f3n, redactada durante la dictadura de Augusto Pinochet (1973-1990), as\u00ed se aprestan a escribir el nuevo texto. La Convenci\u00f3n Constitucional, que se anuncia, estar\u00e1 integrada solo por ciudadanos electos para ese fin y ser\u00e1 paritaria.<\/p>\n\n\n\n<p class=\"wp-block-paragraph\">Pero pasaron esos 30, 40 a\u00f1os para renovar una Constituci\u00f3n intervenida, da\u00f1ada, armada para justificar a un r\u00e9gimen. Ese es un alto costo social y econ\u00f3mico para un pueblo, y una lecci\u00f3n pol\u00edtica profunda. Cambiar las reglas, con un Congreso a modo, es sencillo, se hace posible, cuando el poder no tiene contrapesos, no respeta la divisi\u00f3n de poderes, o \u00e9sta no existe, y cuando las fuerzas ciudadanas est\u00e1n paralizadas. Cuando no han sido suficientes sus experiencias organizativas parciales.<\/p>\n\n\n\n<p class=\"wp-block-paragraph\">La respuesta, d\u00e9cadas despu\u00e9s, de un pueblo politizado y educado, como el chileno, muestra las enormes dificultades para revertir los cambios que hace y dan al dictador todo el poder, m\u00e1xime si esa dictadura est\u00e1 cimentada en el uso de la fuerza y cuando el grupo en el poder cuenta con los militares y sus armas para someter a toda la poblaci\u00f3n.<\/p>\n\n\n\n<p class=\"wp-block-paragraph\">En Chile este d\u00eda las calles han sido tomadas por la gente, estudiantes, clases medias, peque\u00f1os empresarios, miles de mujeres quienes civilizadamente acudieron a las urnas, esta vez para decir s\u00ed. Las&nbsp; personas que integrar\u00e1n la convenci\u00f3n ciudadana que redactar\u00e1 la nueva Constituci\u00f3n ser\u00e1n elegidas por votaci\u00f3n popular el 11 de abril del a\u00f1o que viene y a partir de entonces tendr\u00e1n un margen de nueves meses, prorrogables una sola vez por tres meses m\u00e1s, para elaborar el texto de la nueva Carta Magna.<\/p>\n\n\n\n<p class=\"wp-block-paragraph\">El texto resultante ser\u00e1 sometido a un nuevo refer\u00e9ndum, en 2022, que ser\u00e1 de voto obligatorio y en el que la ciudadan\u00eda decidir\u00e1 si lo aprueba o lo rechaza.<\/p>\n\n\n\n<p class=\"wp-block-paragraph\">Muy importante que el plebiscito fue fruto de un acuerdo pol\u00edtico entre el oficialismo y casi todas las fuerzas de oposici\u00f3n para descomprimir la grave ola de protestas desatadas el a\u00f1o pasado contra la desigualdad y en favor de mejores servicios b\u00e1sicos, que entre masivas manifestaciones pac\u00edficas produjo tambi\u00e9n episodios de extrema violencia y represi\u00f3n policial, y caus\u00f3 al menos 30 muertos y miles de heridos.<\/p>\n\n\n\n<p class=\"wp-block-paragraph\">Ayer desde el comienzo de la tarde, \u2013 mi amigo \u00c1lvaro me ten\u00eda informada- la c\u00e9ntrica Plaza Italia de Santiago de Chile se llen\u00f3 de miles de personas para esperar el resultado del conteo de votos y celebrar desde muy pronto la tendencia que daba la victoria al cambio constitucional, festejos que contin\u00faan a estas horas y se reproducen en otras ciudades del pa\u00eds.<\/p>\n\n\n\n<p class=\"wp-block-paragraph\">Pinochet pudo penetrar todas las entra\u00f1as de la vida cotidiana, hoy huellas del pasado, esas que&nbsp; explican que Chile tuvo que&nbsp; pasar por&nbsp; una largu\u00edsima penuria democr\u00e1tica , con &nbsp;un sistema econ\u00f3mico que ignor\u00f3 a sus&nbsp; trabajadores, con una&nbsp; agenda p\u00fablica&nbsp; fuertemente dominada por los temas que interesan a un grupo que ignor\u00f3&nbsp; las necesidades e intereses de&nbsp; amplias capas de la sociedad. Les persigui\u00f3 por a\u00f1os la imagen del r\u00e9gimen autoritario de Estado, muy ligada a la persona del general Pinochet por la concentraci\u00f3n de atribuciones s\u00f3lo de \u00e9l.<\/p>\n\n\n\n<p class=\"wp-block-paragraph\">Los tiempos marcar\u00e1n nuevamente la tremenda espera. Deshacer las reglas de convivencia, el contrato social, fue f\u00e1cil para el dictador. As\u00ed, el desarrollo pol\u00edtico de Chile ha estado marcado durante muchos a\u00f1os por las pol\u00edticas del r\u00e9gimen autoritario del general Augusto Pinochet. Las consecuencias fueron profundas en la cultura, en la sociedad, en la econom\u00eda y en la pol\u00edtica. Ese impacto es m\u00e1s fuerte que la buena voluntad de querer prescindir del pasado. Ahora toca conocer lo ocurrido en ese pasado, todav\u00eda cercano, como una necesidad para construir una nueva identidad como pa\u00eds.<\/p>\n\n\n\n<p class=\"wp-block-paragraph\">Esa dictadura, a\u00f1os despu\u00e9s a\u00fan se impon\u00eda, transform\u00f3 las bases institucionales del orden econ\u00f3mico, estableci\u00f3 nuevas relaciones entre el Estado y la sociedad, y tuvo un importante impacto en sectores de elite y en una considerable parte de la ciudadan\u00eda.<\/p>\n\n\n\n<p class=\"wp-block-paragraph\">Pinochet fue la clase de dictador pol\u00edtico que llegaba a decir \u00abno se mueve una hoja en el pa\u00eds sin mi permiso\u00bb. Cultiv\u00f3 un estilo pol\u00edtico que acentuaba la imagen de un hombre todopoderoso, usando un discurso confrontacional contra sus adversarios y los gobernantes extranjeros, -\u00abestamos en guerra, se\u00f1ores\u00bb, repet\u00eda con frecuencia-, contribuy\u00f3 a crear la figura de un dictador que tomaba en solitario las decisiones del sistema pol\u00edtico. (As\u00ed dice el texto EN NOMBRE DEL PUEBLO: Debate sobre el cambio constitucional en Chile, de Claudio Fuentes, fundaci\u00f3n Heinrich Boll 2018)<\/p>\n\n\n\n<p class=\"wp-block-paragraph\">Termino con estas l\u00edneas prestadas, escritas hace algunos a\u00f1os, previsoras del triunfo de la tarde de este domingo : La memoria traum\u00e1tica del pasado qued\u00f3 diluida y desdibujada, ciertamente sin desaparecer, pero desplazada, al fin,&nbsp; gracias a las iniciativas y acciones de numerosas organizaciones sociales que han propuesto pol\u00edticas p\u00fablicas en materia de memoria y derechos humanos, as\u00ed como a diversas esferas del arte y la cultura o del&nbsp; \u00e1mbito privado, sin lograr revertir del todo la memoria hegem\u00f3nica implantada por la dictadura. (Mujeres tras las rejas de Pinochet. Testimonio de tres ex presas pol\u00edticas de la dictadura, un libro esencial para continuar armando el rompecabezas de historia y memoria que constituye el pasado reciente chileno Ceibo, 2015).<\/p>\n","protected":false},"excerpt":{"rendered":"<p>La poblaci\u00f3n Chilena se apresta a la batalla que viene: Una Constituci\u00f3n paritaria<\/p>\n","protected":false},"author":3,"featured_media":27667,"comment_status":"open","ping_status":"open","sticky":false,"template":"","format":"standard","meta":{"_monsterinsights_skip_tracking":false,"footnotes":""},"categories":[691,35,95,69],"tags":[],"class_list":["post-27767","post","type-post","status-publish","format-standard","has-post-thumbnail","category-691","category-opinion","category-palabra-de-antigona","category-sara-lovera"],"_links":{"self":[{"href":"https:\/\/redsemlac.com\/semmexico\/wp-json\/wp\/v2\/posts\/27767","targetHints":{"allow":["GET"]}}],"collection":[{"href":"https:\/\/redsemlac.com\/semmexico\/wp-json\/wp\/v2\/posts"}],"about":[{"href":"https:\/\/redsemlac.com\/semmexico\/wp-json\/wp\/v2\/types\/post"}],"author":[{"embeddable":true,"href":"https:\/\/redsemlac.com\/semmexico\/wp-json\/wp\/v2\/users\/3"}],"replies":[{"embeddable":true,"href":"https:\/\/redsemlac.com\/semmexico\/wp-json\/wp\/v2\/comments?post=27767"}],"version-history":[{"count":0,"href":"https:\/\/redsemlac.com\/semmexico\/wp-json\/wp\/v2\/posts\/27767\/revisions"}],"wp:featuredmedia":[{"embeddable":true,"href":"https:\/\/redsemlac.com\/semmexico\/wp-json\/wp\/v2\/media\/27667"}],"wp:attachment":[{"href":"https:\/\/redsemlac.com\/semmexico\/wp-json\/wp\/v2\/media?parent=27767"}],"wp:term":[{"taxonomy":"category","embeddable":true,"href":"https:\/\/redsemlac.com\/semmexico\/wp-json\/wp\/v2\/categories?post=27767"},{"taxonomy":"post_tag","embeddable":true,"href":"https:\/\/redsemlac.com\/semmexico\/wp-json\/wp\/v2\/tags?post=27767"}],"curies":[{"name":"wp","href":"https:\/\/api.w.org\/{rel}","templated":true}]}}