{"id":27749,"date":"2020-10-26T18:04:23","date_gmt":"2020-10-26T18:04:23","guid":{"rendered":"https:\/\/redsemlac.com\/semmexico\/?p=27749"},"modified":"2023-07-21T16:36:53","modified_gmt":"2023-07-21T21:36:53","slug":"adolescentes-y-jovenes-60-del-total-de-suicidios-de-mujeres-en-oax","status":"publish","type":"post","link":"https:\/\/redsemlac.com\/semmexico\/adolescentes-y-jovenes-60-del-total-de-suicidios-de-mujeres-en-oax\/","title":{"rendered":"Adolescentes y j\u00f3venes: 60% del total de suicidios de mujeres en Oaxaca"},"content":{"rendered":"\n<ul class=\"wp-block-list\"><li><strong>En las 5 regiones m\u00e1s violentas para las oaxaque\u00f1as se registra 85% de los suicidios.<\/strong><\/li><li><strong>El 41% de las mujeres que terminaron con su vida ten\u00eda entre 11 y 20 a\u00f1os de edad.<\/strong><\/li><\/ul>\n\n\n\n<ul class=\"wp-block-list\"><li><strong>Los medios ocultan datos y solamente hacen espect\u00e1culo, una manera de no informar<\/strong><\/li><\/ul>\n\n\n\n<p class=\"wp-block-paragraph\"><strong>Redacci\u00f3n<\/strong><\/p>\n\n\n\n<p class=\"wp-block-paragraph\">SemM\u00e9xico, Oaxaca, Oax. 26 de octubre 2020.-Por violencia de g\u00e9nero, falta de comprensi\u00f3n, de escucha, de apoyo familiar, por enfrentar la presi\u00f3n extrema en el \u00e1mbito escolar, falta de respeto a la integridad, o ser acosadas o abusadas sexualmente, en Oaxaca las mujeres se suicidan entre los 11 y 30 a\u00f1os, inform\u00f3 la organizaci\u00f3n Consorcio para el Di\u00e1logo Parlamentario y la Equidad Oaxaca.<\/p>\n\n\n\n<p class=\"wp-block-paragraph\">La estad\u00edstica que se logr\u00f3, a pesar de la escasa informaci\u00f3n de los medios de comunicaci\u00f3n que parecen tener un pacto para no informar suicidios, deja en claro que se trata de un problema de salud p\u00fablica no atendido.<\/p>\n\n\n\n<p class=\"wp-block-paragraph\">Los resultados num\u00e9ricos se revelan en el subregistro hemerogr\u00e1fico de la Plataforma de Violencia Feminicida en la entidad, y corresponden a un seguimiento de notas period\u00edsticas entre 2016 y octubre de 2020.<\/p>\n\n\n\n<p class=\"wp-block-paragraph\">La informaci\u00f3n difundida este fin de semana detalla que la condici\u00f3n de las oaxaque\u00f1as, en procesos de depresi\u00f3n, deja ver que del total de suicidios de mujeres registrados del 01 de diciembre de 2016 al 22 de octubre hubo 73 casos; el 41 por ciento de las v\u00edctimas ten\u00eda entre 11 y 20 a\u00f1os de edad y 19 por ciento entre 21 y 30 a\u00f1os, para el 60 por ciento del total de suicidios de mujeres en la entidad.<\/p>\n\n\n\n<p class=\"wp-block-paragraph\">Se\u00f1ala que la depresi\u00f3n constituye un problema importante de salud p\u00fablica y est\u00e1 relacionada con otras conductas como adicciones, violencia y suicidio. En datos de la Organizaci\u00f3n Mundial de la Salud, m\u00e1s de 4 por ciento de la poblaci\u00f3n mundial vive con depresi\u00f3n y las mujeres se encuentran entre la poblaci\u00f3n m\u00e1s propensa a padecerla (OMS, 2019).<\/p>\n\n\n\n<figure class=\"wp-block-gallery columns-2 is-cropped wp-block-gallery-1 is-layout-flex wp-block-gallery-is-layout-flex\"><ul class=\"blocks-gallery-grid\"><li class=\"blocks-gallery-item\"><figure><img loading=\"lazy\" decoding=\"async\" width=\"940\" height=\"788\" src=\"https:\/\/redsemlac.com\/semmexico\/wp-content\/uploads\/2020\/10\/2-1-1.jpg\" alt=\"\" data-id=\"27751\" data-full-url=\"https:\/\/redsemlac.com\/semmexico\/wp-content\/uploads\/2020\/10\/2-1-1.jpg\" data-link=\"https:\/\/redsemlac.com\/semmexico\/?attachment_id=27751\" class=\"wp-image-27751\"\/><\/figure><\/li><li class=\"blocks-gallery-item\"><figure><img loading=\"lazy\" decoding=\"async\" width=\"940\" height=\"788\" src=\"https:\/\/redsemlac.com\/semmexico\/wp-content\/uploads\/2020\/10\/3-1.jpg\" alt=\"\" data-id=\"27752\" data-full-url=\"https:\/\/redsemlac.com\/semmexico\/wp-content\/uploads\/2020\/10\/3-1.jpg\" data-link=\"https:\/\/redsemlac.com\/semmexico\/?attachment_id=27752\" class=\"wp-image-27752\"\/><\/figure><\/li><li class=\"blocks-gallery-item\"><figure><img loading=\"lazy\" decoding=\"async\" width=\"940\" height=\"788\" src=\"https:\/\/redsemlac.com\/semmexico\/wp-content\/uploads\/2020\/10\/4-1.jpg\" alt=\"\" data-id=\"27753\" data-full-url=\"https:\/\/redsemlac.com\/semmexico\/wp-content\/uploads\/2020\/10\/4-1.jpg\" data-link=\"https:\/\/redsemlac.com\/semmexico\/?attachment_id=27753\" class=\"wp-image-27753\"\/><\/figure><\/li><li class=\"blocks-gallery-item\"><figure><img loading=\"lazy\" decoding=\"async\" width=\"940\" height=\"788\" src=\"https:\/\/redsemlac.com\/semmexico\/wp-content\/uploads\/2020\/10\/5-1-1.jpg\" alt=\"\" data-id=\"27754\" data-full-url=\"https:\/\/redsemlac.com\/semmexico\/wp-content\/uploads\/2020\/10\/5-1-1.jpg\" data-link=\"https:\/\/redsemlac.com\/semmexico\/?attachment_id=27754\" class=\"wp-image-27754\"\/><\/figure><\/li><li class=\"blocks-gallery-item\"><figure><img loading=\"lazy\" decoding=\"async\" width=\"940\" height=\"788\" src=\"https:\/\/redsemlac.com\/semmexico\/wp-content\/uploads\/2020\/10\/6-1.jpg\" alt=\"\" data-id=\"27755\" data-full-url=\"https:\/\/redsemlac.com\/semmexico\/wp-content\/uploads\/2020\/10\/6-1.jpg\" data-link=\"https:\/\/redsemlac.com\/semmexico\/?attachment_id=27755\" class=\"wp-image-27755\"\/><\/figure><\/li><\/ul><\/figure>\n\n\n\n<p class=\"wp-block-paragraph\">El an\u00e1lisis de los datos recogidos en la Plataforma de Violencia Feminicida en Oaxaca,&nbsp; Consorcio para el Di\u00e1logo Parlamentario y la Equidad Oaxaca evidencian que los sucesos de mujeres suicidas se da en 5 regiones con altos \u00edndices de violencia feminicida; la mayor parte en amas de casa, y que la cifra creci\u00f3 entre 2017 y 2019.<\/p>\n\n\n\n<ul class=\"wp-block-list\"><li>El 85% de los suicidios (62 casos) se registra en 5 regiones con los \u00edndices m\u00e1s altos de violencia feminicida en el estado: Valles Centrales con 31 casos; Costa con 9 casos; Istmo con 8; Mixteca y Papaloapam con 7 casos respectivamente.<\/li><\/ul>\n\n\n\n<ul class=\"wp-block-list\"><li>En los casos en que es posible saber la ocupaci\u00f3n de las v\u00edctimas de suicidio (tan s\u00f3lo 22) se observa que 41% eran amas de casa, 32% estudiantes y 27% empleadas.<\/li><\/ul>\n\n\n\n<ul class=\"wp-block-list\"><li>En el trienio 2017-2019 se registra 90% del total de suicidios de mujeres (66 casos): 19 casos en 2017; 27 en 2018 y 20 casos en 2019.<\/li><\/ul>\n\n\n\n<ul class=\"wp-block-list\"><li>En 2020 se registran 5 suicidios, de los cuales 3 han ocurrido en el periodo de confinamiento por Covid-19.<\/li><\/ul>\n\n\n\n<p class=\"wp-block-paragraph\">En la nota de interpretaci\u00f3n Consorcio Oaxaca, afirma que muchos de los suicidios de mujeres y j\u00f3venes son resultado de la violencia de g\u00e9nero que impera en la sociedad.<\/p>\n\n\n\n<p class=\"wp-block-paragraph\">Las &nbsp;razones que las llevan a tomar esa decisi\u00f3n tienen que ver con la falta de comprensi\u00f3n, de escucha, de apoyo familiar, enfrentar la presi\u00f3n extrema en el \u00e1mbito escolar, falta de respeto a la integridad, o ser acosadas o abusadas sexualmente. Ante esta situaci\u00f3n y sin encontrar alternativas para revertirla deciden quitarse la vida luego de no aguantar m\u00e1s la indiferencia, el se\u00f1alamiento social o la violencia<\/p>\n\n\n\n<p class=\"wp-block-paragraph\">La organizaci\u00f3n feminista observa que en 71% de los suicidios registrados no se especifica la ocupaci\u00f3n de las mujeres (algo similar sucede con los registros de desaparecidas, feminicidios, violencia familiar y delitos sexuales). Lo que s\u00ed hacen las notas period\u00edsticas es que \u00a0describen detalles sobre la forma en que fue hallado el cuerpo de la v\u00edctima o\u00a0 el modo en que se quit\u00f3 la vida, si pend\u00eda de una cuerda o si fue encontrada con la cabeza desangrada.<\/p>\n\n\n\n<p class=\"wp-block-paragraph\">Seg\u00fan la experta Rita Segato se trata de la espectacularizaci\u00f3n de la violencia de g\u00e9nero. En palabras de la autora \u201cparece existir una pauta medi\u00e1tica de no informar sobre el suicidio, [\u2026] como una medida para dejar de informar\u201d ante un posible \u201ccontagio\u201d entre la sociedad, lo que constituye un problema\u201d porque muchas familias ignoran el peligro en que se encuentran sus hijas, madres, hermanas, amigas y el impacto que puede tener en ellas el entorno de violencia en el que viven.<\/p>\n\n\n\n<p class=\"wp-block-paragraph\">De ah\u00ed que la informaci\u00f3n reportada en los medios de comunicaci\u00f3n y aquella que emiten las instancias correspondientes debe ser revisada y discutida por toda la sociedad, pues resulta indispensable contar con &nbsp;an\u00e1lisis de los entornos de violencia a los que se exponen diariamente ni\u00f1as y mujeres en Oaxaca, lo cual tiene graves repercusiones en su salud f\u00edsica y mental.<\/p>\n\n\n\n<p class=\"wp-block-paragraph\">.<\/p>\n","protected":false},"excerpt":{"rendered":"<p>En las 5 regiones m\u00e1s violentas para las oaxaque\u00f1as se registra 85% de los suicidios.<\/p>\n","protected":false},"author":3,"featured_media":27750,"comment_status":"open","ping_status":"open","sticky":false,"template":"","format":"standard","meta":{"_monsterinsights_skip_tracking":false,"footnotes":""},"categories":[691,54],"tags":[],"class_list":["post-27749","post","type-post","status-publish","format-standard","has-post-thumbnail","category-691","category-mujeres"],"_links":{"self":[{"href":"https:\/\/redsemlac.com\/semmexico\/wp-json\/wp\/v2\/posts\/27749","targetHints":{"allow":["GET"]}}],"collection":[{"href":"https:\/\/redsemlac.com\/semmexico\/wp-json\/wp\/v2\/posts"}],"about":[{"href":"https:\/\/redsemlac.com\/semmexico\/wp-json\/wp\/v2\/types\/post"}],"author":[{"embeddable":true,"href":"https:\/\/redsemlac.com\/semmexico\/wp-json\/wp\/v2\/users\/3"}],"replies":[{"embeddable":true,"href":"https:\/\/redsemlac.com\/semmexico\/wp-json\/wp\/v2\/comments?post=27749"}],"version-history":[{"count":0,"href":"https:\/\/redsemlac.com\/semmexico\/wp-json\/wp\/v2\/posts\/27749\/revisions"}],"wp:featuredmedia":[{"embeddable":true,"href":"https:\/\/redsemlac.com\/semmexico\/wp-json\/wp\/v2\/media\/27750"}],"wp:attachment":[{"href":"https:\/\/redsemlac.com\/semmexico\/wp-json\/wp\/v2\/media?parent=27749"}],"wp:term":[{"taxonomy":"category","embeddable":true,"href":"https:\/\/redsemlac.com\/semmexico\/wp-json\/wp\/v2\/categories?post=27749"},{"taxonomy":"post_tag","embeddable":true,"href":"https:\/\/redsemlac.com\/semmexico\/wp-json\/wp\/v2\/tags?post=27749"}],"curies":[{"name":"wp","href":"https:\/\/api.w.org\/{rel}","templated":true}]}}