{"id":27746,"date":"2020-10-26T17:15:52","date_gmt":"2020-10-26T17:15:52","guid":{"rendered":"https:\/\/redsemlac.com\/semmexico\/?p=27746"},"modified":"2023-07-21T16:36:53","modified_gmt":"2023-07-21T21:36:53","slug":"el-machismo-se-ha-reafirmado-y-las-mujeres-viven-condiciones-muy-dificiles","status":"publish","type":"post","link":"https:\/\/redsemlac.com\/semmexico\/el-machismo-se-ha-reafirmado-y-las-mujeres-viven-condiciones-muy-dificiles\/","title":{"rendered":"Cuba: Feministas fortalecen su agenda en tiempos de pandemia"},"content":{"rendered":"\n<ul class=\"wp-block-list\"><li><strong>Se necesitan nuevas acciones y formas organizativas para encarar al patriarcado<\/strong><\/li><li><strong>El machismo se ha reafirmado y las mujeres viven condiciones muy dif\u00edciles<\/strong><\/li><\/ul>\n\n\n\n<p class=\"wp-block-paragraph\"><strong>Por Sara M\u00e1s<\/strong><\/p>\n\n\n\n<p class=\"wp-block-paragraph\">SemM\u00e9xico\/SEMlac, La Habana, Cuba, 26 de octubre 2020.- A seguir construyendo redes de apoyo solidarias y reafirmar la lucha en principios y pr\u00e1cticas colectivas contra el patriarcado se pronunci\u00f3 el XV Encuentro Anual de la Red Feminista \u00abBerta C\u00e1ceres\u00bb, realizado v\u00eda Telegram entre el 21 y 23 de octubre bajo el precepto: \u00abvivimos tiempos de mujeres\u00bb.<\/p>\n\n\n\n<p class=\"wp-block-paragraph\">La cita, que esta vez apel\u00f3 a la modalidad virtual debido al distanciamiento f\u00edsico que impone la pandemia de covid-19, permiti\u00f3 la activa participaci\u00f3n desde diversos pa\u00edses de mujeres que integran la red, coordinada por el Grupo de Investigaci\u00f3n \u00abAm\u00e9rica Latina: Filosof\u00eda Social y Axiolog\u00eda\u00bb (Galfisa), del Instituto de Filosof\u00eda de Cuba.<\/p>\n\n\n\n<p class=\"wp-block-paragraph\">A partir del an\u00e1lisis del actual contexto feminista y la \u00abnueva normalidad\u00bb pospand\u00e9mica, las participantes reconocieron la necesidad de desplegar acciones y nuevas formas organizativas contra el patriarcado.<\/p>\n\n\n\n<p class=\"wp-block-paragraph\">\u00abPara nadie es un secreto que, bajo la pandemia, las formas de opresi\u00f3n se han hecho m\u00e1s sofisticadas e invisibles\u00bb, sostuvo Georgina Alfonso, de Galfisa.<\/p>\n\n\n\n<p class=\"wp-block-paragraph\">\u00abLa vida cotidiana de las mujeres se ha hecho mucho m\u00e1s dif\u00edcil y el machismo ha reafirmado su naturaleza dominadora, usando entonces argumentos como la capacidad de abnegaci\u00f3n, sacrificio y consagraci\u00f3n para el cuidado que tenemos las mujeres\u00bb, agreg\u00f3.<\/p>\n\n\n\n<p class=\"wp-block-paragraph\">Adem\u00e1s del predominio de la racionalidad econ\u00f3mica patriarcal en busca de maximizar las ganancias invisibilizando el trabajo de cuidado y el aporte de las mujeres a la econom\u00eda, Alfonso describi\u00f3 un panorama donde prevalecen la instauraci\u00f3n del p\u00e1nico, las desigualdades de tiempos y espacios, se incrementan las violencias contras ellas, el control de sus cuerpos y otras pr\u00e1cticas patriarcales que acent\u00faan una subjetividad opresora.<\/p>\n\n\n\n<p class=\"wp-block-paragraph\">\u00abHoy adquiere cada vez m\u00e1s fuerza la certeza de que los posicionamientos antipatriarcales son posicionamientos anticapitalistas\u00bb, sostuvo Alfonso y dijo que para Cuba significa tambi\u00e9n asumir un feminismo cr\u00edtico, creador, transformador; superar la din\u00e1mica economicista que naturaliza el sentido com\u00fan del capital y construir consenso en torno a un proyecto pa\u00eds m\u00e1s justo, solidario y cooperado.<\/p>\n\n\n\n<p class=\"wp-block-paragraph\"><strong>Pandemia adentro<\/strong><\/p>\n\n\n\n<p class=\"wp-block-paragraph\">Los meses de confinamiento han develado desigualdades y acentuado el sistema de opresiones m\u00faltiples, con blanco en la vida y los derechos de las mujeres, reconocieron participantes en el encuentro virtual.<\/p>\n\n\n\n<p class=\"wp-block-paragraph\">La pandemia esconde verdaderas crisis prexistentes, dominaciones y discriminaciones patriarcales, mis\u00f3ginas y racistas, mientras el confinamiento agudiza la violencia de g\u00e9nero, acent\u00faa la diversidad de roles de las mujeres y ha llevado a una desvalorizaci\u00f3n de los trabajos de cuidados, se\u00f1alaron a partir de sus propias experiencias cotidianas.<\/p>\n\n\n\n<p class=\"wp-block-paragraph\">\u00abEl teletrabajo destruye los bordes de la jornada de ocho horas y tira una manta invisible sobre los tiempos de la vida. En el debate se coloca el significado del cuidado bajo la bandera del sacrificio y as\u00ed se oculta una amplia zona de cuidados que no son solo m\u00e9dicos\u00bb, reflexion\u00f3 la cubana Llanisca Lugo, del Centro Memorial Martin Luther King Jr.<\/p>\n\n\n\n<p class=\"wp-block-paragraph\">Con ella coincide Marbelis Gonz\u00e1lez Mesa, del Centro de Intercambio y Referencia- Iniciativa Comunitaria (CIERIC).<\/p>\n\n\n\n<p class=\"wp-block-paragraph\">\u00abCaemos en la trampa de que debemos esforzarnos para cumplir con los m\u00faltiples roles de s\u00faper madres, s\u00faper hijas, s\u00faper esposas trabajadoras\u0085; hablamos de cuidado de la vida, pero pocas veces pensamos en el cuidado de la nuestra. Ha sido y sigue siendo una trampa el teletrabajo: tiene ventajas, indudablemente, \u00bfpero cu\u00e1ntas horas le dedicamos?\u00bb, se\u00f1al\u00f3.<\/p>\n\n\n\n<p class=\"wp-block-paragraph\">La cubana Mely Gonz\u00e1lez, coordinadora del Grupo de g\u00e9nero y feminismo de la Universidad Central de Las Villas, signific\u00f3 el valor de las redes de apoyo para asumir dignamente el trabajo de cuidados, lo negativo de \u00abromantizar\u00bb el confinamiento y llam\u00f3 a dar seguimiento en \u00abla nueva normalidad\u00bb a los riesgos del teletrabajo para las mujeres.<\/p>\n\n\n\n<p class=\"wp-block-paragraph\">Es por ello que la peruana Walkiria Santa Cruz, militante de la colectiva feminista Resistencia Rabona, apuesta por \u00abcolectivizar los cuidados y volverlos responsabilidad de todos\u00bb.<\/p>\n\n\n\n<p class=\"wp-block-paragraph\">En tanto, Lil Romero, guionista de televisi\u00f3n, aboga por \u00abpensar otras medidas que nos protejan en estos tiempos y no solo de la Covid, sino tambi\u00e9n de la violencia, la sobrecarga, la discriminaci\u00f3n laboral\u00bb y muchas otras injusticias.<\/p>\n\n\n\n<p class=\"wp-block-paragraph\"><strong>Luchas y caminos<\/strong><\/p>\n\n\n\n<p class=\"wp-block-paragraph\">A juicio de Ana Bickel, del FMLN de El Salvador y la Red Mesoamaericana de Educaci\u00f3n Popular, el incremento de las contradicciones y las opresiones tambi\u00e9n ense\u00f1a caminos para transformar.<\/p>\n\n\n\n<p class=\"wp-block-paragraph\">\u00abDesde las comunidades que han logrado cuidarse ante las amenazas de la violencia, que han diversificado la producci\u00f3n y formas de cuidar y curarse, han logrado mejores resultados en el combate al virus, con las mujeres como protagonistas\u00bb, expuso como ejemplos.<\/p>\n\n\n\n<p class=\"wp-block-paragraph\">Por otro lado, Bickel alert\u00f3 acerca de que la lucha feminista por la equidad est\u00e1 siempre ante la trampa de que las mujeres aspiremos a transformarnos como sujetas personalizadas, creyendo que desligarnos de la colectividad nos libera. Una cosa es aprender a afirmarnos ante la colectividad; otra es creer que prescindimos de ella\u00bb, sostuvo.<\/p>\n\n\n\n<p class=\"wp-block-paragraph\">Para la periodista cubana Lirians Gordillo, la reflexi\u00f3n para por pensar en c\u00f3mo generar el cambio, no retroceder y avanzar en los derechos de las mujeres y c\u00f3mo conectar todo esto con la vida cotidiana, pr\u00e1ctica de la naci\u00f3n.<\/p>\n\n\n\n<p class=\"wp-block-paragraph\">\u00abLo que se ha logrado ha sido tambi\u00e9n generando espacios colectivos y p\u00fablicos, exigiendo el reconocimiento de nuestros derechos y, por tanto, la puesta en pr\u00e1ctica de pol\u00edticas que los garanticen\u00bb, argument\u00f3.<\/p>\n\n\n\n<p class=\"wp-block-paragraph\">En su opini\u00f3n, se necesita combinar espacios de sensibilizaci\u00f3n, capacitaci\u00f3n, transformaci\u00f3n individual y colectiva con el empuje, el reclamo, la construcci\u00f3n de una agenda pol\u00edtica en todos los \u00f3rdenes: legal, econ\u00f3mica, laboral, agraria y cultural, entre otros.<\/p>\n\n\n\n<p class=\"wp-block-paragraph\">Entre otros avances, la red reconoci\u00f3 el crecimiento de los grupos en este camino, la incorporaci\u00f3n de j\u00f3venes, el desarrollo de investigaciones y su relaci\u00f3n con el activismo, la creaci\u00f3n de espacios de formaci\u00f3n e intercambio, participaci\u00f3n en campa\u00f1as en defensa de todos los derechos, la visibilizaci\u00f3n de proyectos feministas, protocoles de prevenci\u00f3n, tareas de acompa\u00f1amiento, trabajo en comunidades, la incorporaci\u00f3n de hombres a los colectivos y la reivindicaci\u00f3n desde la historia del papel de mujeres negras.<\/p>\n\n\n\n<p class=\"wp-block-paragraph\">Igualmente se identificaron desaf\u00edos, como construir alternativas colectivas contra el patriarcado y transformar pr\u00e1cticas; crear espacios colectivos de cuidados, crianza y educaci\u00f3n; asumir la necesidad de una agenda pol\u00edtica en todos los \u00f3rdenes y mantener la lucha por los derechos de la mujer, junto a los esfuerzos por recuperar la econom\u00eda.<\/p>\n\n\n\n<p class=\"wp-block-paragraph\">Alertaron tambi\u00e9n sobre la amenaza que representa el avance de los fundamentalismos en el retroceso de los derechos de las mujeres, la emergencia de proyectos individualistas desligados de lo colectivo, la necesidad de reconocer el feminismo como dimensi\u00f3n del desarrollo, dar prioridad al escenario medi\u00e1tico en las luchas, abrirse al aprendizaje e interpelaci\u00f3n de diversos feminismos y abrir m\u00e1s espacios de debate y articulaci\u00f3n.<\/p>\n\n\n\n<p class=\"wp-block-paragraph\">Durante el encuentro se presentaron y compartieron los libros El saber feminista, compilaci\u00f3n de trabajos del Grupo de Estudios de g\u00e9nero y feminismo del Centro de Estudios Comunitarios de la Universidad Central \u00abMarta Abreu\u00bb de Las Villas y Los cuidados en la ruta hacia la equidad en Cuba, que re\u00fane investigaciones de las acad\u00e9micas Georgina Alfonso Gonz\u00e1lez, Teresa Lara Junco, Magela Romero Almod\u00f3var, Dayma Echevarr\u00eda Le\u00f3n y Clotilde Proveyer Cervantes.<\/p>\n\n\n\n<p class=\"wp-block-paragraph\">La red se cre\u00f3 como la \u00abRed \u00c9tica y Pol\u00edtica del movimiento de mujeres\u00bb y su primer encuentro se realiz\u00f3 los d\u00edas 18 y 19 de marzo de 2011 con el objetivo de crear la red y compartir los sentidos \u00e9ticos y pol\u00edticos comunes en la construcci\u00f3n de identidades y articulaciones desde el movimiento de mujeres en Cuba y sus v\u00ednculos con Am\u00e9rica Latina, desde la perspectiva feminista latinoamericana.<\/p>\n\n\n\n<p class=\"wp-block-paragraph\">Luego, en 2016, adopt\u00f3 el nombre actual de Red Feminista \u00abBerta C\u00e1ceres\u00bb, al crearse el Espacio Feminista de igual nombre, que rinde homenaje a la l\u00edder popular hondure\u00f1a y apuesta por la comuni\u00f3n de ideas \u00abque convoquen a la acci\u00f3n contra la dominaci\u00f3n, explotaci\u00f3n, discriminaci\u00f3n y violencia patriarcal\u00bb.<\/p>\n\n\n\n<p class=\"wp-block-paragraph\">(masfarias5@gmail.com)<\/p>\n","protected":false},"excerpt":{"rendered":"<p>Se necesitan nuevas acciones y formas organizativas para encarar al patriarcado<\/p>\n","protected":false},"author":3,"featured_media":27747,"comment_status":"open","ping_status":"open","sticky":false,"template":"","format":"standard","meta":{"_monsterinsights_skip_tracking":false,"footnotes":""},"categories":[691,53],"tags":[],"class_list":["post-27746","post","type-post","status-publish","format-standard","has-post-thumbnail","category-691","category-internacional"],"_links":{"self":[{"href":"https:\/\/redsemlac.com\/semmexico\/wp-json\/wp\/v2\/posts\/27746","targetHints":{"allow":["GET"]}}],"collection":[{"href":"https:\/\/redsemlac.com\/semmexico\/wp-json\/wp\/v2\/posts"}],"about":[{"href":"https:\/\/redsemlac.com\/semmexico\/wp-json\/wp\/v2\/types\/post"}],"author":[{"embeddable":true,"href":"https:\/\/redsemlac.com\/semmexico\/wp-json\/wp\/v2\/users\/3"}],"replies":[{"embeddable":true,"href":"https:\/\/redsemlac.com\/semmexico\/wp-json\/wp\/v2\/comments?post=27746"}],"version-history":[{"count":0,"href":"https:\/\/redsemlac.com\/semmexico\/wp-json\/wp\/v2\/posts\/27746\/revisions"}],"wp:featuredmedia":[{"embeddable":true,"href":"https:\/\/redsemlac.com\/semmexico\/wp-json\/wp\/v2\/media\/27747"}],"wp:attachment":[{"href":"https:\/\/redsemlac.com\/semmexico\/wp-json\/wp\/v2\/media?parent=27746"}],"wp:term":[{"taxonomy":"category","embeddable":true,"href":"https:\/\/redsemlac.com\/semmexico\/wp-json\/wp\/v2\/categories?post=27746"},{"taxonomy":"post_tag","embeddable":true,"href":"https:\/\/redsemlac.com\/semmexico\/wp-json\/wp\/v2\/tags?post=27746"}],"curies":[{"name":"wp","href":"https:\/\/api.w.org\/{rel}","templated":true}]}}