{"id":27742,"date":"2020-10-26T17:07:23","date_gmt":"2020-10-26T17:07:23","guid":{"rendered":"https:\/\/redsemlac.com\/semmexico\/?p=27742"},"modified":"2023-07-21T16:36:53","modified_gmt":"2023-07-21T21:36:53","slug":"fiscalia-de-guerrero-logra-vinculacion-a-proceso-en-contra-cuatro-presuntos-responsables-de-feminicidio","status":"publish","type":"post","link":"https:\/\/redsemlac.com\/semmexico\/fiscalia-de-guerrero-logra-vinculacion-a-proceso-en-contra-cuatro-presuntos-responsables-de-feminicidio\/","title":{"rendered":"Fiscal\u00eda de Guerrero logra vinculaci\u00f3n a proceso en contra de cuatro presuntos responsables de feminicidio"},"content":{"rendered":"\n<ul class=\"wp-block-list\"><li><strong>Quedan en prisi\u00f3n preventiva imputados en agravio de la menor Ayel\u00edn Iczae Guti\u00e9rrez Marcelo<\/strong><\/li><li><strong>Resultado de la audiencia inicial de este domingo 25 de octubre<\/strong><\/li><\/ul>\n\n\n\n<p class=\"wp-block-paragraph\"><strong>Redacci\u00f3n<\/strong><\/p>\n\n\n\n<p class=\"wp-block-paragraph\">SemM\u00e9xico. Chilpancingo, Gro., 25 de octubre de 2020.- La Fiscal\u00eda General del Estado informa que este d\u00eda fueron vinculados a proceso Aurelio \u00abN\u00bb al\u00edas \u00abLa Curia\u00bb, Juan Pablo \u00abN\u00bb al\u00edas \u00abEl Tribil\u00edn\u00bb, Hugo \u00abN\u00bb al\u00edas \u00abLa Zoe\u00bb y Eliecer \u00abN\u00bb, como probables responsables del delito de Feminicidio en agravio de la menor Ayel\u00edn Iczae Guti\u00e9rrez Marcelo.<\/p>\n\n\n\n<p class=\"wp-block-paragraph\">La carpeta de investigaci\u00f3n &nbsp;judicial C-193\/2020 se\u00f1ala que el d\u00eda 15 de octubre la menor recibi\u00f3 una llamada de su madre Flora Marcelo quien la esperar\u00eda en su negocio de material de reciclaje, en la colonia Santa Cruz de Tixtla, de Chilapa, Guerrero.<\/p>\n\n\n\n<p class=\"wp-block-paragraph\">Se indag\u00f3 que la v\u00edctima antes estuvo en casa de su vecina cargando la bater\u00eda de un tel\u00e9fono m\u00f3vil y se dirigi\u00f3 con direcci\u00f3n a la carretera Tixtla-Chilapa por una vereda que da a la barranca de La Candelaria y mientras caminaba por el lugar fue interceptada, llev\u00e1ndola con rumbo desconocido, priv\u00e1ndola de la vida posteriormente.<\/p>\n\n\n\n<p class=\"wp-block-paragraph\">En audiencia inicial, este domingo 25 de octubre de 2020, el Ministerio P\u00fablico present\u00f3 los datos de prueba, logrando del Juez la vinculaci\u00f3n a proceso en contra de los cuatro imputados como probables responsables de Feminicidio, quedando impuesta la medida cautelar de prisi\u00f3n preventiva con un plazo de tres meses de investigaci\u00f3n complementaria, quedando internos en el Centro de Reinserci\u00f3n Social.<\/p>\n\n\n\n<p class=\"wp-block-paragraph\">La Fiscal\u00eda de Guerrero seguir\u00e1 con la investigaci\u00f3n de estos lamentables hechos para solicitar nuevas \u00f3rdenes de aprehensi\u00f3n en contra de m\u00e1s probables responsables.<\/p>\n\n\n\n<p class=\"wp-block-paragraph\">Es preciso se\u00f1alar que para la Fiscal\u00eda es prioridad el esclarecimiento de las carpetas de investigaci\u00f3n que se inician por diversos delitos del fuero com\u00fan, en especial los cometidos en contra de ni\u00f1as, ni\u00f1os, mujeres y adolescentes en el estado de Guerrero.<\/p>\n","protected":false},"excerpt":{"rendered":"<p>Quedan en prisi\u00f3n preventiva imputados en agravio de la menor Ayel\u00edn Iczae Guti\u00e9rrez Marcelo<\/p>\n","protected":false},"author":3,"featured_media":27743,"comment_status":"open","ping_status":"open","sticky":false,"template":"","format":"standard","meta":{"_monsterinsights_skip_tracking":false,"footnotes":""},"categories":[691,51],"tags":[],"class_list":["post-27742","post","type-post","status-publish","format-standard","has-post-thumbnail","category-691","category-ejecutivo"],"_links":{"self":[{"href":"https:\/\/redsemlac.com\/semmexico\/wp-json\/wp\/v2\/posts\/27742","targetHints":{"allow":["GET"]}}],"collection":[{"href":"https:\/\/redsemlac.com\/semmexico\/wp-json\/wp\/v2\/posts"}],"about":[{"href":"https:\/\/redsemlac.com\/semmexico\/wp-json\/wp\/v2\/types\/post"}],"author":[{"embeddable":true,"href":"https:\/\/redsemlac.com\/semmexico\/wp-json\/wp\/v2\/users\/3"}],"replies":[{"embeddable":true,"href":"https:\/\/redsemlac.com\/semmexico\/wp-json\/wp\/v2\/comments?post=27742"}],"version-history":[{"count":0,"href":"https:\/\/redsemlac.com\/semmexico\/wp-json\/wp\/v2\/posts\/27742\/revisions"}],"wp:featuredmedia":[{"embeddable":true,"href":"https:\/\/redsemlac.com\/semmexico\/wp-json\/wp\/v2\/media\/27743"}],"wp:attachment":[{"href":"https:\/\/redsemlac.com\/semmexico\/wp-json\/wp\/v2\/media?parent=27742"}],"wp:term":[{"taxonomy":"category","embeddable":true,"href":"https:\/\/redsemlac.com\/semmexico\/wp-json\/wp\/v2\/categories?post=27742"},{"taxonomy":"post_tag","embeddable":true,"href":"https:\/\/redsemlac.com\/semmexico\/wp-json\/wp\/v2\/tags?post=27742"}],"curies":[{"name":"wp","href":"https:\/\/api.w.org\/{rel}","templated":true}]}}