{"id":27677,"date":"2020-10-23T15:03:15","date_gmt":"2020-10-23T15:03:15","guid":{"rendered":"https:\/\/redsemlac.com\/semmexico\/?p=27677"},"modified":"2023-07-21T16:36:55","modified_gmt":"2023-07-21T21:36:55","slug":"mujeres-abren-camino-en-las-policias-de-investigacion","status":"publish","type":"post","link":"https:\/\/redsemlac.com\/semmexico\/mujeres-abren-camino-en-las-policias-de-investigacion\/","title":{"rendered":"Mujeres abren camino en las polic\u00edas de investigaci\u00f3n"},"content":{"rendered":"\n<ul class=\"wp-block-list\"><li><strong>Lidia Guadalupe L\u00f3pez al frente de una dif\u00edcil tarea: que las v\u00edctimas crean en las instituciones<\/strong><\/li><li><strong>Se ha incrementado la violencia contra las mujeres, una que siempre ha existido<\/strong><\/li><\/ul>\n\n\n\n<p class=\"wp-block-paragraph\"><strong>\u00c1ngeles G\u00f3mez<\/strong><\/p>\n\n\n\n<p class=\"wp-block-paragraph\">SemM\u00e9xico, Canc\u00fan, Quintana Roo., 23 de octubre, 2020.-&nbsp; Lidia Guadalupe L\u00f3pez tiene fresca en su memoria aquel octubre de 1995 cuando lleg\u00f3 por primera vez a la actual Fiscal\u00eda General del Estado, entonces ten\u00eda 23 a\u00f1os y no imaginaba que llegar\u00eda a ser la Coordinadora de Fiscal\u00edas Especializadas de la Polic\u00eda de Investigaci\u00f3n.<\/p>\n\n\n\n<p class=\"wp-block-paragraph\">La primera en desempe\u00f1ar este cargo, en una corporaci\u00f3n mayoritariamente masculina y donde las mujeres se han tenido que abrir camino.<\/p>\n\n\n\n<p class=\"wp-block-paragraph\">En casa, dice, se hab\u00edan quedado sus tres peque\u00f1as hijas, hoy mujeres hechas y derechas, que la ven con admiraci\u00f3n en el desempe\u00f1o de diversas \u00e1reas de la fiscal\u00eda, que toma en serio su presencia en los operativos y que a pesar del tiempo y la experiencia adquirida sigue condoli\u00e9ndose frente a la violencia machista que muchas veces en operativos le ha tocado atender.<\/p>\n\n\n\n<p class=\"wp-block-paragraph\">Su tarea es dirigir al personal de las fiscal\u00edas especializadas de la polic\u00eda de investigaci\u00f3n, mayoritariamente compuesta por varones para que hagan su trabajo de manera eficaz en las \u00e1reas de investigaci\u00f3n, an\u00e1lisis y de operatividad, una tarea que exige resultados por parte de las personas agraviadas, muchas de ellas mujeres.<\/p>\n\n\n\n<figure class=\"wp-block-gallery columns-2 is-cropped wp-block-gallery-1 is-layout-flex wp-block-gallery-is-layout-flex\"><ul class=\"blocks-gallery-grid\"><li class=\"blocks-gallery-item\"><figure><img loading=\"lazy\" decoding=\"async\" width=\"689\" height=\"303\" src=\"https:\/\/redsemlac.com\/semmexico\/wp-content\/uploads\/2020\/10\/quintana-1.jpg\" alt=\"\" data-id=\"27679\" data-full-url=\"https:\/\/redsemlac.com\/semmexico\/wp-content\/uploads\/2020\/10\/quintana-1.jpg\" data-link=\"https:\/\/redsemlac.com\/semmexico\/?attachment_id=27679\" class=\"wp-image-27679\"\/><\/figure><\/li><li class=\"blocks-gallery-item\"><figure><img loading=\"lazy\" decoding=\"async\" width=\"689\" height=\"391\" src=\"https:\/\/redsemlac.com\/semmexico\/wp-content\/uploads\/2020\/10\/quintana-2.jpg\" alt=\"\" data-id=\"27680\" data-full-url=\"https:\/\/redsemlac.com\/semmexico\/wp-content\/uploads\/2020\/10\/quintana-2.jpg\" data-link=\"https:\/\/redsemlac.com\/semmexico\/?attachment_id=27680\" class=\"wp-image-27680\"\/><\/figure><\/li><\/ul><\/figure>\n\n\n\n<p class=\"wp-block-paragraph\">En estos 25 a\u00f1os en la Fiscal\u00eda ha visto casos de violencia contra las mujeres, pero hoy son mucho m\u00e1s impactantes, sobre todo aquellos que tienen que ver con la violencia sexual y los feminicidios y, aun cuando son todos dif\u00edciles, le resultan a\u00fan m\u00e1s los que tienen que ver con las ni\u00f1as.<\/p>\n\n\n\n<p class=\"wp-block-paragraph\">Se pone en ese lugar y sabe que las mujeres, todas, en alg\u00fan momento de la vida pueden enfrentarse a esas agresiones.<\/p>\n\n\n\n<p class=\"wp-block-paragraph\">Las violencias contra las mujeres siempre han existido, pero hoy pareciera que son m\u00e1s los casos, demasiados, rectifica en la conversaci\u00f3n y sostiene que responder es su tarea, de esta manera las mujeres recobraran la confianza en las instituciones de procuraci\u00f3n de justicia.<\/p>\n\n\n\n<p class=\"wp-block-paragraph\">Muchas no denuncian, no llegan a los Ministerios P\u00fablicos y otras tienen temor de poner sus denuncias, y tambi\u00e9n hay quienes por falta de resultados inmediatos dejan sus casos, \u201cnecesitamos que las mujeres recobren la confianza\u201d.<\/p>\n\n\n\n<p class=\"wp-block-paragraph\">Sostiene que las instituciones han mejorado, se han creado mecanismo y pol\u00edticas p\u00fablicas desde la perspectiva de g\u00e9nero como la alerta violeta, existen ministerios p\u00fablicos m\u00f3viles y hay centros de justicia o fiscal\u00edas para mujeres. Poco a poco se mejora el sistema y eso tendr\u00e1 reflejarse en la respuesta, debe haber resultados favorables.<\/p>\n\n\n\n<p class=\"wp-block-paragraph\">En esa din\u00e1mica, explica, que est\u00e1 reciente su nombramiento y el de otras compa\u00f1eras de la corporaci\u00f3n. \u201cCuando yo inici\u00e9 \u00e9ramos cuatro mujeres y fue hasta hace unos 15 a\u00f1os que el n\u00famero de comandantas e investigadoras se increment\u00f3, nos fueron viendo y empezamos ascender en esos puestos que ocupaban solo hombres\u201d. Hoy en esta tarea hay m\u00e1s de 50 mujeres en la Fiscal\u00eda.<\/p>\n\n\n\n<p class=\"wp-block-paragraph\">Un trabajo dif\u00edcil, admite, en tanto sostiene que lo importante es seguir adelante, prepararse cada d\u00eda, \u201cy m\u00e1s que nada que te guste lo que haces, se requiere tambi\u00e9n vocaci\u00f3n y no darte por vencida\u201d.<\/p>\n\n\n\n<p class=\"wp-block-paragraph\">SEM\/ag\/<\/p>\n","protected":false},"excerpt":{"rendered":"<p>Se ha incrementado la violencia contra las mujeres, una que siempre ha existido<\/p>\n","protected":false},"author":3,"featured_media":27678,"comment_status":"open","ping_status":"open","sticky":false,"template":"","format":"standard","meta":{"_monsterinsights_skip_tracking":false,"footnotes":""},"categories":[691,51],"tags":[],"class_list":["post-27677","post","type-post","status-publish","format-standard","has-post-thumbnail","category-691","category-ejecutivo"],"_links":{"self":[{"href":"https:\/\/redsemlac.com\/semmexico\/wp-json\/wp\/v2\/posts\/27677","targetHints":{"allow":["GET"]}}],"collection":[{"href":"https:\/\/redsemlac.com\/semmexico\/wp-json\/wp\/v2\/posts"}],"about":[{"href":"https:\/\/redsemlac.com\/semmexico\/wp-json\/wp\/v2\/types\/post"}],"author":[{"embeddable":true,"href":"https:\/\/redsemlac.com\/semmexico\/wp-json\/wp\/v2\/users\/3"}],"replies":[{"embeddable":true,"href":"https:\/\/redsemlac.com\/semmexico\/wp-json\/wp\/v2\/comments?post=27677"}],"version-history":[{"count":0,"href":"https:\/\/redsemlac.com\/semmexico\/wp-json\/wp\/v2\/posts\/27677\/revisions"}],"wp:featuredmedia":[{"embeddable":true,"href":"https:\/\/redsemlac.com\/semmexico\/wp-json\/wp\/v2\/media\/27678"}],"wp:attachment":[{"href":"https:\/\/redsemlac.com\/semmexico\/wp-json\/wp\/v2\/media?parent=27677"}],"wp:term":[{"taxonomy":"category","embeddable":true,"href":"https:\/\/redsemlac.com\/semmexico\/wp-json\/wp\/v2\/categories?post=27677"},{"taxonomy":"post_tag","embeddable":true,"href":"https:\/\/redsemlac.com\/semmexico\/wp-json\/wp\/v2\/tags?post=27677"}],"curies":[{"name":"wp","href":"https:\/\/api.w.org\/{rel}","templated":true}]}}