{"id":27674,"date":"2020-10-23T14:45:17","date_gmt":"2020-10-23T14:45:17","guid":{"rendered":"https:\/\/redsemlac.com\/semmexico\/?p=27674"},"modified":"2023-07-21T16:36:55","modified_gmt":"2023-07-21T21:36:55","slug":"en-guerrero-persiste-la-negativa-a-depenalizar-el-aborto","status":"publish","type":"post","link":"https:\/\/redsemlac.com\/semmexico\/en-guerrero-persiste-la-negativa-a-depenalizar-el-aborto\/","title":{"rendered":"En Guerrero persiste la negativa a depenalizar el aborto"},"content":{"rendered":"\n<ul class=\"wp-block-list\"><li><strong>Los y las diputadas acusaron a la CONAVIN de querer usurpar las funciones del Congreso<\/strong><\/li><li><strong>La demanda de la Alerta por agravio comparado tiene 16 meses sin soluci\u00f3n<\/strong><\/li><li><strong>Feministas reprueban a congresistas por su negativa y falta de entendimiento<\/strong><\/li><\/ul>\n\n\n\n<p class=\"wp-block-paragraph\"><strong>Josefina Aguilar Pastor<\/strong><\/p>\n\n\n\n<p class=\"wp-block-paragraph\">SemM\u00e9xico. Chilpancingo, Gro., 23 de octubre de 2020.- El congreso del estado &nbsp;rechaz\u00f3 ayer eliminar los candados relacionados con la interrupci\u00f3n legal del embarazo producto de una violaci\u00f3n en menores, como lo establece la Norma 046 y que en Guerrero se pretend\u00eda incluir &nbsp;la Interrupci\u00f3n Legal del Embarazo, por voluntad de la mujer en el C\u00f3digo Penal. Ni una, ni otra cosa admitieron los y las diputadas.<\/p>\n\n\n\n<p class=\"wp-block-paragraph\">El dictamen que mantiene la prohibici\u00f3n se aprob\u00f3 con 25 votos a favor y 3 en contra.<\/p>\n\n\n\n<p class=\"wp-block-paragraph\">El argumento pol\u00edtico &nbsp;fue que la Comisi\u00f3n Nacional para Prevenir y Erradicar la Violencia contra las Mujeres (Conavim), pretende usurpar las funciones legislativas, toda vez que la aceptaci\u00f3n \u2013a\u00fan no resuelta- de una segunda Alerta de Violencia de G\u00e9nero contra las mujeres AVGM por agravio comparado que habr\u00eda solicitado a los diputados esta reforma, e incluso la Interrupci\u00f3n Legal del Embarazo en los t\u00e9rminos aprobados en la Ciudad de M\u00e9xico como el caso de Veracruz que se discute en la Suprema Corte de Justicia.<\/p>\n\n\n\n<p class=\"wp-block-paragraph\">Lo que hicieron los diputados fue desechar la reforma al art\u00edculo 159 del C\u00f3digo Penal del Estado de Guerrero, para eliminar todos &nbsp;los condados relacionados con la interrupci\u00f3n legal del embarazo producto de una violaci\u00f3n; mientras que &nbsp;en el caso de menores, &nbsp;de 18 a\u00f1os, la Secretar\u00eda de Salud&nbsp; no cumple con la norma, que permite que cuando &nbsp;se haga&nbsp; la denuncia de la violaci\u00f3n de una menor, no se debe &nbsp;esperar a la resoluci\u00f3n del ministerio p\u00fablico de que s\u00ed fue una violaci\u00f3n, y realizar el aborto, &nbsp;tal como lo establece la Norma.<\/p>\n\n\n\n<p class=\"wp-block-paragraph\">Ante ello aactivistas feministas, lamentaron y condenaron la posici\u00f3n de los diputados y diputadas por rechazar la propuesta que hizo la Conavim y el grupo de trabajo que estudia la AVGM por agravio comparado. Adem\u00e1s dijeron que hay casos de adolescentes abusadas sexualmente. Incluso sostuvieron que ha habido casos, donde las adolescentes han tenido que dar a luz, esperando la autorizaci\u00f3n del ministerio p\u00fablico.<\/p>\n\n\n\n<p class=\"wp-block-paragraph\">En la sesi\u00f3n de este jueves, Omar Jalil Flores Majul presidente de la comisi\u00f3n de Justicia, present\u00f3 el proyecto de decreto de la comisiones unidas de Justicia, Igualdad de G\u00e9nero y Salud, que declar\u00f3 improcedente, la propuesta hecha por la Conavim, para derogar parte de la fracci\u00f3n primera del art\u00edculo 159 del C\u00f3digo Penal para el Estado de Guerrero, n\u00famero 499, en relaci\u00f3n a la excluyente de responsabilidad penal, por el delito de aborto.<\/p>\n\n\n\n<p class=\"wp-block-paragraph\">En la discusi\u00f3n reiteraron que se trataba de una intromisi\u00f3n de la Conavim y el grupo de trabajo y solamente el Congreso puede iniciar o modifica leyes. Y que su determinaci\u00f3n es acorde con lo que establece la Constituci\u00f3n Pol\u00edtica de la entidad.<\/p>\n\n\n\n<p class=\"wp-block-paragraph\">Al razonar su voto en contra del dictamen, el morenita Arturo Mart\u00ednez N\u00fa\u00f1ez, reproch\u00f3 a las bancadas su postura; record\u00f3 que la solicitud de la AVGM por agravio comparado est\u00e1 detenida hace 16 meses. Y record\u00f3 que el informe del grupo de trabajo recomienda legislar la Interrupci\u00f3n Legal del Embarazo. Y dice textual que se propone estudiar, revisar y reformar la legislaci\u00f3n relacionada a la interrupci\u00f3n legal del embarazo por causal excluyente de violaci\u00f3n, en espec\u00edfico el art\u00edculo 159 del C\u00f3digo Penal del Estado de Guerrero.<\/p>\n\n\n\n<p class=\"wp-block-paragraph\">La panista, Guadalupe Gonz\u00e1lez Suastegui, reafirm\u00f3 el argumento esgrimido por el priista Omar Jalil, al asegurar que la Conavim y el grupo de trabajo pretendi\u00f3 usurpar las funciones de los y las legisladoras, al proponer una redacci\u00f3n del contenido del art\u00edculo 159.<\/p>\n\n\n\n<p class=\"wp-block-paragraph\">Por su parte Viridiana Guti\u00e9rrez Sotelo, integrante del Observatorio Ciudadano&nbsp;de las Violencias contra las Mujeres en&nbsp;Guerrero&nbsp;(OBVIO-Guerrero), acus\u00f3 a los 25 diputados y diputadas locales, de dejar a las mujeres en total desamparo de sus derechos.<\/p>\n\n\n\n<p class=\"wp-block-paragraph\">Luego se refiri\u00f3 al feminicidio de Ayel\u00edn Iczae Guti\u00e9rrez Marcelo en Tixtla, como ejemplo, de lo que pasa cuando las instancias correspondientes, no acatan las medidas de la AVGM y resultado de la incompetencia del estado en su conjunto, ejecutivo, legislativo y judicial.<\/p>\n\n\n\n<p class=\"wp-block-paragraph\">Hace ya cuatro a\u00f1os, que ocho municipios del Estado de Guerrero tiene declarada la AVGM por lo que el estado est\u00e1 obligado a cumplir con &nbsp;la &nbsp;prevenci\u00f3n, atenci\u00f3n, sanci\u00f3n y erradicaci\u00f3n de la violencia contra las mujeres.<\/p>\n\n\n\n<p class=\"wp-block-paragraph\">Aprovech\u00f3 para denunciar que en Guerrero contin\u00faa la violencia, las desapariciones de mujeres y acus\u00f3 la presidenta municipal y a el fiscal del estado, que no hicieron lo que correspond\u00eda en Tixtla, donde fue asesinada la menor de 13 a\u00f1os.<\/p>\n\n\n\n<p class=\"wp-block-paragraph\">Dijo que a la presidencia municipal le corresponden tareas de prevenci\u00f3n y atenci\u00f3n, al fiscal sancionar la violencia contra las mujeres, investigar e identificar a los criminales y al Estado le toca la protecci\u00f3n de toda la vida en Guerrero, \u201cy no est\u00e1n cumpliendo \u201c<\/p>\n\n\n\n<p class=\"wp-block-paragraph\">Guti\u00e9rrez Sotelo cuestion\u00f3 igualmente la actuaci\u00f3n de la diputada Erika Valencia Cardona, presidenta de la Comisi\u00f3n para la Igualdad de G\u00e9nero, a quien acus\u00f3 de no estar del lado de los derechos de las mujeres, porque tambi\u00e9n a favor de continuar criminalizando el aborta, y solamente le interesa la violencia pol\u00edtica, porque fue \u201cafectada\u201d.<\/p>\n\n\n\n<p class=\"wp-block-paragraph\">La representante de Obvio-Guerrero asegur\u00f3 que esta decisi\u00f3n de los diputados es un rev\u00e9s para el libre ejercicio de los derechos de las mujeres, \u201cno solo est\u00e1n atentando en contra del dictamen de Conavim, sino en contra de toda una legislaci\u00f3n internacional de la que tienen un total desconocimiento y no cumplen con la Ley general de Acceso de las Mujeres a una vida libre de violencia\u201d.<\/p>\n\n\n\n<p class=\"wp-block-paragraph\">Por otro lado, Yolitzin Jaimes Rend\u00f3n, de la colectiva \u201cLas Revueltas, opino; \u201ces terrible el dictamen. Hacen del proceso un episodio burocr\u00e1tico y m\u00e1s traumatizante para las mujeres. Es un atentado al derecho a decidir\u201d.<\/p>\n","protected":false},"excerpt":{"rendered":"<p>La demanda de la Alerta por agravio comparado tiene 16 meses sin soluci\u00f3n<\/p>\n","protected":false},"author":3,"featured_media":27675,"comment_status":"open","ping_status":"open","sticky":false,"template":"","format":"standard","meta":{"_monsterinsights_skip_tracking":false,"footnotes":""},"categories":[691,50],"tags":[],"class_list":["post-27674","post","type-post","status-publish","format-standard","has-post-thumbnail","category-691","category-congreso"],"_links":{"self":[{"href":"https:\/\/redsemlac.com\/semmexico\/wp-json\/wp\/v2\/posts\/27674","targetHints":{"allow":["GET"]}}],"collection":[{"href":"https:\/\/redsemlac.com\/semmexico\/wp-json\/wp\/v2\/posts"}],"about":[{"href":"https:\/\/redsemlac.com\/semmexico\/wp-json\/wp\/v2\/types\/post"}],"author":[{"embeddable":true,"href":"https:\/\/redsemlac.com\/semmexico\/wp-json\/wp\/v2\/users\/3"}],"replies":[{"embeddable":true,"href":"https:\/\/redsemlac.com\/semmexico\/wp-json\/wp\/v2\/comments?post=27674"}],"version-history":[{"count":0,"href":"https:\/\/redsemlac.com\/semmexico\/wp-json\/wp\/v2\/posts\/27674\/revisions"}],"wp:featuredmedia":[{"embeddable":true,"href":"https:\/\/redsemlac.com\/semmexico\/wp-json\/wp\/v2\/media\/27675"}],"wp:attachment":[{"href":"https:\/\/redsemlac.com\/semmexico\/wp-json\/wp\/v2\/media?parent=27674"}],"wp:term":[{"taxonomy":"category","embeddable":true,"href":"https:\/\/redsemlac.com\/semmexico\/wp-json\/wp\/v2\/categories?post=27674"},{"taxonomy":"post_tag","embeddable":true,"href":"https:\/\/redsemlac.com\/semmexico\/wp-json\/wp\/v2\/tags?post=27674"}],"curies":[{"name":"wp","href":"https:\/\/api.w.org\/{rel}","templated":true}]}}