{"id":27662,"date":"2020-10-22T21:42:05","date_gmt":"2020-10-22T21:42:05","guid":{"rendered":"https:\/\/redsemlac.com\/semmexico\/?p=27662"},"modified":"2023-07-21T16:36:55","modified_gmt":"2023-07-21T21:36:55","slug":"el-feminismo-a-dos-fuegos-entre-el-populismo-y-la-derecha-profunda-y-realmente-conservadora","status":"publish","type":"post","link":"https:\/\/redsemlac.com\/semmexico\/el-feminismo-a-dos-fuegos-entre-el-populismo-y-la-derecha-profunda-y-realmente-conservadora\/","title":{"rendered":"El feminismo a dos fuegos: entre el populismo y la derecha profunda y realmente conservadora"},"content":{"rendered":"\n<p class=\"wp-block-paragraph\">S\u00ed por M\u00e9xico, no se deje enga\u00f1ar, conspira contra las mujeres y tiene recursos&nbsp;<\/p>\n\n\n\n<p class=\"wp-block-paragraph\">El estilo personal de gobernar de AMLO, ha despertado al M\u00e9xico que nos pone en peligro&nbsp;<\/p>\n\n\n\n<p class=\"wp-block-paragraph\">Sara Lovera<\/p>\n\n\n\n<p class=\"wp-block-paragraph\">SemM\u00e9xico. Cd. de M\u00e9xico. 22 de octubre de 2020.- La agenda de igualdad, defendida durante m\u00e1s de 100 a\u00f1os por las mexicanas progresistas, liberales y feministas hoy est\u00e1 en medio de una doble amenaza. No hablo de derechos establecidos en el andamiaje legal, ni del avance num\u00e9rico de las mujeres en la representaci\u00f3n pol\u00edtica y los espacios de poder o de toma de decisiones, porque M\u00e9xico en eso recuper\u00f3 su vanguardia global, sino del contenido de esa agenda y sus alcances sociales e ideol\u00f3gicos.<\/p>\n\n\n\n<p class=\"wp-block-paragraph\">Por una parte se enfrenta a las resistencias machistas, en todos los niveles del funcionariado p\u00fablico, en todos los \u00e1mbitos de la vida de relaciones sociales, los medios de comunicaci\u00f3n y frente al sistema de justicia y por la otra a una ideolog\u00eda que amenaza con hacernos retroceder m\u00e1s de 100 a\u00f1os, inscrita tanto entre la clase pol\u00edtica y la m\u00e1xima magistratura y&nbsp;&nbsp;ahora en los movimientos que intentan \u201chacer el contrapeso\u201d a una presidencia imperial.<\/p>\n\n\n\n<p class=\"wp-block-paragraph\">Hemos experimentado en estos casi tres a\u00f1os, desde la campa\u00f1a electoral de Andr\u00e9s L\u00f3pez Obrador, un estilo personal de gobernar situado fundamentalmente en un discurso pol\u00edtico estigmatizante, descalificador, atropellado y fan\u00e1tico que est\u00e1 escalando a la polarizaci\u00f3n social y el desencuentro, entre a quienes se ubican en lo que define como el privilegio, la corrupci\u00f3n y el pasado neoliberal.<\/p>\n\n\n\n<p class=\"wp-block-paragraph\">El presidente de la Rep\u00fablica, como en los mejores tiempos del poder absoluto del partido de Estado, creador de la \u201cdictadura perfecta\u201d como la llam\u00f3 el premio nobel de literatura Mario Vargas Llosa o la \u201cpresidencia imperial\u201d como la calific\u00f3 el historiador Enrique Krauze, desde el p\u00f3dium cotidiano de sus \u201cma\u00f1aneras\u201d, califica, descalifica, acusa y provoca a quienes critican o se oponen a sus pol\u00edtica seriamente y argumentada. En las Ma\u00f1aneras desde donde gobierna, decide, modifica leyes, derrumba las t\u00edmidas acciones de lo que llamamos Transici\u00f3n a la Democracia y en la pr\u00e1ctica concentra los espacios de los tres poderes de la uni\u00f3n.<\/p>\n\n\n\n<p class=\"wp-block-paragraph\">En esas ma\u00f1aneras ha llamado a las mujeres feministas y a sus agendas a que \u201cno se equivoquen\u201d para instalar una pol\u00edtica p\u00fablica enfocada estrictamente a su visi\u00f3n cristiana, facilista y asistencial, que nos coloca en el lugar discriminado, obediente y vulnerable en que siempre nos han querido mantener: las mujeres son para las otras y otros; para la maternidad y para el aliento y apoyo de ellos.&nbsp;<\/p>\n\n\n\n<p class=\"wp-block-paragraph\">Nos ha llamado, a las feministas, conservadoras, manejadas por oscuros intereses y absurdos. Silencia sistem\u00e1ticamente la violencia de g\u00e9nero como resultado de la discriminaci\u00f3n y dice velar sustantivamente s\u00f3lo por las m\u00e1s pobres. Todos los remedios para su situaci\u00f3n son el reparto de lo que llama \u201capoyos\u201d \u2013siempre econ\u00f3micos- y no derechos.<\/p>\n\n\n\n<p class=\"wp-block-paragraph\">Por otro lado, esa pol\u00edtica polarizante y prepotente, muchas veces, m\u00e1s de lo que yo quisiera, enfocada a desmantelar un sistema de injusticia, de acumulaci\u00f3n desmedida de la riqueza para unos cuantos, de enga\u00f1o, abuso y corrupci\u00f3n. Diagn\u00f3stico atinado. Sabemos que el sistema as\u00ed funciona, no hay duda.<\/p>\n\n\n\n<p class=\"wp-block-paragraph\">Las decisiones de la actual administraci\u00f3n, muchas con raz\u00f3n, pero apresuradas sin di\u00e1logo y sin escucha est\u00e1 colocando a M\u00e9xico en una situaci\u00f3n muy complicada. Ya lo dijo el intelectual y pol\u00edtico veracruzano don Jes\u00fas Reyes Heroles \u201cM\u00e1s vale que no despierten al M\u00e9xico bronco\u201d y al recomendar: \u201cse avanza, no se brinca\u201d.&nbsp;<\/p>\n\n\n\n<p class=\"wp-block-paragraph\">Se dir\u00eda que en 2018 despert\u00f3 el \u201cM\u00e9xico bronco\u201d, ese que hoy muestra su confusi\u00f3n y contrariedad ante&nbsp;esas medidas, ese enfrentamiento dislocado pero&nbsp;&nbsp;paralelamente anuncia su peligrosa aparici\u00f3n el M\u00e9xico, ese rescoldo hist\u00f3rico de la derecha profunda, esa s\u00ed conservadora y atrasada, la que a todas las posturas, demandas, principios, luchas y aspiraciones feministas de izquierda dice no\u00a1.<\/p>\n\n\n\n<p class=\"wp-block-paragraph\">Un grupo que la \u201cpresidencia imperial\u201d mantuvo fuera de la acci\u00f3n pol\u00edtica activa, visible y militante que hoy est\u00e1 representada por el movimiento S\u00ed Por M\u00e9xico https:\/\/www.sipormexico.org\/ .<\/p>\n\n\n\n<p class=\"wp-block-paragraph\">\u00a1Alarma\u00a1 Este movimiento, en que se han enrolado algunas personas que hemos pensado \u201cprogresistas\u201d, con una agenda que pretende incluir, sobre todo personas&nbsp;&nbsp;desesperadas \u2013con raz\u00f3n- manifestantes y organizaciones de mujeres j\u00f3venes y anarquistas, de madres v\u00edctimas del feminicidio y&nbsp;&nbsp;la violencia; a las madres y padres de la ni\u00f1ez con c\u00e1ncer; a quienes encuentran las puertas cerradas a sus demandas de atenci\u00f3n a sus derechos humanos, aparentemente o no tan aparentemente marginados de la pol\u00edtica discursiva y latente del presidente de la Rep\u00fablica.<\/p>\n\n\n\n<p class=\"wp-block-paragraph\">\u00a1Peligro\u00a1 mayor\u00eda de las 380 organizaciones civiles que dice aglutinar S\u00ed por M\u00e9xico, est\u00e1n exactamente quienes con dinero, recursos tecnol\u00f3gicos, rostros amables y sugestivos, est\u00e1n militantemente, a veces agresivamente, contra los derechos sexuales y reproductivos de las mujeres; contra los matrimonios del mismo sexo; contra la libertad y los derechos&nbsp;&nbsp;de la infancia y contra el feminismo.<\/p>\n\n\n\n<p class=\"wp-block-paragraph\">Ah\u00ed est\u00e1n la Asociaci\u00f3n Nacional de Padres de Familia con sucursales en todo el pa\u00eds; Las Lupitas antiabortistas; la COPARMEX y sus 32 filiales; \u2013que coptan a j\u00f3venes con embarazos no deseados-; el Movimiento Orden y Restauraci\u00f3n por M\u00e9xico; Nada nos Detiene, la Asociaci\u00f3n Nacional de Mujeres Empresarias, Pro Vida y sus filiales; movimientos \u201cen favor de los valores\u201d y dos centenares m\u00e1s que tienen estructuras en todo el pa\u00eds y misma ideolog\u00eda.&nbsp;<\/p>\n\n\n\n<p class=\"wp-block-paragraph\">A este M\u00e9xico, profundamente conservador, es al que ha despertado Andr\u00e9s Manuel L\u00f3pez Obrador con su estilo personal de gobernar, confront\u00e1ndolos todos los d\u00edas con palabras y algunas acciones. En la tentaci\u00f3n de ahora s\u00ed, establecer lazos con los partidos pol\u00edticos y desplegar una inmensa campa\u00f1a reactiva, que no lo eche usted a la basura porque adem\u00e1s de sus capitales, est\u00e1 imitando en frases, acciones y movilizaciones callejeras y sus medios de comunicaci\u00f3n y voceros pedestres, al verdadero movimiento ciudadano, despreciado y humillado por el Presidente. Veremos<\/p>\n\n\n\n<p class=\"wp-block-paragraph\">saraloveralopez@gmail.com @SaraLoveraLpez<\/p>\n","protected":false},"excerpt":{"rendered":"<p>S\u00ed por M\u00e9xico, no se deje enga\u00f1ar, conspira contra las mujeres y tiene recursos&nbsp; El estilo personal de gobernar de AMLO, ha despertado al M\u00e9xico que nos pone en peligro&nbsp; Sara Lovera SemM\u00e9xico. Cd. de M\u00e9xico. 22 de octubre de 2020.- La agenda de igualdad, defendida durante m\u00e1s de 100 a\u00f1os por las mexicanas progresistas, [&hellip;]<\/p>\n","protected":false},"author":3,"featured_media":27667,"comment_status":"open","ping_status":"open","sticky":false,"template":"","format":"standard","meta":{"_monsterinsights_skip_tracking":false,"footnotes":""},"categories":[691,95,69],"tags":[],"class_list":["post-27662","post","type-post","status-publish","format-standard","has-post-thumbnail","category-691","category-palabra-de-antigona","category-sara-lovera"],"_links":{"self":[{"href":"https:\/\/redsemlac.com\/semmexico\/wp-json\/wp\/v2\/posts\/27662","targetHints":{"allow":["GET"]}}],"collection":[{"href":"https:\/\/redsemlac.com\/semmexico\/wp-json\/wp\/v2\/posts"}],"about":[{"href":"https:\/\/redsemlac.com\/semmexico\/wp-json\/wp\/v2\/types\/post"}],"author":[{"embeddable":true,"href":"https:\/\/redsemlac.com\/semmexico\/wp-json\/wp\/v2\/users\/3"}],"replies":[{"embeddable":true,"href":"https:\/\/redsemlac.com\/semmexico\/wp-json\/wp\/v2\/comments?post=27662"}],"version-history":[{"count":0,"href":"https:\/\/redsemlac.com\/semmexico\/wp-json\/wp\/v2\/posts\/27662\/revisions"}],"wp:featuredmedia":[{"embeddable":true,"href":"https:\/\/redsemlac.com\/semmexico\/wp-json\/wp\/v2\/media\/27667"}],"wp:attachment":[{"href":"https:\/\/redsemlac.com\/semmexico\/wp-json\/wp\/v2\/media?parent=27662"}],"wp:term":[{"taxonomy":"category","embeddable":true,"href":"https:\/\/redsemlac.com\/semmexico\/wp-json\/wp\/v2\/categories?post=27662"},{"taxonomy":"post_tag","embeddable":true,"href":"https:\/\/redsemlac.com\/semmexico\/wp-json\/wp\/v2\/tags?post=27662"}],"curies":[{"name":"wp","href":"https:\/\/api.w.org\/{rel}","templated":true}]}}