{"id":27659,"date":"2020-10-22T19:37:11","date_gmt":"2020-10-22T19:37:11","guid":{"rendered":"https:\/\/redsemlac.com\/semmexico\/?p=27659"},"modified":"2023-07-21T16:36:55","modified_gmt":"2023-07-21T21:36:55","slug":"organismos-internacionales-de-defensa-de-la-liberta-de-expresion-piden-a-amlo-condene-agresiones-a-periodistas","status":"publish","type":"post","link":"https:\/\/redsemlac.com\/semmexico\/organismos-internacionales-de-defensa-de-la-liberta-de-expresion-piden-a-amlo-condene-agresiones-a-periodistas\/","title":{"rendered":"Organismos Internacionales de defensa de la libertad de expresi\u00f3n piden a AMLO condene agresiones a periodistas"},"content":{"rendered":"\n<ul class=\"wp-block-list\"><li><strong>Advierten del peligroso discurso oficial estigmatizante contra la prensa porque pone en riesgo a su labor<\/strong><\/li><\/ul>\n\n\n\n<ul class=\"wp-block-list\"><li><strong>De enero de 2019 a la fecha han asesinado a 16 periodistas y se reportan 406 agresiones en 2020<\/strong><\/li><\/ul>\n\n\n\n<ul class=\"wp-block-list\"><li><strong>Solicitan \u201crespetuosamente\u201d una reuni\u00f3n de alto nivel para tratar el tema<\/strong><\/li><\/ul>\n\n\n\n<p class=\"wp-block-paragraph\">&nbsp;Atenea Mej\u00eda<\/p>\n\n\n\n<p class=\"wp-block-paragraph\">SemM\u00e9xico. Cd. de M\u00e9xico, 22 octubre, 2020. Organizaciones civiles internacionales que velan por la defensa de las y los periodistas, as\u00ed como por la libertad de prensa, solicitaron hoy al presidente de M\u00e9xico Andr\u00e9s Manuel L\u00f3pez Obrador, condene p\u00fablicamente los 16 asesinatos de periodistas que se han registrado de enero de 2019 a la fecha y que reconozca a la labor period\u00edstica como vital para la democracia.<\/p>\n\n\n\n<p class=\"wp-block-paragraph\">A los asesinatos, se suman 406 agresiones contra medios y periodistas seg\u00fan document\u00f3 la organizaci\u00f3n Article 19, en el primer semestre de este a\u00f1o. Ello representa casi el doble de la registrada durante el primer semestre del a\u00f1o pasado. La mayor\u00eda de los ataques son causados por funcionarios p\u00fablicos.&nbsp;<\/p>\n\n\n\n<p class=\"wp-block-paragraph\">Las cifras anteriores se sostienen en una carta que enviaron este d\u00eda al presidente de la Rep\u00fablica, firmada por Article 19, Oficina Regional para M\u00e9xico y Centroam\u00e9rica (A19), Reporteros sin Fronteras (RSF) y el Comit\u00e9 para la Protecci\u00f3n de Periodistas (CPJ, por sus siglas en ingl\u00e9s), en la que le solicitan \u201chacer un llamado p\u00fablico a la ciudadan\u00eda a no agredir ni amenazar periodistas que cubren las ma\u00f1aneras y a debatir respetuosamente con la prensa\u201d.<\/p>\n\n\n\n<p class=\"wp-block-paragraph\">En el documento le dicen que como organizaciones civiles requieren \u201cuna reuni\u00f3n de trabajo de alto nivel, con usted, con las personas titulares de Secretar\u00eda de Gobernaci\u00f3n y de la Coordinaci\u00f3n General de Comunicaci\u00f3n Social de la Presidencia\u201d.<\/p>\n\n\n\n<p class=\"wp-block-paragraph\">Hicieron hincapi\u00e9 en que se dirigen de manera respetuosa, pero que est\u00e1n preocupados y preocupadas \u201csobre el actual clima de estigmatizaci\u00f3n de la prensa en M\u00e9xico\u201d y se\u00f1alan que durante el periodo de enero de 2019 a la fecha, \u201chemos documentado al menos 16 asesinatos de periodistas\u201d.<\/p>\n\n\n\n<p class=\"wp-block-paragraph\">De acuerdo a RSF, desde 2003 a octubre 2020, M\u00e9xico registra 21 desapariciones de reporteros y seg\u00fan el \u00cdndice Global de Impunidad del CPJ del 2019, M\u00e9xico se ubica en el s\u00e9ptimo lugar mundial con el segundo n\u00famero m\u00e1s alto de casos de asesinatos de periodistas sin justicia, lo que convierte a M\u00e9xico en el pa\u00eds m\u00e1s letal para el gremio sin situaci\u00f3n de guerra.<\/p>\n\n\n\n<p class=\"wp-block-paragraph\">Le recuerdan que este contexto persiste a pesar de su compromiso manifiesto de garantizar el ejercicio de la libertad de expresi\u00f3n al tomar protesta el primero de diciembre del 2018.<\/p>\n\n\n\n<p class=\"wp-block-paragraph\">La carta dice textualmente: \u201cse\u00f1or presidente, hemos documentado que, lamentablemente, el discurso estigmatizante a medios y periodistas se ha replicado tanto a nivel estatal como municipal, generando contextos en que las declaraciones contrarias al periodismo son la pol\u00edtica de comunicaci\u00f3n de distintos funcionarios p\u00fablicos.<\/p>\n\n\n\n<p class=\"wp-block-paragraph\">\u201cHemos documentado una variedad de casos de medios y periodistas que, a ra\u00edz de discursos estigmatizantes, sufrieron amenazas de muerte, hostigamiento e intimidaci\u00f3n. Nos referimos tambi\u00e9n a aquellos casos, donde distintos periodistas que le han realizado cuestionamientos durante las conferencias ma\u00f1aneras de su gobierno, inmediatamente han sido atacados en redes sociales e incluso amenazados\u201d.<\/p>\n\n\n\n<p class=\"wp-block-paragraph\">Le explican que sus declaraciones y actitudes en sus apariciones p\u00fablicas pueden influir en el comportamiento de otros funcionarios, incluso alentar a la poblaci\u00f3n a tomar la misma actitud frente a la prensa; \u201cqueremos destacar como ejemplo la presentaci\u00f3n que realiz\u00f3 este 15 de octubre durante la conferencia de prensa matutina desde Palacio Nacional, en que mostr\u00f3 una lista de medios y columnistas que, seg\u00fan Usted, habr\u00edan publicado art\u00edculos negativos sobre su gobierno\u201d.&nbsp;<\/p>\n\n\n\n<p class=\"wp-block-paragraph\">Le recuerdan la postura de la Asamblea General de las Naciones Unidas y la Corte Interamericana Derechos Humanos, quienes en declaraciones y jurisprudencia, sostienen respectivamente, \u201cque discursos estigmatizantes y estereot\u00edpicos de la labor period\u00edstica afecta de forma negativa la libertad de expresi\u00f3n.\u201d<\/p>\n\n\n\n<p class=\"wp-block-paragraph\">Finalmente dicen que \u201cquienes firmamos esta carta, reconocemos la importancia de debatir l\u00edneas editoriales o posturas pol\u00edticas, pero siempre que los desacuerdos no impliquen ubicar en una situaci\u00f3n de mayor vulnerabilidad a periodistas para ser atacados\u201d.&nbsp;<\/p>\n","protected":false},"excerpt":{"rendered":"<p>De enero de 2019 a la fecha han asesinado a 16 periodistas y se reportan 406 agresiones en 2020<\/p>\n","protected":false},"author":3,"featured_media":27660,"comment_status":"open","ping_status":"open","sticky":false,"template":"","format":"standard","meta":{"_monsterinsights_skip_tracking":false,"footnotes":""},"categories":[691,55],"tags":[],"class_list":["post-27659","post","type-post","status-publish","format-standard","has-post-thumbnail","category-691","category-periodistas"],"_links":{"self":[{"href":"https:\/\/redsemlac.com\/semmexico\/wp-json\/wp\/v2\/posts\/27659","targetHints":{"allow":["GET"]}}],"collection":[{"href":"https:\/\/redsemlac.com\/semmexico\/wp-json\/wp\/v2\/posts"}],"about":[{"href":"https:\/\/redsemlac.com\/semmexico\/wp-json\/wp\/v2\/types\/post"}],"author":[{"embeddable":true,"href":"https:\/\/redsemlac.com\/semmexico\/wp-json\/wp\/v2\/users\/3"}],"replies":[{"embeddable":true,"href":"https:\/\/redsemlac.com\/semmexico\/wp-json\/wp\/v2\/comments?post=27659"}],"version-history":[{"count":0,"href":"https:\/\/redsemlac.com\/semmexico\/wp-json\/wp\/v2\/posts\/27659\/revisions"}],"wp:featuredmedia":[{"embeddable":true,"href":"https:\/\/redsemlac.com\/semmexico\/wp-json\/wp\/v2\/media\/27660"}],"wp:attachment":[{"href":"https:\/\/redsemlac.com\/semmexico\/wp-json\/wp\/v2\/media?parent=27659"}],"wp:term":[{"taxonomy":"category","embeddable":true,"href":"https:\/\/redsemlac.com\/semmexico\/wp-json\/wp\/v2\/categories?post=27659"},{"taxonomy":"post_tag","embeddable":true,"href":"https:\/\/redsemlac.com\/semmexico\/wp-json\/wp\/v2\/tags?post=27659"}],"curies":[{"name":"wp","href":"https:\/\/api.w.org\/{rel}","templated":true}]}}