{"id":27503,"date":"2020-10-20T17:01:06","date_gmt":"2020-10-20T17:01:06","guid":{"rendered":"https:\/\/redsemlac.com\/semmexico\/?p=27503"},"modified":"2023-07-21T16:36:59","modified_gmt":"2023-07-21T21:36:59","slug":"guillermo-soberon-cientifico-y-politico","status":"publish","type":"post","link":"https:\/\/redsemlac.com\/semmexico\/guillermo-soberon-cientifico-y-politico\/","title":{"rendered":"Guillermo Sober\u00f3n, cient\u00edfico y pol\u00edtico"},"content":{"rendered":"\n<p class=\"wp-block-paragraph\"><strong>Florencio Salazar Adame<\/strong><\/p>\n\n\n\n<p class=\"wp-block-paragraph\">SemM\u00e9xico. 20 de octubre 2020.- Al doctor Guillermo Sober\u00f3n Acevedo le hubiese gustado nacer en el Siglo XIX. Afortunadamente naci\u00f3 en el Siglo XX y su legado trasciende al tiempo que vivimos. En realidad \u00e9l es hijo leg\u00edtimo del Renacimiento, cuando se divulg\u00f3 la cultura y el conocimiento centrando su inter\u00e9s en el ser humano.<\/p>\n\n\n\n<p class=\"wp-block-paragraph\">Cient\u00edfico, educador y servidor p\u00fablico de la salud sirvi\u00f3 con pasi\u00f3n a M\u00e9xico. Nacido en Iguala de la Independencia en 1925, a los 48 a\u00f1os de edad fue electo rector de la Universidad Nacional Aut\u00f3noma de M\u00e9xico. Cargo que desempe\u00f1ar\u00eda durante ocho a\u00f1os, correspondientes a dos periodos.<\/p>\n\n\n\n<p class=\"wp-block-paragraph\">Los medios informaron ampliamente sobre su toma de posesi\u00f3n. Rindi\u00f3 protesta como rector en uno de los estacionamientos de Ciudad Universitaria. Un grupo de radicales hab\u00eda tomado la Rector\u00eda y exig\u00eda la renuncia de Guillermo Sober\u00f3n. Al asumir con ese conflicto, tambi\u00e9n asumi\u00f3 el riesgo y el liderazgo.<\/p>\n\n\n\n<p class=\"wp-block-paragraph\">Dio una lecci\u00f3n inicial en su rectorado: la universidad para mantener su universalidad, la libertad de c\u00e1tedra y la libre circulaci\u00f3n de las ideas, debe ser antes que nada universidad; a la cual no es ajena la pol\u00edtica, pero sin militancia. La diversidad y la tolerancia sufrir\u00edan grave menoscabo si estuvieran sometidas a la ideolog\u00eda y al inter\u00e9s partidario.<\/p>\n\n\n\n<p class=\"wp-block-paragraph\">El perfil paterno proyecta la vocaci\u00f3n del doctor Guillermo Sober\u00f3n Acevedo. Por vocaci\u00f3n, se dedica a la investigaci\u00f3n cient\u00edfica y muestra talento pol\u00edtico.<\/p>\n\n\n\n<p class=\"wp-block-paragraph\">La investigaci\u00f3n cient\u00edfica es la b\u00fasqueda en la incertidumbre de la certeza; y el mundo de la pol\u00edtica, la certeza en la incertidumbre. En las sociedades libres y democr\u00e1ticas, la ciencia y la pol\u00edtica avanzan paralelas, con un di\u00e1logo que suele ser distante.<\/p>\n\n\n\n<p class=\"wp-block-paragraph\">Ambos \u2013el cient\u00edfico y el pol\u00edtico\u2013 requieren de la soledad. Uno, para el avance de la ciencia; el otro, para no pervertir el poder. Como dice Max Weber, uno y otro necesitan la vocaci\u00f3n apasionada. El fuego interno para trascender a s\u00ed mismos y a su \u00e9poca.<\/p>\n\n\n\n<p class=\"wp-block-paragraph\">Era, como \u00e9l mismo lo dijo, \u201ccurioso\u201d. La curiosidad es el fundamento del conocimiento, lo mismo en S\u00f3crates, que quiso conocer \u2013en el \u00faltimo momento de su vida sacrificada\u2013 una nota de flauta; en Cop\u00e9rnico, que demostr\u00f3 la existencia de nuestro sistema solar; o la manzana de Newton.<\/p>\n\n\n\n<p class=\"wp-block-paragraph\">Del empirismo a la investigaci\u00f3n cient\u00edfica existe y existir\u00e1 la fuerza impulsora de la curiosidad. En el por qu\u00e9 ocurren las cosas, se encuentran causas y consecuencias que conducen a responder antiguas preguntas y nuevas preocupaciones. Pero la curiosidad es observaci\u00f3n, es la dilatada y profunda mirada a los propios seres humanos, a su entorno, a sus angustias. La curiosidad es creadora de experiencia \u00fatil y enriquecida.<\/p>\n\n\n\n<p class=\"wp-block-paragraph\">Al recibir la Presea Sentimientos de la Naci\u00f3n de la LVI Legislatura del Estado, Sober\u00f3n Acevedo, habl\u00f3 de los falsos dilemas en materia de salud, se\u00f1alando: \u201cEs tan importante combatir la pobreza y superar los rezagos de salud\u201d, como enfrentar las enfermedades cr\u00f3nicas y letales, por lo cual \u201cse deben instrumentar intervenciones costo-efectivas y formas de protecci\u00f3n financiera para los pobres\u201d.<\/p>\n\n\n\n<p class=\"wp-block-paragraph\">El doctor Sober\u00f3n Acevedo vio a la muerte con naturalidad consciente de que \u201cs\u00f3lo se viven las muertes de los dem\u00e1s\u201d, y declar\u00f3 querer ser recordado \u201cl\u00e9ala sus principios y pugn\u00f3 por metas importantes\u201d. Observando su trayectoria, fue consecuente.<\/p>\n\n\n\n<p class=\"wp-block-paragraph\">Por ese motivo, su fallecimiento el pasado d\u00eda 12 de este mes de octubre, fue la conclusi\u00f3n de una tarea, el final de una vida satisfecha, una memoria que enriquece la nuestra.<\/p>\n\n\n\n<p class=\"wp-block-paragraph\">Despu\u00e9s de Ignacio Manuel Altamirano, no hay guerrerense m\u00e1s notable que Guillermo Sober\u00f3n Acevedo.<\/p>\n\n\n\n<p class=\"wp-block-paragraph\">\u00c9l, como Marco Aurelio, \u201cdio fe de su filosof\u00eda no con palabras ni afirmaciones te\u00f3ricas de sus creencias, sino con su car\u00e1cter digno y su virtuosa conducta\u201d.<\/p>\n\n\n\n<p class=\"wp-block-paragraph\">Guillermo Sober\u00f3n Acevedo, reposa en la conciencia nacional.<\/p>\n\n\n\n<p class=\"wp-block-paragraph\"><em>* S\u00edntesis de las palabras del licenciado Florencio Salazar Adame, secretario general de Gobierno, a nombre del gobierno del Estado de Guerrero, en el homenaje luctuoso al doctor Guillermo Sober\u00f3n Acevedo, presidido por el gobernador del estado, licenciado H\u00e9ctor Astudillo Flores. Chilpancingo, Guerrero, 16 de octubre de 2020.<\/em><\/p>\n","protected":false},"excerpt":{"rendered":"<p>Al doctor Guillermo Sober\u00f3n Acevedo le hubiese gustado nacer en el Siglo XIX. <\/p>\n","protected":false},"author":3,"featured_media":27504,"comment_status":"open","ping_status":"open","sticky":false,"template":"","format":"standard","meta":{"_monsterinsights_skip_tracking":false,"footnotes":""},"categories":[691,199,110,35],"tags":[],"class_list":["post-27503","post","type-post","status-publish","format-standard","has-post-thumbnail","category-691","category-florencio-salazar-adame","category-la-opinion-columnas","category-opinion"],"_links":{"self":[{"href":"https:\/\/redsemlac.com\/semmexico\/wp-json\/wp\/v2\/posts\/27503","targetHints":{"allow":["GET"]}}],"collection":[{"href":"https:\/\/redsemlac.com\/semmexico\/wp-json\/wp\/v2\/posts"}],"about":[{"href":"https:\/\/redsemlac.com\/semmexico\/wp-json\/wp\/v2\/types\/post"}],"author":[{"embeddable":true,"href":"https:\/\/redsemlac.com\/semmexico\/wp-json\/wp\/v2\/users\/3"}],"replies":[{"embeddable":true,"href":"https:\/\/redsemlac.com\/semmexico\/wp-json\/wp\/v2\/comments?post=27503"}],"version-history":[{"count":0,"href":"https:\/\/redsemlac.com\/semmexico\/wp-json\/wp\/v2\/posts\/27503\/revisions"}],"wp:featuredmedia":[{"embeddable":true,"href":"https:\/\/redsemlac.com\/semmexico\/wp-json\/wp\/v2\/media\/27504"}],"wp:attachment":[{"href":"https:\/\/redsemlac.com\/semmexico\/wp-json\/wp\/v2\/media?parent=27503"}],"wp:term":[{"taxonomy":"category","embeddable":true,"href":"https:\/\/redsemlac.com\/semmexico\/wp-json\/wp\/v2\/categories?post=27503"},{"taxonomy":"post_tag","embeddable":true,"href":"https:\/\/redsemlac.com\/semmexico\/wp-json\/wp\/v2\/tags?post=27503"}],"curies":[{"name":"wp","href":"https:\/\/api.w.org\/{rel}","templated":true}]}}