{"id":27476,"date":"2020-10-19T21:48:04","date_gmt":"2020-10-19T21:48:04","guid":{"rendered":"https:\/\/redsemlac.com\/semmexico\/?p=27476"},"modified":"2023-07-21T16:37:00","modified_gmt":"2023-07-21T21:37:00","slug":"sinuoso-el-camino-de-las-mexicanas-en-el-ejercicio-de-la-politica","status":"publish","type":"post","link":"https:\/\/redsemlac.com\/semmexico\/sinuoso-el-camino-de-las-mexicanas-en-el-ejercicio-de-la-politica\/","title":{"rendered":"Sinuoso el camino de las mexicanas en el ejercicio de la pol\u00edtica"},"content":{"rendered":"\n<ul class=\"wp-block-list\"><li><strong>La paridad una asignatura pendiente en los ayuntamientos<\/strong><\/li><li><strong>A 67 a\u00f1os del voto, hay mucho trabajo para alcanzar la verdadera igualdad<\/strong><\/li><\/ul>\n\n\n\n<p class=\"wp-block-paragraph\"><strong>Olga Rosario Avenda\u00f1o<\/strong><\/p>\n\n\n\n<p class=\"wp-block-paragraph\">SemM\u00e9xico, Cd. de M\u00e9xico, 19 de octubre, 2020.- A 67 a\u00f1os de haberse logrado el derecho al voto para las mujeres en M\u00e9xico, aun no se puede hablar de festejar esta acci\u00f3n, m\u00e1s bien, se tiene que seguir trabajando para que exista una verdadera igualdad, coincidieron las participantes del panel: Los compromisos y retos para garantizar el sufragio de las mujeres ante la discriminaci\u00f3n, violencia y contingencia sanitaria.<\/p>\n\n\n\n<p class=\"wp-block-paragraph\">En el panel organizado por el Instituto Nacional Electoral (INE), el Tribunal Electoral del Poder Judicial de la Federaci\u00f3n (TEPDF) y el Instituto Nacional de las Mujeres (INMUJERES), la presidenta de la C\u00e1mara de Diputadas y Diputados, Dulce Mar\u00eda Sauri Riancho, dijo que la violencia contra las mujeres es el \u201crostro visible de la discriminaci\u00f3n\u201d.<\/p>\n\n\n\n<p class=\"wp-block-paragraph\">Agreg\u00f3 que en estos tiempos de pandemia queda claro que son las mujeres quienes llevan la mayor carga en los cuidados, por lo que \u201cno se puede dar por sentado que se tienen los mismos derechos, cuando entre sus actividades tambi\u00e9n est\u00e1 el de ser cuidadoras\u201d.<\/p>\n\n\n\n<p class=\"wp-block-paragraph\">En este sentido, dijo que los Tres Poderes del Estado tienen la obligaci\u00f3n de generar pol\u00edticas p\u00fablicas para revertir esta realidad, \u201ctenemos que hacerlo por todos los causes, son nuevos tiempos que exigen nuevas respuestas\u201d.<\/p>\n\n\n\n<p class=\"wp-block-paragraph\">Por su parte la titular del INMUJERES, Nadine Gasman Zylbermann, afirm\u00f3 que el 67 aniversario del voto de la mujer \u201caun no puede ser sin\u00f3nimo de festejo\u201d, a pesar de que se tienen diversos logros, \u201cse siguen limitando los derechos de las mujeres\u201d y ejemplific\u00f3, \u201cla presidencia de M\u00e9xico siempre ha sido ocupada por un hombre, en el \u00e1mbito estatal tenemos hoy s\u00f3lo dos gobernadoras y a nivel municipal s\u00f3lo el 25 por ciento de las presidentas son mujeres\u201d.<\/p>\n\n\n\n<p class=\"wp-block-paragraph\">Agreg\u00f3 que las mujeres \u201cseguimos enfrentando violencia pol\u00edtica, enfrentamos machismos como militantes, candidatas, se nos niegan derechos cuando se nos considera una peor opci\u00f3n.<\/p>\n\n\n\n<p class=\"wp-block-paragraph\">En tanto que la magistrada de la Sala Superior del Tribunal Electoral, M\u00f3nica Soto Fregoso, sostuvo que a 67 a\u00f1os de haberse reconocido el derecho al voto, \u201choy nos encontramos en el camino para consolidar este ejercicio, este camino que a\u00fan no ha llegado al punto final y que sigue empedrado, y varias son las opciones para abonar y quitar piedras para el ejercicio pleno de las mujeres\u201d.<\/p>\n\n\n\n<p class=\"wp-block-paragraph\">Al hacer una reflexi\u00f3n sobre la situaci\u00f3n pol\u00edtica y que ya est\u00e1 en marcha uno de los procesos electorales m\u00e1s grandes de M\u00e9xico, cuestion\u00f3 que en estos tiempos de pandemia cuando son las mujeres las que m\u00e1s tiempo le dedican a los cuidados \u201ca qu\u00e9 hora ellas van a tener tiempo de hacer campa\u00f1a, de armar sus equipos de campa\u00f1a, si est\u00e1n a cargo del cuidado de los hijos y de la casa, y desde ah\u00ed se puede abordar el tema para atender este gran obst\u00e1culo en la pol\u00edtica\u201d.<\/p>\n\n\n\n<p class=\"wp-block-paragraph\">Bel\u00e9n Sanz, Representante de&nbsp;ONU Mujeres&nbsp;en M\u00e9xico, dijo que, a pesar de la inclusi\u00f3n de las mujeres, \u00e9stas \u201csiguen estando sub-representadas, se siguen enfrentando a obst\u00e1culos y desaf\u00edos de violencia, tanto en M\u00e9xico como en todo el mundo\u201d.<\/p>\n\n\n\n<p class=\"wp-block-paragraph\">Por su parte el consejero presidente del INE, Lorenzo Cordova Vianello, al inaugurar estos trabajos, afirm\u00f3 que las \u201clas elecciones constituyen una escuela para la democracia. Nos toca hace el mayor curso de paridad en este proceso electoral.<\/p>\n\n\n\n<p class=\"wp-block-paragraph\">Reconoci\u00f3 que en los ayuntamientos se tiene como asignatura pendiente la paridad y que ser\u00e1 el desaf\u00edo para los pr\u00f3ximos comicios.<\/p>\n\n\n\n<p class=\"wp-block-paragraph\">SEM\/ora\/sj<\/p>\n","protected":false},"excerpt":{"rendered":"<p>A 67 a\u00f1os del voto, hay mucho trabajo para alcanzar la verdadera igualdad<\/p>\n","protected":false},"author":3,"featured_media":27477,"comment_status":"open","ping_status":"open","sticky":false,"template":"","format":"standard","meta":{"_monsterinsights_skip_tracking":false,"footnotes":""},"categories":[691,51],"tags":[],"class_list":["post-27476","post","type-post","status-publish","format-standard","has-post-thumbnail","category-691","category-ejecutivo"],"_links":{"self":[{"href":"https:\/\/redsemlac.com\/semmexico\/wp-json\/wp\/v2\/posts\/27476","targetHints":{"allow":["GET"]}}],"collection":[{"href":"https:\/\/redsemlac.com\/semmexico\/wp-json\/wp\/v2\/posts"}],"about":[{"href":"https:\/\/redsemlac.com\/semmexico\/wp-json\/wp\/v2\/types\/post"}],"author":[{"embeddable":true,"href":"https:\/\/redsemlac.com\/semmexico\/wp-json\/wp\/v2\/users\/3"}],"replies":[{"embeddable":true,"href":"https:\/\/redsemlac.com\/semmexico\/wp-json\/wp\/v2\/comments?post=27476"}],"version-history":[{"count":0,"href":"https:\/\/redsemlac.com\/semmexico\/wp-json\/wp\/v2\/posts\/27476\/revisions"}],"wp:featuredmedia":[{"embeddable":true,"href":"https:\/\/redsemlac.com\/semmexico\/wp-json\/wp\/v2\/media\/27477"}],"wp:attachment":[{"href":"https:\/\/redsemlac.com\/semmexico\/wp-json\/wp\/v2\/media?parent=27476"}],"wp:term":[{"taxonomy":"category","embeddable":true,"href":"https:\/\/redsemlac.com\/semmexico\/wp-json\/wp\/v2\/categories?post=27476"},{"taxonomy":"post_tag","embeddable":true,"href":"https:\/\/redsemlac.com\/semmexico\/wp-json\/wp\/v2\/tags?post=27476"}],"curies":[{"name":"wp","href":"https:\/\/api.w.org\/{rel}","templated":true}]}}