{"id":27472,"date":"2020-10-19T21:42:08","date_gmt":"2020-10-19T21:42:08","guid":{"rendered":"https:\/\/redsemlac.com\/semmexico\/?p=27472"},"modified":"2023-07-21T16:37:00","modified_gmt":"2023-07-21T21:37:00","slug":"detienen-en-puebla-a-defensora-kenia-hernandez","status":"publish","type":"post","link":"https:\/\/redsemlac.com\/semmexico\/detienen-en-puebla-a-defensora-kenia-hernandez\/","title":{"rendered":"Detienen en Puebla a defensora Kenia Hern\u00e1ndez"},"content":{"rendered":"\n<ul class=\"wp-block-list\"><li><strong>Presuntamente fue detenida por elementos de la Guardia Nacional<\/strong><\/li><li><strong>Ella pertenece al Colectivo libertario Zapata Vive<\/strong><\/li><\/ul>\n\n\n\n<p class=\"wp-block-paragraph\"><strong>Atenea Mej\u00eda<\/strong><\/p>\n\n\n\n<p class=\"wp-block-paragraph\">SemM\u00e9xico, Cd. de M\u00e9xico, 19 de octubre, 2020.- Integrantes de organizaciones civiles de derechos humanos y colectivos se sumaron para exigir la libertad de la defensora Kenia Hern\u00e1ndez, detenida anoche en Amozoc, Puebla, presuntamente por elementos de la Guardia Nacional.<\/p>\n\n\n\n<p class=\"wp-block-paragraph\">El Centro Nacional de Comunicaci\u00f3n Social (CENCOS) dio a conocer v\u00eda redes sociales que la activista perteneciente al Colectivo libertario Zapata Vive fue detenida a las 8:50 de la noche del domingo en la caseta de la carretera de Amozoc-Puebla y hasta el momento se desconoce su paradero.<\/p>\n\n\n\n<p class=\"wp-block-paragraph\">El Centro de Derechos Humanos Zeferino Ladrillero difundi\u00f3 un video en el que uno de los activistas que viajaba en la camioneta con Kenia Hern\u00e1ndez, narra c\u00f3mo un grupo de uniformados encabezados por una persona de tez blanca detuvieron a su compa\u00f1era, quien ven\u00eda dormida en el piso del autom\u00f3vil, \u201cla jalan de los pies, la suben a un pick up\u201d.<\/p>\n\n\n\n<p class=\"wp-block-paragraph\">Previo a que la subieran a la camioneta, \u201cella opone resistencia, se agarra del barandal de la patrulla, la empujan y la golpean en las costillas. Kenia sigue poniendo resistencia hasta que la meten, cierran la puerta y dice el g\u00fcero, ya v\u00e1monos, nom\u00e1s ven\u00edamos por ella y se jalan. Quer\u00edamos alcanzarlas, pero dos autos particulares nos cerraron el paso\u201d.<\/p>\n\n\n\n<p class=\"wp-block-paragraph\"><strong>Video de testimonio<\/strong><\/p>\n\n\n\n<figure class=\"wp-block-embed-twitter wp-block-embed is-type-rich is-provider-twitter\"><div class=\"wp-block-embed__wrapper\">\n<blockquote class=\"twitter-tweet\" data-width=\"550\" data-dnt=\"true\"><p lang=\"es\" dir=\"ltr\">Hemos logrado localizar a <a href=\"https:\/\/twitter.com\/hashtag\/KeniaHernandez?src=hash&amp;ref_src=twsrc%5Etfw\">#KeniaHernandez<\/a>. Aqu\u00ed un extracto de la narraci\u00f3n de su detenci\u00f3n.<br><br>Detenida en <a href=\"https:\/\/twitter.com\/hashtag\/Amozoc?src=hash&amp;ref_src=twsrc%5Etfw\">#Amozoc<\/a> por orden de autoridades del <a href=\"https:\/\/twitter.com\/hashtag\/edomex?src=hash&amp;ref_src=twsrc%5Etfw\">#edomex<\/a>.<br><br>En audiencia conoceremos de esta nueva e injusta acusaci\u00f3n contra la defensora e informaremos posterior a ello.<a href=\"https:\/\/twitter.com\/hashtag\/difundir?src=hash&amp;ref_src=twsrc%5Etfw\">#difundir<\/a> <a href=\"https:\/\/t.co\/hqGdBL30Jd\">pic.twitter.com\/hqGdBL30Jd<\/a><\/p>&mdash; Centro de Derechos Humanos Zeferino Ladrillero (@CDHZL) <a href=\"https:\/\/twitter.com\/CDHZL\/status\/1318107296392749060?ref_src=twsrc%5Etfw\">October 19, 2020<\/a><\/blockquote><script async src=\"https:\/\/platform.twitter.com\/widgets.js\" charset=\"utf-8\"><\/script>\n<\/div><\/figure>\n\n\n\n<p class=\"wp-block-paragraph\">SEM\/am\/sj<\/p>\n","protected":false},"excerpt":{"rendered":"<p>Integrantes de organizaciones civiles de derechos humanos y colectivos se sumaron para exigir la libertad de la defensora Kenia Hern\u00e1ndez, detenida anoche en Amozoc, Puebla, presuntamente por elementos de la Guardia Nacional.<\/p>\n","protected":false},"author":3,"featured_media":27473,"comment_status":"open","ping_status":"open","sticky":false,"template":"","format":"standard","meta":{"_monsterinsights_skip_tracking":false,"footnotes":""},"categories":[691,54],"tags":[],"class_list":["post-27472","post","type-post","status-publish","format-standard","has-post-thumbnail","category-691","category-mujeres"],"_links":{"self":[{"href":"https:\/\/redsemlac.com\/semmexico\/wp-json\/wp\/v2\/posts\/27472","targetHints":{"allow":["GET"]}}],"collection":[{"href":"https:\/\/redsemlac.com\/semmexico\/wp-json\/wp\/v2\/posts"}],"about":[{"href":"https:\/\/redsemlac.com\/semmexico\/wp-json\/wp\/v2\/types\/post"}],"author":[{"embeddable":true,"href":"https:\/\/redsemlac.com\/semmexico\/wp-json\/wp\/v2\/users\/3"}],"replies":[{"embeddable":true,"href":"https:\/\/redsemlac.com\/semmexico\/wp-json\/wp\/v2\/comments?post=27472"}],"version-history":[{"count":0,"href":"https:\/\/redsemlac.com\/semmexico\/wp-json\/wp\/v2\/posts\/27472\/revisions"}],"wp:featuredmedia":[{"embeddable":true,"href":"https:\/\/redsemlac.com\/semmexico\/wp-json\/wp\/v2\/media\/27473"}],"wp:attachment":[{"href":"https:\/\/redsemlac.com\/semmexico\/wp-json\/wp\/v2\/media?parent=27472"}],"wp:term":[{"taxonomy":"category","embeddable":true,"href":"https:\/\/redsemlac.com\/semmexico\/wp-json\/wp\/v2\/categories?post=27472"},{"taxonomy":"post_tag","embeddable":true,"href":"https:\/\/redsemlac.com\/semmexico\/wp-json\/wp\/v2\/tags?post=27472"}],"curies":[{"name":"wp","href":"https:\/\/api.w.org\/{rel}","templated":true}]}}