{"id":27447,"date":"2020-10-19T17:46:34","date_gmt":"2020-10-19T17:46:34","guid":{"rendered":"https:\/\/redsemlac.com\/semmexico\/?p=27447"},"modified":"2023-07-21T16:35:43","modified_gmt":"2023-07-21T21:35:43","slug":"morena-debe-preocuparse-por-ese-otro-movimiento-llamado-si-por-mexico","status":"publish","type":"post","link":"https:\/\/redsemlac.com\/semmexico\/morena-debe-preocuparse-por-ese-otro-movimiento-llamado-si-por-mexico\/","title":{"rendered":"Morena debe preocuparse por ese otro movimiento llamado S\u00ed por M\u00e9xico"},"content":{"rendered":"\n<p class=\"wp-block-paragraph\"><strong>Rogelio Hern\u00e1ndez L\u00f3pez<\/strong><\/p>\n\n\n\n<p class=\"wp-block-paragraph\">SemM\u00e9xico, 19 de octubre, 2020.- Colegas de las fuentes pol\u00edticas pongamos mucha atenci\u00f3n este martes 20 de octubre a la presentaci\u00f3n p\u00fablica del movimiento amplio autodenominado S\u00ed por M\u00e9xico opositor al movimiento-partido Morena.<\/p>\n\n\n\n<p class=\"wp-block-paragraph\">Veremos juntos a cuadros pol\u00edticos experimentados en distintos partidos como Miguel \u00c1ngel Mancera; Gabriel Quadri, Jes\u00fas Zambrano. Purificaci\u00f3n Carpinteyro; Cecilia Soto, Ricardo Pascoe, Rub\u00e9n Aguilar Beatriz Pag\u00e9s, Jos\u00e9 Narro Robles\u2026<\/p>\n\n\n\n<p class=\"wp-block-paragraph\">Igual estar\u00e1n, no s\u00f3lo los dirigentes empresariales Gustavo de Hoyos y Claudio X. Gonz\u00e1lez, sino tambi\u00e9n los que algunas empresas han comisionado para actuar de tiempo completo en este frente como Graciela Mota, Gonzalo Arrangoiz y Gabriela Sterling.<\/p>\n\n\n\n<p class=\"wp-block-paragraph\">Esto debe alertar a quienes ocupan puestos estrat\u00e9gicos en el gobierno federal y entiendan &#8211;aunque sea un poco&#8211; las ciencias pol\u00edticas porque ser\u00eda un error menospreciar a este nuevo frente pol\u00edtico amplio que pretende realizar en noviembre pr\u00f3ximo una convenci\u00f3n nacional con representantes de al menos 198 organizaciones civiles, sociales y pol\u00edticas y con un cambio del enfoque principal: ya no pedir que renuncie el Presidente L\u00f3pez Obrador sino el de hacer contrapeso a Morena en las elecciones de 2021 promoviendo y financiando candidatos a todos los puestos.<\/p>\n\n\n\n<p class=\"wp-block-paragraph\"><strong>Un clavo saca otro clavo<\/strong><\/p>\n\n\n\n<p class=\"wp-block-paragraph\">Algunos pol\u00edticos con formaci\u00f3n y experiencia que veremos en S\u00ed por M\u00e9xico, lograron entender el fen\u00f3meno de los movimientos sociales muy amplios en varias partes del mundo, esos que atraen a sectores no clasistas y pensamientos diversos que hacen propuestas sencillas &#8211;como abatir la corrupci\u00f3n&#8211; y con l\u00edderes carism\u00e1ticos que languidecen a los partidos tradicionales.<\/p>\n\n\n\n<p class=\"wp-block-paragraph\">\u201cEl movimiento pol\u00edtico se diferencia del partido en la no institucionalizaci\u00f3n de una idea o de una actividad. Su actuar es en la arena de las decisiones colectivas, en su intento de poner en el banquillo a los detentadores del poder de gobierno y de influir en los procesos de decisi\u00f3n\u201d, anotan los polit\u00f3logos Norberto Bobbio, Nicola Matteucci y Gianfranco Pasquino quienes refieren como ejemplos al Movimiento Sociale Italiano, al Mouvement Republicain Populaire de Francia, al Movimiento Peronista y otros.<\/p>\n\n\n\n<p class=\"wp-block-paragraph\">Este reportero ha sido testigo, desde 1968 de los hitos de la sociedad movilizada que acabaron con el modelo de partido hegem\u00f3nico y dieron paso a lo que se calific\u00f3 como \u201cpartidocracia\u201d; igual testific\u00f3 c\u00f3mo ese r\u00e9gimen decay\u00f3 en la confianza ciudadana y el ingreso de otra forma de organizaci\u00f3n pol\u00edtica como es el movimiento amplio arrollador contra la corrupci\u00f3n llamado Morena bajo el liderazgo de Andr\u00e9s Manuel L\u00f3pez Obrador.<\/p>\n\n\n\n<p class=\"wp-block-paragraph\"><strong>Futuro 21, el fraguador<\/strong><\/p>\n\n\n\n<p class=\"wp-block-paragraph\">Por eso y m\u00e1s, desde julio de 2018, algunos que conoc\u00edan de cerca a L\u00f3pez Obrador comenzaron a fraguar otro movimiento amplio para oponerlo al movimiento ganador de Morena. Visualizaron un movimiento que sumara a dirigentes de los partidos derrotados, a intelectuales y a l\u00edderes sociales desplazados. As\u00ed se arm\u00f3 Futuro 21.<\/p>\n\n\n\n<p class=\"wp-block-paragraph\">Y en dos a\u00f1os del actual gobierno federal ese embri\u00f3n de movimiento encontr\u00f3 condiciones objetivas para atraer a segmentos sociales afectados por las decisiones presidenciales, que con apoyo de intelectuales y opinadores en medios de comunicaci\u00f3n privados han podido crear una masa cr\u00edtica de opini\u00f3n, capaz de ampliar el ensamble, pero con propuestas veros\u00edmiles y pertinentes, no como las de Frenaa que hace campamentos con casas vac\u00edas y con rezos pide a Dios que renuncie el Presidente.<\/p>\n\n\n\n<p class=\"wp-block-paragraph\">V\u00e9ase el inicio. El 24 de agosto de 2019 en conferencia de prensa se present\u00f3 a Futuro 21 como una plataforma pol\u00edtica con base en el languideciente Partido de la Revoluci\u00f3n Democr\u00e1tica (PRD), con pol\u00edticos del PAN, PRI y Panal, l\u00edderes de organismos civiles acad\u00e9micos, periodistas y cient\u00edficos.<\/p>\n\n\n\n<p class=\"wp-block-paragraph\">\u201cEntre los rostros con m\u00e1s eco pol\u00edtico que forman parte de Futuro 21 est\u00e1 el ex jefe de Gobierno Miguel \u00c1ngel Mancera; el ex candidato a la presidencia por el Panal, Gabriel Quadri; el gobernador de Michoac\u00e1n, Silvano Aureoles; el ex rector de la UNAM, Jos\u00e9 Narro Robles; los perredistas Jes\u00fas Ortega, Jes\u00fas Zambrano y Karen Quiroga (Nota de Milenio).&nbsp;<\/p>\n\n\n\n<p class=\"wp-block-paragraph\">\u201cTambi\u00e9n forman parte de esta nueva corriente la senadora y diputada Ang\u00e9lica de la Pe\u00f1a; el ex jefe delegacional Demetrio Sodi; la ex candidata a la Jefatura de Gobierno de la Ciudad de M\u00e9xico, Purificaci\u00f3n Carpinteyro; la perredista Ruth Zavaleta y el pol\u00edtico Fernando Belauzar\u00e1n.<\/p>\n\n\n\n<p class=\"wp-block-paragraph\">\u201cEntre los provenientes de otros partidos pol\u00edticos diferentes al PRD se encuentra Cecilia Soto, del Partido del Trabajo, Rub\u00e9n Aguilar del PAN y Beatriz Pag\u00e9s del PRI\u201d, luego se sum\u00f3 Jos\u00e9 Narro Robles.<\/p>\n\n\n\n<p class=\"wp-block-paragraph\">\u201cFuturo 21 tiene como aliados a miembros de la comunidad cient\u00edfica, acad\u00e9mica y period\u00edstica como el escritor Bernardo Barranco, la periodista Tere Vale, adem\u00e1s de Fluvio Ruiz, Julieta Fierro, Alma Maldonado, Luis Miguel Labardini y Miriam Grunstein.\u201d Termina la nota del diario Milenio de un a\u00f1o atr\u00e1s.<\/p>\n\n\n\n<p class=\"wp-block-paragraph\"><strong>De abanico a paraguas<\/strong><\/p>\n\n\n\n<p class=\"wp-block-paragraph\">El 8 de octubre del 2020 durante su conferencia ma\u00f1anera el Presidente inform\u00f3 de la creaci\u00f3n de otro grupo de oposici\u00f3n al que calific\u00f3 como \u201cFRENA 2\u201d. Dijo que ese movimiento estar\u00eda encabezado por los empresarios Claudio X. Gonz\u00e1lez y Gustavo de Hoyos, pero desestim\u00f3 a los pol\u00edticos promotores.<\/p>\n\n\n\n<p class=\"wp-block-paragraph\">Al d\u00eda siguiente los empresarios Claudio X. Gonz\u00e1lez, presidente de Mexicanos contra la corrupci\u00f3n y Gustavo de Hoyos, l\u00edder de Coparmex, confirmaron que estar\u00edan en \u201cS\u00ed por M\u00e9xico\u201d y difundieron un documento firmado por 86 organizaciones. Y all\u00ed est\u00e1n Futuro 21 y Fuerza M\u00e9xico, los dos n\u00facleos que ser\u00e1n m\u00e1s activos.<\/p>\n\n\n\n<p class=\"wp-block-paragraph\">Para quienes siguen con detenimiento la pol\u00edtica s\u00ed les impact\u00f3 otra noticia que trascendi\u00f3 poco. El 14 de octubre representantes del abanico pol\u00edtico Futuro 21 y los de una nueva organizaci\u00f3n con respaldo de los empresarios, Fuerza M\u00e9xico MX x MX, presentaron su pacto bilateral confirmatorio de que actuar\u00e1n como las buj\u00edas principales para \u201cconstruir una agenda ciudadana\u201d y \u201cApoyar la consolidaci\u00f3n de la organizaci\u00f3n S\u00ed Por M\u00e9xico, como paraguas de coordinaci\u00f3n de esfuerzos entre todas las organizaciones e individuos comprometidos con M\u00e9xico, la libertad y la democracia\u201d.<\/p>\n\n\n\n<p class=\"wp-block-paragraph\">Este anuncio tambi\u00e9n revel\u00f3 a una parte de las personas que operar\u00e1n dentro de las buj\u00edas del nuevo movimiento. En la conferencia de prensa estuvieron por parte de Fuerza M\u00e9xico MX x MX, Graciela Mota, Gonzalo Arrangoiz y Gabriela Sterling y por Futuro 21 Ricardo Pascoe, Ciro Mayen, Isidro H. Cisneros, Gabriel Quadri y Paola Migoya.<\/p>\n\n\n\n<p class=\"wp-block-paragraph\">Para quien ha podido reportear a la izquierda mexicana y a los partidos pol\u00edticos durante cuatro d\u00e9cadas los hechos relatados indican que el nuevo movimiento opositor concentrar\u00e1 sus tareas opositoras en el \u00e1mbito electoral con candidatos comunes de todos los partidos derrotados federalmente, pero que sumados lograr\u00edan fuerte presencia en buena parte de municipios y estados. Eso, sin duda aumentar\u00e1 la polarizaci\u00f3n pol\u00edtica actual.<\/p>\n\n\n\n<p class=\"wp-block-paragraph\">Hay que subrayar que quienes ocupan puestos estrat\u00e9gicos en el gobierno federal y en su partido no deber\u00edan menospreciar a este frente porque, entre otras condiciones tiene a su favor la oferta de recursos financieros empresariales, una masa cr\u00edtica de opini\u00f3n que le facilita cooptar a decepcionados de la 4T y a otros nuevos disidentes, y que adem\u00e1s se beneficiar\u00e1 de las dos crisis en Morena (de direcci\u00f3n y sostenimiento de las simpat\u00edas sociales) y su carencia de cuadros pol\u00edticos suficientemente capacitados y experimentados.<\/p>\n\n\n\n<p class=\"wp-block-paragraph\">\u201cEl \u00e9xito de los movimientos pol\u00edticos en la transformaci\u00f3n y otros cambios en la pol\u00edtica organizada \u2013sentencian Bobbio y otros polit\u00f3logos\u2014depende de su capacidad para mantener el equilibrio correcto entre la presencia en los sectores sociales que los han expresado y en la representaci\u00f3n de aquellos intereses\u201d. Hoy Morena tiene mayor\u00edas en la representaci\u00f3n, pero otro movimiento podr\u00eda atajar su fuerza si no puede diluir sus crisis. Esta etapa inicia el martes 20 de oct. Atentos como reporteros.<\/p>\n","protected":false},"excerpt":{"rendered":"<p>Colegas de las fuentes pol\u00edticas pongamos mucha atenci\u00f3n este martes 20 de octubre a la presentaci\u00f3n p\u00fablica del movimiento amplio autodenominado S\u00ed por M\u00e9xico opositor al movimiento-partido Morena.<\/p>\n","protected":false},"author":3,"featured_media":8473,"comment_status":"open","ping_status":"open","sticky":false,"template":"","format":"standard","meta":{"_monsterinsights_skip_tracking":false,"footnotes":""},"categories":[691,106,35,85],"tags":[],"class_list":["post-27447","post","type-post","status-publish","format-standard","has-post-thumbnail","category-691","category-mirada-de-reportero","category-opinion","category-rogelio-hernandez-lopez"],"_links":{"self":[{"href":"https:\/\/redsemlac.com\/semmexico\/wp-json\/wp\/v2\/posts\/27447","targetHints":{"allow":["GET"]}}],"collection":[{"href":"https:\/\/redsemlac.com\/semmexico\/wp-json\/wp\/v2\/posts"}],"about":[{"href":"https:\/\/redsemlac.com\/semmexico\/wp-json\/wp\/v2\/types\/post"}],"author":[{"embeddable":true,"href":"https:\/\/redsemlac.com\/semmexico\/wp-json\/wp\/v2\/users\/3"}],"replies":[{"embeddable":true,"href":"https:\/\/redsemlac.com\/semmexico\/wp-json\/wp\/v2\/comments?post=27447"}],"version-history":[{"count":0,"href":"https:\/\/redsemlac.com\/semmexico\/wp-json\/wp\/v2\/posts\/27447\/revisions"}],"wp:featuredmedia":[{"embeddable":true,"href":"https:\/\/redsemlac.com\/semmexico\/wp-json\/wp\/v2\/media\/8473"}],"wp:attachment":[{"href":"https:\/\/redsemlac.com\/semmexico\/wp-json\/wp\/v2\/media?parent=27447"}],"wp:term":[{"taxonomy":"category","embeddable":true,"href":"https:\/\/redsemlac.com\/semmexico\/wp-json\/wp\/v2\/categories?post=27447"},{"taxonomy":"post_tag","embeddable":true,"href":"https:\/\/redsemlac.com\/semmexico\/wp-json\/wp\/v2\/tags?post=27447"}],"curies":[{"name":"wp","href":"https:\/\/api.w.org\/{rel}","templated":true}]}}