{"id":27444,"date":"2020-10-19T17:44:02","date_gmt":"2020-10-19T17:44:02","guid":{"rendered":"https:\/\/redsemlac.com\/semmexico\/?p=27444"},"modified":"2023-07-21T16:35:43","modified_gmt":"2023-07-21T21:35:43","slug":"establecen-esquemas-de-reaccion-rapida-para-proteger-periodistas-de-guerrero","status":"publish","type":"post","link":"https:\/\/redsemlac.com\/semmexico\/establecen-esquemas-de-reaccion-rapida-para-proteger-periodistas-de-guerrero\/","title":{"rendered":"Establecen esquemas de \u201creacci\u00f3n r\u00e1pida\u201d para proteger periodistas de Guerrero"},"content":{"rendered":"\n<ul class=\"wp-block-list\"><li><strong>Gobiernos federal y estatal har\u00e1n mesas de trabajo y talleres<\/strong><\/li><li><strong>La medida es resultado de amenazas contra informadores del municipio de Iguala<\/strong><\/li><\/ul>\n\n\n\n<p class=\"wp-block-paragraph\"><strong>Redacci\u00f3n<\/strong><\/p>\n\n\n\n<p class=\"wp-block-paragraph\">SemM\u00e9xico, Cd. de M\u00e9xico, 19 de octubre, 2020.- El gobierno federal y del estado de Guerrero reconocieron la labor de las y los periodistas y el derecho a la Libertad de Expresi\u00f3n, de manera particular en el municipio de Iguala, por lo que refrendaron su compromiso de \u201cactuar de manera inmediata a fin de garantizar el ejercicio pleno de sus derechos\u201d.<\/p>\n\n\n\n<p class=\"wp-block-paragraph\">De acuerdo con un bolet\u00edn de prensa de la Secretar\u00eda de Gobernaci\u00f3n, de manera previa, periodistas e informadores, hombres y mujeres que laboran en Guerrero, se reunieron con personal del Mecanismo Nacional de Protecci\u00f3n a Personas Defensoras de Derechos Humanos y Periodistas, y del gobierno del estado de Guerrero, donde acordaron realizar mesas de trabajo entre actores de los tres \u00f3rdenes de gobierno para crear esquemas de reacci\u00f3n r\u00e1pida para la protecci\u00f3n de estos \u00faltimos.&nbsp;<\/p>\n\n\n\n<p class=\"wp-block-paragraph\">Este acuerdo es resultado de una serie de acciones son derivadas de las denuncias presentadas el 14 de octubre por amenazas de grupos delictivos a periodistas de la ciudad de Iguala, de quienes no se precisan nombres a fin de respetar su integridad y seguridad.<\/p>\n\n\n\n<p class=\"wp-block-paragraph\">Se convino con la Secretar\u00eda General de Gobierno del estado de Guerrero que se realizar\u00e1n talleres de autoprotecci\u00f3n a personas comunicadoras y se capacitar\u00e1n a los cuerpos policiacos del estado y del municipio de Iguala, con la finalidad es de coordinar acciones de prevenci\u00f3n y protecci\u00f3n a favor de este sector, preservar su vida, libertad e integridad, al atender los m\u00e1s altos est\u00e1ndares.<\/p>\n\n\n\n<p class=\"wp-block-paragraph\">SEM\/sj<\/p>\n","protected":false},"excerpt":{"rendered":"<p>Gobiernos federal y estatal har\u00e1n mesas de trabajo y talleres<\/p>\n","protected":false},"author":3,"featured_media":27445,"comment_status":"open","ping_status":"open","sticky":false,"template":"","format":"standard","meta":{"_monsterinsights_skip_tracking":false,"footnotes":""},"categories":[691,55],"tags":[],"class_list":["post-27444","post","type-post","status-publish","format-standard","has-post-thumbnail","category-691","category-periodistas"],"_links":{"self":[{"href":"https:\/\/redsemlac.com\/semmexico\/wp-json\/wp\/v2\/posts\/27444","targetHints":{"allow":["GET"]}}],"collection":[{"href":"https:\/\/redsemlac.com\/semmexico\/wp-json\/wp\/v2\/posts"}],"about":[{"href":"https:\/\/redsemlac.com\/semmexico\/wp-json\/wp\/v2\/types\/post"}],"author":[{"embeddable":true,"href":"https:\/\/redsemlac.com\/semmexico\/wp-json\/wp\/v2\/users\/3"}],"replies":[{"embeddable":true,"href":"https:\/\/redsemlac.com\/semmexico\/wp-json\/wp\/v2\/comments?post=27444"}],"version-history":[{"count":0,"href":"https:\/\/redsemlac.com\/semmexico\/wp-json\/wp\/v2\/posts\/27444\/revisions"}],"wp:featuredmedia":[{"embeddable":true,"href":"https:\/\/redsemlac.com\/semmexico\/wp-json\/wp\/v2\/media\/27445"}],"wp:attachment":[{"href":"https:\/\/redsemlac.com\/semmexico\/wp-json\/wp\/v2\/media?parent=27444"}],"wp:term":[{"taxonomy":"category","embeddable":true,"href":"https:\/\/redsemlac.com\/semmexico\/wp-json\/wp\/v2\/categories?post=27444"},{"taxonomy":"post_tag","embeddable":true,"href":"https:\/\/redsemlac.com\/semmexico\/wp-json\/wp\/v2\/tags?post=27444"}],"curies":[{"name":"wp","href":"https:\/\/api.w.org\/{rel}","templated":true}]}}