{"id":27394,"date":"2020-10-16T21:18:11","date_gmt":"2020-10-16T21:18:11","guid":{"rendered":"https:\/\/redsemlac.com\/semmexico\/?p=27394"},"modified":"2023-07-21T16:35:44","modified_gmt":"2023-07-21T21:35:44","slug":"protestan-diputadas-de-hidalgo-por-violencia-de-genero-en-campanas","status":"publish","type":"post","link":"https:\/\/redsemlac.com\/semmexico\/protestan-diputadas-de-hidalgo-por-violencia-de-genero-en-campanas\/","title":{"rendered":"Protestan diputadas de Hidalgo por violencia de g\u00e9nero en campa\u00f1as"},"content":{"rendered":"\n<p class=\"wp-block-paragraph\"><strong>Ignacio Garc\u00eda&nbsp;<\/strong><\/p>\n\n\n\n<p class=\"wp-block-paragraph\">SemM\u00e9xico. Hidalgo. 16 de octubre de 2020.- Las diputadas del Congreso local protestaron en tribuna contra la violencia pol\u00edtica de g\u00e9nero que ha existido en el estado durante&nbsp;el periodo de campa\u00f1as electorales, por lo que exigieron un cese a las agresiones a las mujeres que participan en la vida pol\u00edtica de la entidad.<\/p>\n\n\n\n<p class=\"wp-block-paragraph\">La diputada del Partido Encuentro Social (PES),&nbsp;Jajaira&nbsp;Aceves Calva, protest\u00f3 contra los casos de violencia pol\u00edtica de g\u00e9nero se presentaron durante el periodo de campa\u00f1as electorales en el estado, pues afirm\u00f3 que m\u00e1s all\u00e1 de los intereses partidistas debe prevalecer el respeto a las mujeres.<\/p>\n\n\n\n<p class=\"wp-block-paragraph\">\u201cA todos aquellos que buscan sobajar o lastimar a nuestras compa\u00f1eras funcionarias, candidatas y mujeres, que pierden su tiempo, que cada vejaci\u00f3n ser\u00e1 motivo de lucha no s\u00f3lo por las candidatas, sino por todas las mujeres que estamos con ellas\u201d, dijo la legisladora local, quien fue acompa\u00f1ada por todas las diputadas del resto de los partidos pol\u00edticos que se unieron en sororidad contra las agresiones a las mujeres.<\/p>\n\n\n\n<p class=\"wp-block-paragraph\">Repudiaron cualquier tipo de violencia que se presente contra las mujeres que participan en la vida p\u00fablica y por ello pidieron a las autoridades ministeriales agilicen y den seguimiento puntual a cualquier tipo de agresi\u00f3n que se presente durante el actual proceso electoral.<\/p>\n\n\n\n<p class=\"wp-block-paragraph\">Asimismo, demandaron que se implementen medidas adecuadas por parte del Instituto Estatal Electoral (IEEH) para que sancione todos los casos de violencia de g\u00e9nero se que han registrado en el estado, pues buscan inhibir la participaci\u00f3n de las mujeres en un proceso que debe garantizar la paridad de g\u00e9nero.<\/p>\n\n\n\n<p class=\"wp-block-paragraph\">Adem\u00e1s, cuestionaron que la comisi\u00f3n de Seguridad y Justicia del Congreso local no ha acelerado las discusiones de los dict\u00e1menes relacionados con sancionar la violencia pol\u00edtica de g\u00e9nero en redes sociales, ya que fue una de las principales agresiones que sufrieron las candidatas en la contienda electoral.<\/p>\n\n\n\n<p class=\"wp-block-paragraph\">El IEEH inici\u00f3 27 procedimientos especiales sancionadores por los casos de violencia pol\u00edtica de g\u00e9nero en el vigente proceso electoral, de los cuales 11 fueron por oficio y 16 por petici\u00f3n de partes y en breve ser\u00e1n resueltos.<\/p>\n","protected":false},"excerpt":{"rendered":"<p>Las diputadas del Congreso local protestaron en tribuna contra la violencia pol\u00edtica de g\u00e9nero que ha existido en el estado durante el periodo de campa\u00f1as electorales<\/p>\n","protected":false},"author":3,"featured_media":20332,"comment_status":"open","ping_status":"open","sticky":false,"template":"","format":"standard","meta":{"_monsterinsights_skip_tracking":false,"footnotes":""},"categories":[691,50],"tags":[],"class_list":["post-27394","post","type-post","status-publish","format-standard","has-post-thumbnail","category-691","category-congreso"],"_links":{"self":[{"href":"https:\/\/redsemlac.com\/semmexico\/wp-json\/wp\/v2\/posts\/27394","targetHints":{"allow":["GET"]}}],"collection":[{"href":"https:\/\/redsemlac.com\/semmexico\/wp-json\/wp\/v2\/posts"}],"about":[{"href":"https:\/\/redsemlac.com\/semmexico\/wp-json\/wp\/v2\/types\/post"}],"author":[{"embeddable":true,"href":"https:\/\/redsemlac.com\/semmexico\/wp-json\/wp\/v2\/users\/3"}],"replies":[{"embeddable":true,"href":"https:\/\/redsemlac.com\/semmexico\/wp-json\/wp\/v2\/comments?post=27394"}],"version-history":[{"count":0,"href":"https:\/\/redsemlac.com\/semmexico\/wp-json\/wp\/v2\/posts\/27394\/revisions"}],"wp:featuredmedia":[{"embeddable":true,"href":"https:\/\/redsemlac.com\/semmexico\/wp-json\/wp\/v2\/media\/20332"}],"wp:attachment":[{"href":"https:\/\/redsemlac.com\/semmexico\/wp-json\/wp\/v2\/media?parent=27394"}],"wp:term":[{"taxonomy":"category","embeddable":true,"href":"https:\/\/redsemlac.com\/semmexico\/wp-json\/wp\/v2\/categories?post=27394"},{"taxonomy":"post_tag","embeddable":true,"href":"https:\/\/redsemlac.com\/semmexico\/wp-json\/wp\/v2\/tags?post=27394"}],"curies":[{"name":"wp","href":"https:\/\/api.w.org\/{rel}","templated":true}]}}