{"id":27386,"date":"2020-10-16T20:44:05","date_gmt":"2020-10-16T20:44:05","guid":{"rendered":"https:\/\/redsemlac.com\/semmexico\/?p=27386"},"modified":"2023-07-21T16:35:45","modified_gmt":"2023-07-21T21:35:45","slug":"la-ciudad-que-no-es-para-las-mujeres","status":"publish","type":"post","link":"https:\/\/redsemlac.com\/semmexico\/la-ciudad-que-no-es-para-las-mujeres\/","title":{"rendered":"La ciudad que no es para las mujeres"},"content":{"rendered":"\n<p class=\"wp-block-paragraph\"><strong>Mariana Herrera L\u00f3pez\/Testigo P\u00farpura&nbsp;<\/strong><\/p>\n\n\n\n<p class=\"wp-block-paragraph\">SemM\u00e9xico\/Testigo P\u00farpura. Veracruz. 16 de octubre de 2020.- \u201cCuando la gente habla de acoso, es de lo primero que me acuerdo y de lo que me voy a acordar toda la vida\u201d agitada, la voz de Estrella al otro lado del tel\u00e9fono recuerda aquel miedo profundo que la invadi\u00f3 cuando un hombre de 50 a\u00f1os le dec\u00eda \u201cQue rica est\u00e1s\u201d mientras se agarraba los test\u00edculos. Estrella ten\u00eda solamente 7 a\u00f1os y la hab\u00edan mandado por las tortillas, a una cuadra de su casa.&nbsp;<\/p>\n\n\n\n<p class=\"wp-block-paragraph\">El acoso sexual callejero, seg\u00fan el Observatorio Contra el Acoso Callejero Chile, son aquellas pr\u00e1cticas con implicaci\u00f3n sexual expl\u00edcita o impl\u00edcita, provenientes de un desconocido. Este acoso ocurre en espacios p\u00fablicos y de forma unidireccional, es decir, sin consentimiento de la v\u00edctima, y tiene la potencialidad de producir estragos emocionales como el miedo, la impotencia, la rabia o el asco.&nbsp;<\/p>\n\n\n\n<p class=\"wp-block-paragraph\">Este tipo de acoso es una realidad cruel y violenta que toda mujer ha experimentado m\u00e1s de una vez a lo largo de su vida. Actividades normales como ir a la escuela, al trabajo, hacer el s\u00faper, pasear al perro o simplemente caminar en la calle, se vuelven en momentos de riesgo y estr\u00e9s constante para las mujeres.<\/p>\n\n\n\n<p class=\"wp-block-paragraph\">El atropello que sufren las mujeres durante una actividad tan normal y b\u00e1sica como moverse por la ciudad no es un tipo de violencia aislada. La soci\u00f3loga especialista en g\u00e9nero, Mar\u00eda Jos\u00e9 Guerrero Gonz\u00e1lez plantea en Acoso Sexual Callejero: Contexto y Dimensiones, que esta violencia se presenta porque colectivamente se cree que las mujeres pertenecen al espacio privado, como el hogar, y por eso las calles (o espacio p\u00fablico) no son construidas pensando en ellas.&nbsp;<\/p>\n\n\n\n<p class=\"wp-block-paragraph\">La experta se\u00f1ala que cuando las mujeres salen al espacio p\u00fablico, su cuerpo es visto como un objeto (por parte de los hombres) donde se les permite opinar, denigrar o incluso hasta tocar abiertamente.&nbsp;<\/p>\n\n\n\n<p class=\"wp-block-paragraph\">\u201cYo creo que lo peor no fue lo que yo sent\u00ed, siento que lo peor fue lo que yo me imagin\u00e9 que pod\u00eda suceder en ese momento\u201d, la voz de Betty se pausa de apoco mientras revive aquel d\u00eda en el que un hombre en motocicleta la toc\u00f3 afuera de un OXXO y trat\u00f3 de jalarla hacia \u00e9l. Ella \u00fanicamente hab\u00eda ido por un cart\u00f3n de leche, pero despu\u00e9s de eso pas\u00f3 meses sin poder volver a poner pie en aquel lugar.&nbsp;<\/p>\n\n\n\n<p class=\"wp-block-paragraph\">A\u00fan recuerda el nudo en la garganta que no le abandon\u00f3 por un tiempo, aquella angustia que experiment\u00f3 cuando se meti\u00f3 a ba\u00f1ar para librarse de la suciedad invisible que sent\u00eda en donde hab\u00eda sido tocada y aquel desconsuelo y furia que la acompa\u00f1\u00f3 toda la noche mientras lloraba sin consuelo.&nbsp;<\/p>\n\n\n\n<p class=\"wp-block-paragraph\">Este tipo de violencia de car\u00e1cter sexual en los espacios p\u00fablicos va desde el acoso sexual, que en el C\u00f3digo Penal del Estado de Veracruz se define como aquellas actitudes o acciones que con fines lascivos acose u hostige a una persona, mientras que el abuso sexual es tocamientos o manoseos corporales obscenos, o los que representen actos expl\u00edcitamente sexuales u obliguen a la v\u00edctima a representarlos. Tambi\u00e9n se considera abuso sexual cuando se obligue a la v\u00edctima a observar un acto sexual o a exhibir su cuerpo sin su consentimiento.<\/p>\n\n\n\n<p class=\"wp-block-paragraph\">Las estad\u00edsticas nacionales reflejan claramente que es un problema profundo y normalizado en la cotidianidad de la mujer mexicana, pues la Encuesta Nacional sobre la Din\u00e1mica de Relaciones en los Hogares (2016) arroj\u00f3 que un 66.8 por ciento de las mujeres en M\u00e9xico han sufrido violencia sexual en lugares p\u00fablicos como la calle y el parque, mientras que un 13.2 por ciento declar\u00f3 haber sufrido agresiones de tipo sexual en el transporte p\u00fablico.&nbsp;<\/p>\n\n\n\n<p class=\"wp-block-paragraph\"><strong>ESPACIOS QUE NO PIENSAN EN TODAS<\/strong><\/p>\n\n\n\n<p class=\"wp-block-paragraph\">Estos lugares donde se hacen presentes la mayor parte de las agresiones hacia las mujeres, como lo son las calles, el parque y el transporte p\u00fablico, de acuerdo con la arquitecta y urbanista Harmida Rubio Gutierrez, son lugares donde hay poca mezcla de usos, es decir, espacios que usualmente sirven a un \u00fanico prop\u00f3sito; como las zonas residenciales, que dejan de tener actividad de personas y se vuelven lugares solitarios despu\u00e9s de determinadas horas porque su \u00fanica finalidad es su calidad de hogar o algunos parques que carecen de actividades de recreaci\u00f3n para su uso.<\/p>\n\n\n\n<p class=\"wp-block-paragraph\">En Espacios \u201cdel miedo\u201d Ciudad y G\u00e9nero, Mar\u00eda A\u00f1over expone que la planeaci\u00f3n urbana y el dise\u00f1o de las ciudades juega un papel determinante en dos tipos de seguridad. Por un lado, la seguridad objetiva, que podemos comprobar a trav\u00e9s de estad\u00edsticas de denuncias o cr\u00edmenes cometidos.&nbsp;<\/p>\n\n\n\n<p class=\"wp-block-paragraph\">Por otro lado, seg\u00fan la experta, est\u00e1 la seguridad subjetiva, la cual es la percepci\u00f3n de seguridad que tienen las mujeres de su entorno; dicha percepci\u00f3n se genera de las sensaciones que les genera el deterioro de las instalaciones urbanas, conductas agresivas de los transe\u00fantes y con determinados elementos del entorno urbano, como lo es la oscuridad, la falta de iluminaci\u00f3n, lugares desiertos, escondites, callejones.<\/p>\n\n\n\n<p class=\"wp-block-paragraph\">Roberta se subi\u00f3 al cami\u00f3n que la llevaba a la secundaria, se dirigi\u00f3 al final del pasillo y tom\u00f3 su lugar al lado de un joven. Ella no le dedic\u00f3 m\u00e1s de dos segundos en su pensamiento, no hab\u00eda por qu\u00e9.&nbsp;<\/p>\n\n\n\n<p class=\"wp-block-paragraph\">Roberta recuerda que despu\u00e9s de un rato de trayecto, comenz\u00f3 a sentir un movimiento extra\u00f1o en su muslo derecho, algo que recorr\u00eda su pierna, comenz\u00f3 a preguntarse qu\u00e9 era lo que suced\u00eda y trat\u00f3 de voltear a ver discretamente al joven que se encontraba a su lado, pero la sorpresa y el miedo la hab\u00edan paralizado.&nbsp;<\/p>\n\n\n\n<p class=\"wp-block-paragraph\">Se repet\u00eda constantemente, en un intento por mantener la calma, que aquel movimiento probablemente era provocado por el mismo cami\u00f3n y su mochila, y que se estaba haciendo ideas. As\u00ed continu\u00f3, pensando que todo estaba en su imaginaci\u00f3n, hasta que el joven de al lado se par\u00f3 y se fue, y ella pudo darse cuenta de que su muslo derecho estaba mojado de semen.&nbsp;<\/p>\n\n\n\n<p class=\"wp-block-paragraph\">De acuerdo con la Organizaci\u00f3n de las Naciones Unidas, la violencia que viven las mujeres sobre sus cuerpos determina en gran medida c\u00f3mo ellas se relacionan y viven los diversos espacios, dom\u00e9sticos, comunitarios o p\u00fablicos. Este temor a ser agredida tiende a resultar en una adaptaci\u00f3n y limitaci\u00f3n de c\u00f3mo las mujeres viven su d\u00eda a d\u00eda, pues ser acosadas sexualmente en los lugares que frecuentan o transitan, se traduce en la idea de que las mujeres no pertenecen al espacio p\u00fablico.&nbsp;<\/p>\n\n\n\n<p class=\"wp-block-paragraph\">La forma en la que las mujeres perciben y se mueven por la ciudad es un tema de suma importancia para identificar, proponer e intervenir en este tipo de violencia que se vive d\u00eda con d\u00eda; en esta materia han surgido varias propuestas desde el feminismo, como el urbanismo feminista.&nbsp;<\/p>\n\n\n\n<p class=\"wp-block-paragraph\"><strong>URBANISMO FEMINISTA AL RESCATE<\/strong><\/p>\n\n\n\n<p class=\"wp-block-paragraph\">Rubio Guti\u00e9rrez, quien tambi\u00e9n es coordinadora del proyecto Espacios P\u00fablicos Amables para las Mujeres en Xalapa, explica que la construcci\u00f3n de las ciudades tiene una profunda influencia en c\u00f3mo las perciben y experimentan las mujeres, pues al ser planeadas y dise\u00f1adas por hombres, no se toma en cuenta que existen espacios o lugares que posibilitan que a las mujeres se les agreda sexualmente.<\/p>\n\n\n\n<p class=\"wp-block-paragraph\">\u201cPor ejemplo, si hay una parada de autob\u00fas frente a un parque, y de lado de enfrente hay puras fabricas, nosotras inmediatamente decimos h\u00edjole, mejor me voy a otra parada, porque ya en la noche ya est\u00e1 muy solo ah\u00ed y ni quien me haga caso, pues porque en la noche cierra la f\u00e1brica, cierra el parque y por ah\u00ed no pasa nadie.&nbsp;&nbsp;Pero como quienes dise\u00f1an son hombres pues no se lo plantean, m\u00e1s bien lo que se plantean es la agilidad de la ruta, que el cami\u00f3n no batalle en dar vuelta, cosas de ese tipo. Entonces no es un elemento para dise\u00f1ar, para planear las ciudades, o no lo ha sido hasta el momento, y el urbanismo feminista pone en la mesa estos otros acondicionamientos para dise\u00f1ar las ciudades tambi\u00e9n\u201d, se\u00f1ala.&nbsp;<\/p>\n\n\n\n<p class=\"wp-block-paragraph\">Existen seis principios, elaborados por Anne Michaud en la Gu\u00eda de planificaci\u00f3n para un entorno urbano seguro, que deben de cumplir las ciudades de acuerdo con el urbanismo feminista para ser considerados lugares seguros por las mujeres:<\/p>\n\n\n\n<ul class=\"wp-block-list\"><li>Saber d\u00f3nde est\u00e1s y a d\u00f3nde vas, esto es que la ciudad disponga de se\u00f1ales y marcas legibles que ayuden a trasladarse y orientarse de manera sencilla. As\u00ed como ser representadas en la iconograf\u00eda de la ciudad.<\/li><\/ul>\n\n\n\n<ul class=\"wp-block-list\"><li>Ver y ser vista, que a trav\u00e9s del dise\u00f1o del espacio se puedan ver todos los elementos y personas del entorno y as\u00ed localizar posibles rutas de salida en caso de una situaci\u00f3n de riesgo. Esta parte de la visibilidad tambi\u00e9n se refiere a la visibilidad simb\u00f3lica y social de las mujeres, reconociendo su papel e influencia en el desarrollo de las sociedades.<\/li><\/ul>\n\n\n\n<ul class=\"wp-block-list\"><li>&nbsp;Escuchar y ser escuchada, que se garantice la vitalidad de la ciudad a trav\u00e9s de una presencia permanente de personas, actividades, encuentro y relaci\u00f3n y ayuda mutua.&nbsp;<\/li><\/ul>\n\n\n\n<ul class=\"wp-block-list\"><li>&nbsp;Poder escapar y obtener auxilio, que exista una vigilancia informal y comunitaria entre todos los miembros de la sociedad en caso de una situaci\u00f3n de riesgo.<\/li><\/ul>\n\n\n\n<ul class=\"wp-block-list\"><li>Vivir en un ambiente limpio y acogedor, con una infraestructura y elementos bien mantenidos, que apoyen las actividades diarias, y que garantice que personas diversas puedan hacer propios los espacios p\u00fablicos.&nbsp;<\/li><\/ul>\n\n\n\n<ul class=\"wp-block-list\"><li>Actuar colectivamente,&nbsp;&nbsp;se tiene que favorecer la apropiaci\u00f3n del espacio y el sentimiento de pertenencia de las personas, as\u00ed como la convivencia, el intercambio y la socializaci\u00f3n de las personas de manera igualitaria.&nbsp;<\/li><\/ul>\n\n\n\n<p class=\"wp-block-paragraph\">En el Puerto de Veracruz se han realizado diversos proyectos alrededor del urbanismo feminista y la percepci\u00f3n del espacio de las mujeres, entre ellos el Mapeo de Espacios P\u00fablicos con Perspectiva de G\u00e9nero en la zona conurbada Veracruz-Boca del R\u00edo, elaborado por la Colectiva Colmena Verde.<\/p>\n\n\n\n<p class=\"wp-block-paragraph\">Anah\u00ed Yopihua, colaboradora de la Colectiva, comenta que el mapa surgi\u00f3 en 2019 como una iniciativa para conocer m\u00e1s a fondo c\u00f3mo es que las mujeres viven y transitan la ciudad y as\u00ed proporcionarles una herramienta para estar m\u00e1s alerta en los espacios p\u00fablicos que tienen antecedentes de riesgo o violencia.&nbsp;<\/p>\n\n\n\n<p class=\"wp-block-paragraph\">Los datos m\u00e1s reveladores de esta recolecci\u00f3n, que se realiz\u00f3 a trav\u00e9s de dos encuestas abiertas a las mujeres veracruzanas, es que los factores que las hacen sentir m\u00e1s inseguras en la ciudad son la mala iluminaci\u00f3n (70%), las calles solitarias (61%) y los lotes bald\u00edos o construcciones abandonadas de las zonas (42%). De igual forma&nbsp;&nbsp;destacan las Zonas Universitarias, el Centro Hist\u00f3rico,&nbsp;&nbsp;y zonas habitacionales como los lugares donde m\u00e1s inseguras se sienten y tambi\u00e9n donde m\u00e1s han sido v\u00edctimas de violencia.&nbsp;<\/p>\n\n\n\n<p class=\"wp-block-paragraph\"><strong>EL GOBIERNO OMISO ANTE LOS PROBLEMAS<\/strong><\/p>\n\n\n\n<p class=\"wp-block-paragraph\">Tanto Harmida Rubio como Anah\u00ed Yopihua manifiestan haber hecho entrega de los resultados de ambos proyectos a instancias de gobierno, como lo son el Instituto Municipal de la Mujer en Veracruz y Xalapa y el Ayuntamiento de Xalapa, pero sin recibir respuestas o resultados claros y definitivos al respecto:<\/p>\n\n\n\n<p class=\"wp-block-paragraph\">\u201cHemos presentado los resultados de nuestra investigaci\u00f3n muchas veces al ayuntamiento de Xalapa y a instancias estatales tambi\u00e9n, hasta federales, y bueno, digamos que no se ha visto de una manera muy determinante que hayan usado esta investigaci\u00f3n para la toma de decisiones, hasta el momento no\u201d, comenta Rubio Guti\u00e9rrez quien coordina el proyecto Espacios P\u00fablicos Amables para las Mujeres en Xalapa desde el Observatorio Urbano de la Universidad Veracruzana.<\/p>\n\n\n\n<p class=\"wp-block-paragraph\">Cabe destacar que uno de los puntos clave para atacar la situaci\u00f3n de violencia que viven las mujeres veracruzanas, presente en la declaratoria de la primera Alerta de Violencia de G\u00e9nero contra las Mujeres en el Estado, es el dise\u00f1o y ejecuci\u00f3n de una estrategia para recuperar los espacios p\u00fablicos y prevenir as\u00ed la violencia. Este punto del programa, contemplado desde el 2016, deb\u00eda iniciar por un diagn\u00f3stico de los espacios donde se presentan las conductas violentas o delitos en contra de las mujeres, sin embargo son las iniciativas ciudadanas, como las de Colmena Verde y el Observatorio Urbano de la Universidad Veracruzana, las que se han hecho cargo de esta labor sin apoyo por parte del Gobierno de Veracruz.<\/p>\n\n\n\n<p class=\"wp-block-paragraph\">La movilidad de las mujeres durante la pandemia, de acuerdo con&nbsp;&nbsp;Acoyani Adame Castillo durante el Panel: Movilidad de la Mujeres durante la Pandemia COVID-19, retos y obst\u00e1culos desde las ciudad, ha evidenciado la carencia de las ciudades para proporcionar una sensaci\u00f3n de seguridad a sus ciudadanas.&nbsp;<\/p>\n\n\n\n<p class=\"wp-block-paragraph\">Algunos testimonios, recolectados para el proyecto Bit\u00e1cora de Inmovilidad organizado por Urbanismo Mujeres y Ciudad en Latinoam\u00e9rica,&nbsp;&nbsp;iniciativa a la que pertenece Adame Castillo, declararon sentirse m\u00e1s inseguras en la calle debido a que ahora se encuentran m\u00e1s solitarias debido a la pandemia y que aquellas personas que se encuentran en la calle tienen el rostro cubierto por el cubre bocas.<\/p>\n\n\n\n<p class=\"wp-block-paragraph\">Harmida Rubio puntualiza que es necesario posicionar a las mujeres como una voz muy importante en el tema de crear, construir, reconstruir y mejorar los espacios, pues las ciudades son entes vivos y en constante transformaci\u00f3n que reflejan las relaciones entre los miembros de una sociedad, y las mujeres ocupan un lugar importante en la misma.&nbsp;<\/p>\n\n\n\n<p class=\"wp-block-paragraph\">Repensar, replantear y proponer una nueva forma de construir y vivir las ciudades es una necesidad urgente para las nueve de cada diez mujeres en nuestro pa\u00eds que declararon sentir miedo de ser atacadas o abusadas sexualmente en la calle (ENDIREH 2016). Repensar, replantear y actuar por nuevas formas de pensar y vivir las ciudades y los espacios p\u00fablicos es un derecho para Estrella, Betty, Roberta y todas aquellas mujeres que han sido privadas de sentirse seguras en un espacio que tambi\u00e9n les pertenece.\u00a0<\/p>\n\n\n\n<figure class=\"wp-block-gallery columns-0 is-cropped wp-block-gallery-1 is-layout-flex wp-block-gallery-is-layout-flex\"><ul class=\"blocks-gallery-grid\"><\/ul><\/figure>\n","protected":false},"excerpt":{"rendered":"<p>Este tipo de acoso es una realidad cruel y violenta que toda mujer ha experimentado m\u00e1s de una vez a lo largo de su vida.<\/p>\n","protected":false},"author":3,"featured_media":27388,"comment_status":"open","ping_status":"open","sticky":false,"template":"","format":"standard","meta":{"_monsterinsights_skip_tracking":false,"footnotes":""},"categories":[691,54],"tags":[],"class_list":["post-27386","post","type-post","status-publish","format-standard","has-post-thumbnail","category-691","category-mujeres"],"_links":{"self":[{"href":"https:\/\/redsemlac.com\/semmexico\/wp-json\/wp\/v2\/posts\/27386","targetHints":{"allow":["GET"]}}],"collection":[{"href":"https:\/\/redsemlac.com\/semmexico\/wp-json\/wp\/v2\/posts"}],"about":[{"href":"https:\/\/redsemlac.com\/semmexico\/wp-json\/wp\/v2\/types\/post"}],"author":[{"embeddable":true,"href":"https:\/\/redsemlac.com\/semmexico\/wp-json\/wp\/v2\/users\/3"}],"replies":[{"embeddable":true,"href":"https:\/\/redsemlac.com\/semmexico\/wp-json\/wp\/v2\/comments?post=27386"}],"version-history":[{"count":0,"href":"https:\/\/redsemlac.com\/semmexico\/wp-json\/wp\/v2\/posts\/27386\/revisions"}],"wp:featuredmedia":[{"embeddable":true,"href":"https:\/\/redsemlac.com\/semmexico\/wp-json\/wp\/v2\/media\/27388"}],"wp:attachment":[{"href":"https:\/\/redsemlac.com\/semmexico\/wp-json\/wp\/v2\/media?parent=27386"}],"wp:term":[{"taxonomy":"category","embeddable":true,"href":"https:\/\/redsemlac.com\/semmexico\/wp-json\/wp\/v2\/categories?post=27386"},{"taxonomy":"post_tag","embeddable":true,"href":"https:\/\/redsemlac.com\/semmexico\/wp-json\/wp\/v2\/tags?post=27386"}],"curies":[{"name":"wp","href":"https:\/\/api.w.org\/{rel}","templated":true}]}}