{"id":27383,"date":"2020-10-16T20:39:02","date_gmt":"2020-10-16T20:39:02","guid":{"rendered":"https:\/\/redsemlac.com\/semmexico\/?p=27383"},"modified":"2023-07-21T16:35:45","modified_gmt":"2023-07-21T21:35:45","slug":"impulsan-paridad-en-el-poder-judicial-de-guerrero","status":"publish","type":"post","link":"https:\/\/redsemlac.com\/semmexico\/impulsan-paridad-en-el-poder-judicial-de-guerrero\/","title":{"rendered":"Impulsan paridad en el Poder Judicial de Guerrero"},"content":{"rendered":"\n<p class=\"wp-block-paragraph\"><strong>Josefina Aguilar Pastor\u00a0<\/strong><\/p>\n\n\n\n<p class=\"wp-block-paragraph\">SemM\u00e9xico. Chilpancingo, Guerrero, 16 de octubre de 2020.- Reformar&nbsp;la Constituci\u00f3n pol\u00edtica local y armonizarla con la federal &nbsp;para garantizar la paridad de g\u00e9nero en el Poder Judicial, propuso el diputado local, Heriberto Huicochea V\u00e1zquez.&nbsp;<\/p>\n\n\n\n<p class=\"wp-block-paragraph\">En la sesi\u00f3n de este jueves, el legislador local priista, refiri\u00f3 que&nbsp;el principio de paridad de g\u00e9nero fue incorporado a la Constituci\u00f3n Pol\u00edtica del pa\u00eds, en el a\u00f1o 2014, en el art\u00edculo 41, que se\u00f1ala que los partidos pol\u00edticos deber\u00e1n postular de forma paritaria sus candidaturas para ocupar los espacios en los congresos federal y locales.&nbsp;<\/p>\n\n\n\n<p class=\"wp-block-paragraph\">Actualmente agreg\u00f3, se considera a la paridad como un principio constitucional, que tiene como finalidad la igualdad sustantiva entre los g\u00e9neros, adoptado por M\u00e9xico, como parte de los compromisos internacionales adquiridos, a fin de que los derechos pol\u00edtico electorales de las y los ciudadanos se ejerzan en condiciones de igualdad, \u201cel objetivo de la paridad es lograr la inclusi\u00f3n de mujeres en los espacios de decisi\u00f3n p\u00fablica\u201d, subray\u00f3.&nbsp;<\/p>\n\n\n\n<p class=\"wp-block-paragraph\">Huicochea V\u00e1zquez, hizo una remembranza hist\u00f3rica de los avances hist\u00f3ricos de las mujeres en el reconocimiento de sus derechos pol\u00edticos, que se remontan a m\u00e1s de cien a\u00f1os, con el primer Congreso Feminista en Yucat\u00e1n.&nbsp;<\/p>\n\n\n\n<p class=\"wp-block-paragraph\">El 14 de enero de 2008, agreg\u00f3, se public\u00f3 en el diario oficial de la federaci\u00f3n, un nuevo c\u00f3digo federal de instituciones y procedimientos electorales, que en su art\u00edculo 175, numeral 3, cambi\u00f3 el t\u00e9rmino de la \u201cequidad entre hombres y mujeres\u201d por \u201cparidad de g\u00e9nero, con la finalidad de lograr una representaci\u00f3n igualitaria.&nbsp;<\/p>\n\n\n\n<p class=\"wp-block-paragraph\">Dijo que con el paso del tiempo y mediante una lucha constante, las mujeres han logrado el reconocimiento de sus derechos pol\u00edticos, para votar y ser electas a un cargo de elecci\u00f3n popular, y adelant\u00f3 que la pr\u00f3xima legislatura local, estar\u00e1 integrada por vez primera de forma paritaria, por un 50 por ciento de&nbsp;mujeres y un 50 por ciento de&nbsp;hombres.&nbsp;<\/p>\n\n\n\n<p class=\"wp-block-paragraph\">Sin embargo, reconoci\u00f3 que a\u00fan&nbsp;hay mucho camino por andar, a\u00fan la participaci\u00f3n de la mujer en cargos p\u00fablicos dentro de los tres poderes, o por elecci\u00f3n popular o por nombramiento, es insuficiente, por lo que se\u00f1al\u00f3 la necesidad de armonizar los ordenamientos normativos estatales con la Constituci\u00f3n Pol\u00edtica del pa\u00eds, y hacer efectiva la paridad de g\u00e9nero al interior del Poder judicial en el Estado.&nbsp;<\/p>\n\n\n\n<p class=\"wp-block-paragraph\">\u201cEs necesario que nuestra constituci\u00f3n pol\u00edtica, espec\u00edficamente en lo relacionado con la integraci\u00f3n del Poder Judicial del Estado, sea reformada, con la finalidad de garantizar la participaci\u00f3n sustantiva e igualitaria de mujeres y hombres, como magistradas y magistrados\u201d, expuso Huicochea V\u00e1zquez.&nbsp;<\/p>\n\n\n\n<p class=\"wp-block-paragraph\">Actualmente el pleno del tribunal superior de justicia del estado, est\u00e1 integrado por 24 titulares, de los cuales solamente apenas 7 son magistradas. La propuesta que fue turnada a la comisi\u00f3n de&nbsp;comisi\u00f3n de estudios constitucionales y jur\u00eddicos, tambi\u00e9n&nbsp;va encaminada a que el nombramiento de las y los jueces, sea con base al principio de paridad de g\u00e9nero.&nbsp;&nbsp;<\/p>\n","protected":false},"excerpt":{"rendered":"<p>Actualmente el pleno del tribunal superior de justicia del estado, est\u00e1 integrado por 24 titulares, de los cuales solamente apenas 7 son magistradas. <\/p>\n","protected":false},"author":3,"featured_media":27384,"comment_status":"open","ping_status":"open","sticky":false,"template":"","format":"standard","meta":{"_monsterinsights_skip_tracking":false,"footnotes":""},"categories":[691,50],"tags":[],"class_list":["post-27383","post","type-post","status-publish","format-standard","has-post-thumbnail","category-691","category-congreso"],"_links":{"self":[{"href":"https:\/\/redsemlac.com\/semmexico\/wp-json\/wp\/v2\/posts\/27383","targetHints":{"allow":["GET"]}}],"collection":[{"href":"https:\/\/redsemlac.com\/semmexico\/wp-json\/wp\/v2\/posts"}],"about":[{"href":"https:\/\/redsemlac.com\/semmexico\/wp-json\/wp\/v2\/types\/post"}],"author":[{"embeddable":true,"href":"https:\/\/redsemlac.com\/semmexico\/wp-json\/wp\/v2\/users\/3"}],"replies":[{"embeddable":true,"href":"https:\/\/redsemlac.com\/semmexico\/wp-json\/wp\/v2\/comments?post=27383"}],"version-history":[{"count":0,"href":"https:\/\/redsemlac.com\/semmexico\/wp-json\/wp\/v2\/posts\/27383\/revisions"}],"wp:featuredmedia":[{"embeddable":true,"href":"https:\/\/redsemlac.com\/semmexico\/wp-json\/wp\/v2\/media\/27384"}],"wp:attachment":[{"href":"https:\/\/redsemlac.com\/semmexico\/wp-json\/wp\/v2\/media?parent=27383"}],"wp:term":[{"taxonomy":"category","embeddable":true,"href":"https:\/\/redsemlac.com\/semmexico\/wp-json\/wp\/v2\/categories?post=27383"},{"taxonomy":"post_tag","embeddable":true,"href":"https:\/\/redsemlac.com\/semmexico\/wp-json\/wp\/v2\/tags?post=27383"}],"curies":[{"name":"wp","href":"https:\/\/api.w.org\/{rel}","templated":true}]}}