{"id":27380,"date":"2020-10-16T19:35:07","date_gmt":"2020-10-16T19:35:07","guid":{"rendered":"https:\/\/redsemlac.com\/semmexico\/?p=27380"},"modified":"2023-07-21T16:35:45","modified_gmt":"2023-07-21T21:35:45","slug":"los-recortes-presupuestarios-en-mexico-amenazan-la-salud-y-la-igualdad-de-las-mujeres-onu","status":"publish","type":"post","link":"https:\/\/redsemlac.com\/semmexico\/los-recortes-presupuestarios-en-mexico-amenazan-la-salud-y-la-igualdad-de-las-mujeres-onu\/","title":{"rendered":"Los recortes presupuestarios en M\u00e9xico amenazan la salud y la igualdad de las mujeres: ONU"},"content":{"rendered":"\n<p class=\"wp-block-paragraph\"><strong>Redacci\u00f3n\u00a0<\/strong><\/p>\n\n\n\n<p class=\"wp-block-paragraph\">SemM\u00e9xico\/Noticias ONU. 16 de octubre de 2020.-&nbsp;&nbsp;&nbsp;&nbsp;Un grupo de personas expertas de la ONU en derechos humanos exhort\u00f3 al gobierno de M\u00e9xico a no efectuar m\u00e1s recortes presupuestarios en una serie de programas destinados a la prevenci\u00f3n y el apoyo a las mujeres v\u00edctimas de violencia, as\u00ed como a la salud maternal, sexual y reproductiva.<\/p>\n\n\n\n<p class=\"wp-block-paragraph\">Seg\u00fan este conjunto de especialistas*, el proyecto de ley presupuestario para 2021 incluye recortes de entre un 10 y un 20 por ciento en relaci\u00f3n con los montos destinados para este a\u00f1o y el anterior. Las reducciones previstas son a\u00fan m\u00e1s importantes para los proyectos relacionados con mujeres ind\u00edgenas.<\/p>\n\n\n\n<p class=\"wp-block-paragraph\">Los recortes afectar\u00edan a un programa para promover la igualdad entre mujeres y hombres ind\u00edgenas -que ver\u00eda disminuida su aportaci\u00f3n econ\u00f3mica un 53%- y otro que busca promover la participaci\u00f3n de las mujeres ind\u00edgenas se eliminar\u00eda por completo.<\/p>\n\n\n\n<p class=\"wp-block-paragraph\">\u201cSi se aprueba el proyecto de ley de presupuesto tal cual, se realizar\u00e1n recortes significativos a las pol\u00edticas destinadas a la lucha contra la discriminaci\u00f3n y la violencia contra las mujeres y las ni\u00f1as, a la salud sexual y reproductiva y a la promoci\u00f3n de los derechos de las mujeres ind\u00edgenas\u201d, alertaron.<\/p>\n\n\n\n<p class=\"wp-block-paragraph\">Las y los expertos destacaron que estos recortes presupuestarios no har\u00e1n m\u00e1s que empeorar la crisis presupuestaria que ha afectado la prestaci\u00f3n de servicios de mujeres y ni\u00f1as durante los \u00faltimos a\u00f1os.<\/p>\n\n\n\n<p class=\"wp-block-paragraph\">Al mismo tiempo, recordaron que tanto el Instituto Nacional de las Mujeres (INMUJERES) como el Instituto Nacional de los Pueblos Ind\u00edgenas (INPI), que costean refugios y centros para mujeres ind\u00edgenas y afro-mexicanas, han sufrido recortes y que la p\u00e9rdida de estos recursos ha afectado los servicios de salud sexual y reproductiva de las mujeres ind\u00edgenas, as\u00ed como los destinados a las mujeres v\u00edctimas de la violencia.<\/p>\n\n\n\n<p class=\"wp-block-paragraph\">Por ello, indicaron que \u201clos gobiernos deben garantizar que los servicios esenciales, como los relacionados con la violencia contra la mujer y la salud sexual y reproductiva, permanezcan disponibles durante la pandemia de COVID-19 y posteriormente\u201d, e instaron a M\u00e9xico a ejecutar en su totalidad el presupuesto para 2020 y evitar que se interrumpan los servicios.<\/p>\n\n\n\n<p class=\"wp-block-paragraph\">El grupo de especialistas destac\u00f3 los progresos \u201csignificativos\u201d de M\u00e9xico durante las \u00faltimas dos d\u00e9cadas \u201cen la promoci\u00f3n de presupuestos con una perspectiva de g\u00e9nero a nivel federal y estatal\u201d y se\u00f1alaron que esta tendencia debe continuar y reforzarse en el presupuesto federal para el a\u00f1o que viene.<\/p>\n\n\n\n<p class=\"wp-block-paragraph\">\u00abUn presupuesto con perspectiva de g\u00e9nero debe preservar aquellas acciones y programas que son clave para erradicar la discriminaci\u00f3n y la violencia contra la mujer, y no socavarlos\u00bb.<\/p>\n\n\n\n<p class=\"wp-block-paragraph\">Las y los expertos son*: Dubravka Simonovic, relatora especial sobre la violencia contra la mujer, sus causas y consecuencias; los miembros del Grupo de Trabajo sobre la discriminaci\u00f3n contra mujeres y ni\u00f1as: Elizabeth Broderick (Presidenta), Melissa Upreti (Vicepresidenta), Alda Facio, Ivana Rada\u010di\u0107 y Meskerem Geset Techane, y Jos\u00e9 Francisco Cali Tzay, relator especial sobre los derechos de los pueblos ind\u00edgenas.<\/p>\n\n\n\n<p class=\"wp-block-paragraph\">Las y los Relatores Especiales forman parte de los Procedimientos Especiales del Consejo de Derechos Humanos. Los Procedimientos Especiales, el mayor \u00f3rgano de expertos independientes en el sistema de la ONU para los Derechos Humanos, es el nombre general de los mecanismos independientes de investigaci\u00f3n y monitoreo establecidos por el Consejo para hacer frente a situaciones concretas en pa\u00edses o a cuestiones tem\u00e1ticas en todo el mundo. Los expertos de los Procedimientos Especiales trabajan de manera voluntaria; no son personal de la ONU y no perciben un salario por su trabajo. Son independientes de cualquier gobierno u organizaci\u00f3n y act\u00faan a t\u00edtulo individual.<\/p>\n","protected":false},"excerpt":{"rendered":"<p> Las reducciones previstas son a\u00fan m\u00e1s importantes para los proyectos relacionados con mujeres ind\u00edgenas.<\/p>\n","protected":false},"author":3,"featured_media":27381,"comment_status":"open","ping_status":"open","sticky":false,"template":"","format":"standard","meta":{"_monsterinsights_skip_tracking":false,"footnotes":""},"categories":[691,51],"tags":[],"class_list":["post-27380","post","type-post","status-publish","format-standard","has-post-thumbnail","category-691","category-ejecutivo"],"_links":{"self":[{"href":"https:\/\/redsemlac.com\/semmexico\/wp-json\/wp\/v2\/posts\/27380","targetHints":{"allow":["GET"]}}],"collection":[{"href":"https:\/\/redsemlac.com\/semmexico\/wp-json\/wp\/v2\/posts"}],"about":[{"href":"https:\/\/redsemlac.com\/semmexico\/wp-json\/wp\/v2\/types\/post"}],"author":[{"embeddable":true,"href":"https:\/\/redsemlac.com\/semmexico\/wp-json\/wp\/v2\/users\/3"}],"replies":[{"embeddable":true,"href":"https:\/\/redsemlac.com\/semmexico\/wp-json\/wp\/v2\/comments?post=27380"}],"version-history":[{"count":0,"href":"https:\/\/redsemlac.com\/semmexico\/wp-json\/wp\/v2\/posts\/27380\/revisions"}],"wp:featuredmedia":[{"embeddable":true,"href":"https:\/\/redsemlac.com\/semmexico\/wp-json\/wp\/v2\/media\/27381"}],"wp:attachment":[{"href":"https:\/\/redsemlac.com\/semmexico\/wp-json\/wp\/v2\/media?parent=27380"}],"wp:term":[{"taxonomy":"category","embeddable":true,"href":"https:\/\/redsemlac.com\/semmexico\/wp-json\/wp\/v2\/categories?post=27380"},{"taxonomy":"post_tag","embeddable":true,"href":"https:\/\/redsemlac.com\/semmexico\/wp-json\/wp\/v2\/tags?post=27380"}],"curies":[{"name":"wp","href":"https:\/\/api.w.org\/{rel}","templated":true}]}}