{"id":27377,"date":"2020-10-16T19:32:54","date_gmt":"2020-10-16T19:32:54","guid":{"rendered":"https:\/\/redsemlac.com\/semmexico\/?p=27377"},"modified":"2023-07-21T16:35:45","modified_gmt":"2023-07-21T21:35:45","slug":"el-reconocimiento-de-nuestros-derechos-politicos-no-han-sido-un-regalo-sino-una-conquista","status":"publish","type":"post","link":"https:\/\/redsemlac.com\/semmexico\/el-reconocimiento-de-nuestros-derechos-politicos-no-han-sido-un-regalo-sino-una-conquista\/","title":{"rendered":"El reconocimiento de nuestros derechos pol\u00edticos no han sido un regalo, sino una conquista"},"content":{"rendered":"\n<ul class=\"wp-block-list\"><li><strong>Conmemoran aniversario del voto de las mujeres mexicanas en Guerrero\u00a0<\/strong><\/li><\/ul>\n\n\n\n<p class=\"wp-block-paragraph\"><strong>Josefina Aguilar Pastor\u00a0<\/strong><\/p>\n\n\n\n<p class=\"wp-block-paragraph\">SemM\u00e9xico. Chilpancingo, Guerrero, 16 de octubre de 2020.- Las&nbsp;mujeres&nbsp;est\u00e1n listas para gobernar, para ocupar espacios, defender\u00e1n los derechos pol\u00edticos y la paridad de g\u00e9nero, advirti\u00f3 la diputada local de Morena, Norma Otilia Hern\u00e1ndez Mart\u00ednez.&nbsp;<\/p>\n\n\n\n<p class=\"wp-block-paragraph\">En el marco del aniversario del reconocimiento del voto de la mujer en M\u00e9xico, Hern\u00e1ndez Mart\u00ednez, present\u00f3 un pronunciamiento, el cual fue le\u00eddo por la diputada Nilsan Hilario Mendoza, en su representaci\u00f3n.&nbsp;&nbsp;<\/p>\n\n\n\n<p class=\"wp-block-paragraph\">Expuso que&nbsp;la lucha por los derechos pol\u00edticos de las mujeres en M\u00e9xico no ha sido f\u00e1cil, ha sido un camino dif\u00edcil, fue un proceso largo y complejo, venciendo muchas dificultades. Record\u00f3 que en 1920, Elvia Carrillo Puerto fue la primera diputada electa al Congreso Local en Yucat\u00e1n, pero con s\u00f3lo dos a\u00f1os en el cargo, fue hostigada y amenazada de muerte, y se vio obligada a renunciar al cargo.&nbsp;&nbsp;<\/p>\n\n\n\n<p class=\"wp-block-paragraph\">Despu\u00e9s de muchos a\u00f1os de lucha, finalmente el 17 de octubre de 1953, en M\u00e9xico es reconocido el derecho de las mujeres a votar y ser electas para puestos de representaci\u00f3n pol\u00edtica, y por primera vez, el 3 de julio de 1955, las mujeres mexicanas emitieron su voto en elecciones federales.&nbsp;<\/p>\n\n\n\n<p class=\"wp-block-paragraph\">\u201cLa obtenci\u00f3n de este derecho constitucional es trascendental, no solo permite a la mujer elegir a sus gobernantes y participar activamente en la vida pol\u00edtica, a partir de entonces ha continuado la lucha de las mujeres por sus derechos en la toma de decisiones p\u00fablicas del pa\u00eds\u201d, destac\u00f3 la diputada.&nbsp;<\/p>\n\n\n\n<p class=\"wp-block-paragraph\">A 67 a\u00f1os de la conmemoraci\u00f3n del voto de la mujer, en M\u00e9xico, a\u00fan persiste la brecha de la desigualdad entre hombres y mujeres, pese a todas las reformas de ley en materia de paridad de g\u00e9nero, se\u00f1al\u00f3.&nbsp;&nbsp;<\/p>\n\n\n\n<p class=\"wp-block-paragraph\">Si bien es cierto, agreg\u00f3 los derechos de las mujeres se encuentran plasmados en los ordenamientos normativos, a\u00fan falta que estas leyes se reflejen en los hechos, crear un ambiente de participaci\u00f3n femenina, logrando con ello igualdad y paridad de g\u00e9nero; \u201cy ello es una lucha que como mujeres nos involucra a todas\u201d.&nbsp;<\/p>\n\n\n\n<p class=\"wp-block-paragraph\">Se\u00f1al\u00f3 que la reforma constitucional del 2019, que da reconocimiento pleno de los derechos pol\u00edticos de las mujeres, y ratifica la paridad de g\u00e9nero en todos los cargos de la administraci\u00f3n p\u00fablica federal, estatal y municipal, requiere voluntad y congruencia pol\u00edtica de todos los niveles de gobierno, para que todos los cargos p\u00fablicos sean 50 por ciento para mujeres y 50 para hombres.&nbsp;<\/p>\n\n\n\n<p class=\"wp-block-paragraph\">Tambi\u00e9n mencion\u00f3 que con la reforma electoral reci\u00e9n aprobada en Guerrero, se cumplen con el anhelo de miles de mujeres y organizaciones feministas de Guerrero, asegurando el derecho de las mujeres a una vida libre de violencia, garantiza sus derechos pol\u00edtico-electorales en el acceso a participar en los espacios p\u00fablicos, y adem\u00e1s otorga medidas de protecci\u00f3n a las v\u00edctimas para prevenir, sancionar y erradicar la violencia pol\u00edtica contra las mujeres en raz\u00f3n de g\u00e9nero.&nbsp;<\/p>\n\n\n\n<p class=\"wp-block-paragraph\">\u201cEl reconocimiento de nuestros derechos pol\u00edticos no han sido un regalo, sino una conquista (\u2026), hoy debemos de sentirnos orgullosas porque hemos accedido a espacios de representaci\u00f3n pol\u00edtica, compa\u00f1eras la ley est\u00e1 de nuestro lado, estamos listas para gobernar, para ocupar espacios, participemos, hagamos realidad los sue\u00f1os de las mujeres que iniciaron este movimiento\u201d, recalc\u00f3.&nbsp;<\/p>\n\n\n\n<p class=\"wp-block-paragraph\">Advirti\u00f3 que estos derechos no se ver\u00e1n concretados, sino es con la suma de todas y todos los actores pol\u00edticos, m\u00e1s all\u00e1 de su ideolog\u00eda y procedencia partidista. Adelant\u00f3 que desde el Congreso Local, defender\u00e1n los derechos pol\u00edticos y la paridad de g\u00e9nero, independientemente de su filiaci\u00f3n partidista, \u201cseguiremos abanderando la lucha de las mujeres, siempre lo haremos por causas justas y bajo el camino de la ley\u201d, puntualiz\u00f3.&nbsp;&nbsp;<\/p>\n","protected":false},"excerpt":{"rendered":"<p>Conmemoran aniversario del voto de las mujeres mexicanas en Guerrero <\/p>\n","protected":false},"author":3,"featured_media":27378,"comment_status":"open","ping_status":"open","sticky":false,"template":"","format":"standard","meta":{"_monsterinsights_skip_tracking":false,"footnotes":""},"categories":[691,50],"tags":[],"class_list":["post-27377","post","type-post","status-publish","format-standard","has-post-thumbnail","category-691","category-congreso"],"_links":{"self":[{"href":"https:\/\/redsemlac.com\/semmexico\/wp-json\/wp\/v2\/posts\/27377","targetHints":{"allow":["GET"]}}],"collection":[{"href":"https:\/\/redsemlac.com\/semmexico\/wp-json\/wp\/v2\/posts"}],"about":[{"href":"https:\/\/redsemlac.com\/semmexico\/wp-json\/wp\/v2\/types\/post"}],"author":[{"embeddable":true,"href":"https:\/\/redsemlac.com\/semmexico\/wp-json\/wp\/v2\/users\/3"}],"replies":[{"embeddable":true,"href":"https:\/\/redsemlac.com\/semmexico\/wp-json\/wp\/v2\/comments?post=27377"}],"version-history":[{"count":0,"href":"https:\/\/redsemlac.com\/semmexico\/wp-json\/wp\/v2\/posts\/27377\/revisions"}],"wp:featuredmedia":[{"embeddable":true,"href":"https:\/\/redsemlac.com\/semmexico\/wp-json\/wp\/v2\/media\/27378"}],"wp:attachment":[{"href":"https:\/\/redsemlac.com\/semmexico\/wp-json\/wp\/v2\/media?parent=27377"}],"wp:term":[{"taxonomy":"category","embeddable":true,"href":"https:\/\/redsemlac.com\/semmexico\/wp-json\/wp\/v2\/categories?post=27377"},{"taxonomy":"post_tag","embeddable":true,"href":"https:\/\/redsemlac.com\/semmexico\/wp-json\/wp\/v2\/tags?post=27377"}],"curies":[{"name":"wp","href":"https:\/\/api.w.org\/{rel}","templated":true}]}}