{"id":27373,"date":"2020-10-16T18:21:20","date_gmt":"2020-10-16T18:21:20","guid":{"rendered":"https:\/\/redsemlac.com\/semmexico\/?p=27373"},"modified":"2023-07-21T16:35:45","modified_gmt":"2023-07-21T21:35:45","slug":"buscan-castigar-acoso-sexual-callejero-con-3-anos-de-prision-en-guerrero","status":"publish","type":"post","link":"https:\/\/redsemlac.com\/semmexico\/buscan-castigar-acoso-sexual-callejero-con-3-anos-de-prision-en-guerrero\/","title":{"rendered":"Buscan castigar acoso sexual callejero con 3 a\u00f1os de prisi\u00f3n en Guerrero"},"content":{"rendered":"\n<p class=\"wp-block-paragraph\">Josefina Aguilar Pastor&nbsp;<\/p>\n\n\n\n<p class=\"wp-block-paragraph\">SemM\u00e9xico.Chilpancingo, Guerrero, 15 de octubre de 2020.-&nbsp;La diputada local, Leticia Mosso Hern\u00e1ndez, propuso tipificar como delito el \u201cacoso sexual callejero\u201d, que se castigar\u00e1 con 3 y hasta 8 a\u00f1os de prisi\u00f3n, si es cometido contra menores de edad, cuando exista la participaci\u00f3n de dos o m\u00e1s agresores o la conducta sea realizada por servidores p\u00fablicos, la penalidad se duplicar\u00e1.&nbsp;<\/p>\n\n\n\n<p class=\"wp-block-paragraph\">En la sesi\u00f3n de este jueves, la legisladora del Partido del Trabajo, propuso adicionar el art\u00edculo186 bis, del C\u00f3digo Penal del Estado de Guerrero, n\u00famero 499.&nbsp;<\/p>\n\n\n\n<p class=\"wp-block-paragraph\">En su argumentaci\u00f3n refiri\u00f3 que el&nbsp;Observatorio Contra el Acoso Chileno,&nbsp;define al acoso sexual&nbsp;en espacios p\u00fablicos o \u201cacoso sexual callejero\u201d como;&nbsp;\u201cpr\u00e1cticas de&nbsp;connotaci\u00f3n sexual ejercidas&nbsp;por una&nbsp;persona desconocida, en&nbsp;espacios p\u00fablicos como&nbsp;la calle, el transporte o espacios semi p\u00fablicos (universidad, plazas); que suelen generar&nbsp;malestar en&nbsp;la v\u00edctima; son&nbsp;unidireccionales, es decir, no son consentidas por la v\u00edctima y quien acosa no tiene inter\u00e9s en entablar una comunicaci\u00f3n real con la persona agredida\u201d.&nbsp;<\/p>\n\n\n\n<p class=\"wp-block-paragraph\">Las pr\u00e1cticas consideras como acoso sexual callejero son; miradas lascivas. Piropos, silbidos, besos, bocinazos, jadeos y otros ruidos, gestos obscenos, comentarios sexuales, directos o indirectos al cuerpo, fotograf\u00edas y grabaciones del cuerpo, no consentidas y con connotaci\u00f3n sexual, tocamientos (\u201cagarrones\u201d, \u201cmanoseos\u201d, \u201cpunteos\u201d), persecuci\u00f3n y arrinconamiento, y masturbaci\u00f3n con o sin eyaculaci\u00f3n y exhibicionismo, puntualiz\u00f3 la legisladora.&nbsp;<\/p>\n\n\n\n<p class=\"wp-block-paragraph\">En Guerrero, agreg\u00f3 Mosso Hern\u00e1ndez, la ENDIREH 2016, revel\u00f3 que 57.5 por ciento de las mujeres encuestadas, indicaron haber sido v\u00edctimas de violencia de g\u00e9nero; el 28.3 por ciento haber sufrido violencia comunitaria, de la cual el 66.8 por ciento fue violencia sexual, 23.3 por ciento emocional y 9.9 por ciento f\u00edsica. Los espacios p\u00fablicos donde mayor se ejerci\u00f3 la violencia contra las mujeres fue la calle con 65.3 por ciento, seguido del autob\u00fas o microb\u00fas con 13.2 por ciento y 5.2 por ciento en el mercado, plaza, tianguis o centro comercial.&nbsp;&nbsp;<\/p>\n\n\n\n<p class=\"wp-block-paragraph\">Mencion\u00f3 el video difundido la semana pasada, a trav\u00e9s de redes sociales, grabado por una joven en la cuidad de Chilpancingo donde un sujeto se masturbaba en una combi de transporte p\u00fablico, \u201clo que refuerza la necesidad de legislar al respecto\u201d, subray\u00f3.&nbsp;&nbsp;<\/p>\n\n\n\n<p class=\"wp-block-paragraph\">\u201cConsiderar que lo que ocurre en los espacios p\u00fablicos es tan importante como cualquier otro aspecto de la vida social\u201d, recalc\u00f3 la diputada local, quien mencion\u00f3 que de acuerdo al estudio \u201cEl acoso sexual en lugares p\u00fablicos: un estudio desde la Grounded Theory\u201d&nbsp;algunas de las consecuencias del acoso sexual, derivan en consecuencias&nbsp;psicol\u00f3gicas como la sensaci\u00f3n de p\u00e9rdida del control, disminuci\u00f3n de la autoestima, distorsiones en la valoraci\u00f3n cognoscitiva de las experiencias mismas de acoso, y un incremento en la inseguridad propia, as\u00ed como en la desconfianza hacia los hombres desconocidos en general.&nbsp;<\/p>\n\n\n\n<p class=\"wp-block-paragraph\">\u201cPor lo anterior, se considera importante establecer como hecho delictivo el acoso sexual callejero\u201d, argument\u00f3 Mosso Hern\u00e1ndez, con&nbsp;la finalidad recalc\u00f3, de disminuir y erradicar este tipo de conductas que laceran la dignidad en especial de las mujeres.&nbsp;<\/p>\n\n\n\n<p class=\"wp-block-paragraph\">Asent\u00f3 que ha sido insuficiente haber establecido el hostigamiento y acoso sexual como parte de la violencia familiar, laboral y escolar, y en la comunidad, debido a que este tipo de acoso en espacios, v\u00edas y transporte p\u00fablico sigue siendo invisibilizado a pesar de la frecuencia con que se comete, sin considerar que da\u00f1a la dignidad, la integridad y la libertad de las mujeres \u201cy por tanto debe considerarse como hecho delictivo\u201d, subray\u00f3.&nbsp;<\/p>\n\n\n\n<p class=\"wp-block-paragraph\">La propuesta de la diputada del PT, de adici\u00f3n del art\u00edculo Bis, establece&nbsp;&nbsp;como \u201cAcoso Sexual Callejero\u201d; a&nbsp;quien con fines o m\u00f3viles lascivos asedie a otra persona, tome fotos y\/o grabe su cuerpo sin su consentimiento, tenga&nbsp;contacto f\u00edsico y\/o arrinconamiento no consentido, persiga, se masturbe con o sin eyaculaci\u00f3n o realice exhibicionismo en lugares p\u00fablicos y\/o&nbsp;privados de acceso p\u00fablico, v\u00edas y transporte p\u00fablico y provoque malestar en la v\u00edctima da\u00f1ando su dignidad e integridad personal, se le impondr\u00e1 de tres a ocho a\u00f1os de prisi\u00f3n y de doscientos a quinientos d\u00edas multa.&nbsp;<\/p>\n\n\n\n<p class=\"wp-block-paragraph\">Cuando la conducta sea cometida contra menores de edad o el agresor sea reincidente, o exista la participaci\u00f3n de dos o m\u00e1s agresores o la conducta sea realizada por servidores p\u00fablicos la penalidad referida se duplicar\u00e1.&nbsp;&nbsp;&nbsp;<\/p>\n\n\n\n<p class=\"wp-block-paragraph\">Este delito se perseguir\u00e1 a petici\u00f3n de parte ofendida, salvo que exista la participaci\u00f3n de servidores p\u00fablicos en cuyo caso ser\u00e1 de oficio. La propuesta se turn\u00f3 a la Comisi\u00f3n de Justicia.&nbsp;<\/p>\n","protected":false},"excerpt":{"rendered":"<p>Proponen tipificar como delito el \u201cacoso sexual callejero\u201d, que se castigar\u00e1 con 3 y hasta 8 a\u00f1os de prisi\u00f3n<\/p>\n","protected":false},"author":3,"featured_media":27374,"comment_status":"open","ping_status":"open","sticky":false,"template":"","format":"standard","meta":{"_monsterinsights_skip_tracking":false,"footnotes":""},"categories":[691,50],"tags":[],"class_list":["post-27373","post","type-post","status-publish","format-standard","has-post-thumbnail","category-691","category-congreso"],"_links":{"self":[{"href":"https:\/\/redsemlac.com\/semmexico\/wp-json\/wp\/v2\/posts\/27373","targetHints":{"allow":["GET"]}}],"collection":[{"href":"https:\/\/redsemlac.com\/semmexico\/wp-json\/wp\/v2\/posts"}],"about":[{"href":"https:\/\/redsemlac.com\/semmexico\/wp-json\/wp\/v2\/types\/post"}],"author":[{"embeddable":true,"href":"https:\/\/redsemlac.com\/semmexico\/wp-json\/wp\/v2\/users\/3"}],"replies":[{"embeddable":true,"href":"https:\/\/redsemlac.com\/semmexico\/wp-json\/wp\/v2\/comments?post=27373"}],"version-history":[{"count":0,"href":"https:\/\/redsemlac.com\/semmexico\/wp-json\/wp\/v2\/posts\/27373\/revisions"}],"wp:featuredmedia":[{"embeddable":true,"href":"https:\/\/redsemlac.com\/semmexico\/wp-json\/wp\/v2\/media\/27374"}],"wp:attachment":[{"href":"https:\/\/redsemlac.com\/semmexico\/wp-json\/wp\/v2\/media?parent=27373"}],"wp:term":[{"taxonomy":"category","embeddable":true,"href":"https:\/\/redsemlac.com\/semmexico\/wp-json\/wp\/v2\/categories?post=27373"},{"taxonomy":"post_tag","embeddable":true,"href":"https:\/\/redsemlac.com\/semmexico\/wp-json\/wp\/v2\/tags?post=27373"}],"curies":[{"name":"wp","href":"https:\/\/api.w.org\/{rel}","templated":true}]}}