{"id":27369,"date":"2020-10-16T18:09:36","date_gmt":"2020-10-16T18:09:36","guid":{"rendered":"https:\/\/redsemlac.com\/semmexico\/?p=27369"},"modified":"2023-07-21T16:35:45","modified_gmt":"2023-07-21T21:35:45","slug":"paro-virtual-en-quimicas-de-la-unam-5-dias","status":"publish","type":"post","link":"https:\/\/redsemlac.com\/semmexico\/paro-virtual-en-quimicas-de-la-unam-5-dias\/","title":{"rendered":"Paro virtual en Qu\u00edmicas de la UNAM 5 d\u00edas"},"content":{"rendered":"\n<ul class=\"wp-block-list\"><li>Alumnas han documentado agresiones sexuales no resueltas.<\/li><\/ul>\n\n\n\n<ul class=\"wp-block-list\"><li>Amplia difusi\u00f3n en redes sociales.<\/li><\/ul>\n\n\n\n<p class=\"wp-block-paragraph\">Redacci\u00f3n<\/p>\n\n\n\n<p class=\"wp-block-paragraph\">SemM\u00e9xico. Cd. de M\u00e9xico. 16 de octubre de 2020.- De acuerdo con las comunicaciones en redes sociales hoy se pudo precisar que las estudiantes de la facultad de Qu\u00edmica de la Universidad Nacional Aut\u00f3noma de M\u00e9xico (UNAM) decidieron realizar un paro de actividades acad\u00e9micas, por v\u00eda virtual.<\/p>\n\n\n\n<p class=\"wp-block-paragraph\">Ello lo decidieron por lo que afirman en una larga carta publicada en Facebook, como un reclamo a las autoridades universitarias que han hecho caso omiso de las denuncias reiteradas de casos de acoso y violencia sexual de alumnos y profesores contra ellas.<\/p>\n\n\n\n<p class=\"wp-block-paragraph\">Acusan a las autoridades de ser c\u00f3mplices de los atropellos, encubrir a los posibles agresores y callar ante este problema.<\/p>\n\n\n\n<p class=\"wp-block-paragraph\">A ello las autoridades publicaron en sus redes oficiales una carta, referida a que, s\u00ed se atendi\u00f3 un caso en particular, desde el 10 de febrero \u00faltimo. Cosa que las estudiantes aseguran que es mentira.<\/p>\n\n\n\n<p class=\"wp-block-paragraph\">Las autoridades se refieren a que activaron los protocolos y han dado seguimiento.<\/p>\n\n\n\n<p class=\"wp-block-paragraph\">A ello, ellas replican que a la falta de atenci\u00f3n de las autoridades decidieron hacer el paro. En Facebook, firmado por Toffana, una colectiva de Qu\u00edmica, informan que el paro ser\u00eda de 4 d\u00edas, hasta el 19 de octubre. Que realizaron una asamblea virtual, con votaci\u00f3n. Advirtieron que si no hay di\u00e1logo lo podr\u00edan prolongar. No habr\u00e1, dijeron, actividades acad\u00e9micas.<\/p>\n\n\n\n<p class=\"wp-block-paragraph\">Piden las estudiantes que realmente la facultad informe y que no es un solo caso, sino otros. Quieren saber qu\u00e9 se ha hecho, si hay progreso o no, y aseguran que alumnas han sufrido violencia f\u00edsica, verbal y psicol\u00f3gica.<br>En una demanda de varios puntos, piden que se incorpore al patronato universitario la perspectiva de g\u00e9nero; que las autoridades capaciten al personal administrativo.<br>Tambi\u00e9n expresan que debe abrirse la comunicaci\u00f3n con el Tribunal Universitario, y previenen que debe sancionarse a los responsables y no tomar represalias contra quienes est\u00e1n participando en el paro.<br>Se\u00f1alan adem\u00e1s, a sus compa\u00f1eras y compa\u00f1eros que \u201cno tengan miedo de estar exigiendo sus derechos ante una facultad burocr\u00e1tica que se niega a escuchar a su alumnado\u201d y rematan se\u00f1alando que \u201clevantamos la voz ante la nula respuesta de las autoridades que predisponen haber resuelto un caso de muchas denuncias\u201d.<br>Seg\u00fan se pudo averiguar, la protesta es resultado de lo que sucedi\u00f3 el 11 de octubre, cuando una estudiante de la facultad, que cursa el noveno semestre, dijo en redes sociales que las autoridades de la Facultad de Qu\u00edmica, en el campus del pedregal, no han actuado y no han protegido su integridad, que le prometieron hacerlo.<br>La alumna en redes sociales dijo que actualmente estudia la carrera de Ingenier\u00eda Qu\u00edmica, que hizo saber a las autoridades que recibi\u00f3 agresiones y abuso sexual, incluso agresiones f\u00edsicas, pero afirm\u00f3: \u201ca la facultad eso parece no interesarle, pues no ha sido sancionado y tom\u00f3 clases el pasado semestre\u201d.<br>El paro es una respuesta a lo que llaman indiferencia y aunque han pedido justicia, en redes sociales, informan que fueron censuradas.<br>La respuesta, oficial, sin firma, pero del muro de la Facultad dice que el pasado el 10 de febrero la estudiante acudi\u00f3 con una de las Personas Orientadoras Contra la Violencia de G\u00e9nero de esta instituci\u00f3n, la cual le brind\u00f3 atenci\u00f3n y explic\u00f3 sobre las opciones que ten\u00eda de acuerdo con el Protocolo para la Atenci\u00f3n de Casos de Violencia de G\u00e9nero de la UNAM.<br>Se\u00f1ala el texto del comunicado oficial, colgado el d\u00eda 14 que la alumna interpuso una queja en la Unidad Jur\u00eddica de la facultad y 14 d\u00edas despu\u00e9s la instituci\u00f3n acad\u00e9mica dict\u00f3 medidas urgentes de protecci\u00f3n para evitar el contacto de ella con su agresor, y agreg\u00f3 que el 17 de marzo pasado se le notific\u00f3 a \u00e9ste la suspensi\u00f3n provisional hasta el 10 de enero de 2021 con el fin de que en esa fecha el Tribunal Universitario pueda analizar y definir la sanci\u00f3n definitiva para el alumno.<br>El comunicado afirma que se cumpli\u00f3 con lo que le corresponde y el caso seguir\u00e1 su proceso, pero no al interior de la instituci\u00f3n. \u201cEl caso se encuentra en el Tribunal Universitario desde el pasado 19 de marzo. De hecho, el nombre de la persona denunciada no apareci\u00f3 en actas de calificaci\u00f3n del semestre 2020-II ni en la lista de alguna de los grupos-asignatura en el semestre actual\u201d, finaliz\u00f3.<br>Todo ello, dijeron las y los paristas que no es vedad. Y que el agresor sexual ha asistido a clases todo el semestre pasado, lo que puso en riesgo a la alumna.<br>Como se inform\u00f3 la UNAM modific\u00f3 sus estatutos para establecer sanciones contra quienes cometan violencia de g\u00e9nero y para que la Defensor\u00eda de los Derechos Universitarios intervenga en la prevenci\u00f3n y erradicaci\u00f3n de la violencia contra las mujeres de la comunidad universitaria con el objetivo de agilizar la atenci\u00f3n a los casos, seg\u00fan el \u00faltimo discurso del Rector.<\/p>\n\n\n\n<figure class=\"wp-block-image size-large\"><img decoding=\"async\" src=\"https:\/\/redsemlac.com\/semmexico\/wp-content\/uploads\/2020\/10\/Screenshot_20201016-131012_Office-689x1024.jpg\" alt=\"\" class=\"wp-image-27370\"\/><\/figure>\n","protected":false},"excerpt":{"rendered":"<p>Alumnas han documentado agresiones sexuales no resueltas.<\/p>\n","protected":false},"author":3,"featured_media":27371,"comment_status":"open","ping_status":"open","sticky":false,"template":"","format":"standard","meta":{"_monsterinsights_skip_tracking":false,"footnotes":""},"categories":[691,54],"tags":[],"class_list":["post-27369","post","type-post","status-publish","format-standard","has-post-thumbnail","category-691","category-mujeres"],"_links":{"self":[{"href":"https:\/\/redsemlac.com\/semmexico\/wp-json\/wp\/v2\/posts\/27369","targetHints":{"allow":["GET"]}}],"collection":[{"href":"https:\/\/redsemlac.com\/semmexico\/wp-json\/wp\/v2\/posts"}],"about":[{"href":"https:\/\/redsemlac.com\/semmexico\/wp-json\/wp\/v2\/types\/post"}],"author":[{"embeddable":true,"href":"https:\/\/redsemlac.com\/semmexico\/wp-json\/wp\/v2\/users\/3"}],"replies":[{"embeddable":true,"href":"https:\/\/redsemlac.com\/semmexico\/wp-json\/wp\/v2\/comments?post=27369"}],"version-history":[{"count":0,"href":"https:\/\/redsemlac.com\/semmexico\/wp-json\/wp\/v2\/posts\/27369\/revisions"}],"wp:featuredmedia":[{"embeddable":true,"href":"https:\/\/redsemlac.com\/semmexico\/wp-json\/wp\/v2\/media\/27371"}],"wp:attachment":[{"href":"https:\/\/redsemlac.com\/semmexico\/wp-json\/wp\/v2\/media?parent=27369"}],"wp:term":[{"taxonomy":"category","embeddable":true,"href":"https:\/\/redsemlac.com\/semmexico\/wp-json\/wp\/v2\/categories?post=27369"},{"taxonomy":"post_tag","embeddable":true,"href":"https:\/\/redsemlac.com\/semmexico\/wp-json\/wp\/v2\/tags?post=27369"}],"curies":[{"name":"wp","href":"https:\/\/api.w.org\/{rel}","templated":true}]}}