{"id":27366,"date":"2020-10-16T16:39:00","date_gmt":"2020-10-16T16:39:00","guid":{"rendered":"https:\/\/redsemlac.com\/semmexico\/?p=27366"},"modified":"2023-07-21T16:35:45","modified_gmt":"2023-07-21T21:35:45","slug":"ley-de-violencia-digital","status":"publish","type":"post","link":"https:\/\/redsemlac.com\/semmexico\/ley-de-violencia-digital\/","title":{"rendered":"Sugieren diversos ajustes a la iniciativa de ley de violencia digital"},"content":{"rendered":"\n<ul class=\"wp-block-list\"><li><strong>Las acciones que se emprendan deben respetar el debido proceso<\/strong><\/li><\/ul>\n\n\n\n<ul class=\"wp-block-list\"><li><strong>Ley Olimpia ha generado que muchas mujeres denuncien la violencia digital, pero esto no se traduce en acceso a la justicia<\/strong><\/li><\/ul>\n\n\n\n<p class=\"wp-block-paragraph\"><strong>Olga Rosario Avenda\u00f1o<\/strong><\/p>\n\n\n\n<p class=\"wp-block-paragraph\">SemM\u00e9xico. Cd. de M\u00e9xico, 16 octubre, 2020.-<strong>&nbsp;<\/strong>Especialistas y activistas en derecho a la informaci\u00f3n, libertad de expresi\u00f3n y g\u00e9nero, hicieron diversas precisiones a la propuesta de ley para tipificar la violencia digital, misma que se discute en Comisiones Unidas para la Igualdad de G\u00e9nero y de Estudios Legislativos del Senado de la Rep\u00fablica.<\/p>\n\n\n\n<p class=\"wp-block-paragraph\">En la segunda reuni\u00f3n, encabezada por la senadora Martha Luc\u00eda Micher Camarena, presidenta de la Comisi\u00f3n para la Igualdad de G\u00e9nero, la abogada Leticia Stephanie Enr\u00edquez Valerio del Frente Nacional para la Sororidad, explic\u00f3 que la violencia digital se debe reconocer como modalidad para que se pueda prevenir y erradicar desde la perspectiva de g\u00e9nero.<\/p>\n\n\n\n<p class=\"wp-block-paragraph\">A la propuesta que presentaron por parte de la Comisi\u00f3n para la Igualdad de G\u00e9nero, Enr\u00edquez Valerio, dijo que en las modalidades de la violencia, concretamente en el art\u00edculo 20, debe quedar claro que \u201cla violencia digital son actos u omisiones, que causen da\u00f1o a la intimidad, privacidad y\/o dignidad de las mujeres, que se comentan por medio de las tecnolog\u00edas de la informaci\u00f3n y comunicaci\u00f3n, tales como; plataformas de redes sociales, correo electr\u00f3nico, mensajes de texto o llamadas v\u00eda tel\u00e9fono o celular, u otras tecnolog\u00edas an\u00e1logas\u201d.<\/p>\n\n\n\n<p class=\"wp-block-paragraph\">Tambi\u00e9n se considera violencia digital a toda acci\u00f3n dolosa realizada mediante el uso de tecnolog\u00edas de la informaci\u00f3n y comunicaci\u00f3n, por el que se obtenga, exponga, distribuya, difunda o exhiban.<\/p>\n\n\n\n<p class=\"wp-block-paragraph\">Adem\u00e1s mencion\u00f3 que \u201cla autoridad que ordene las medidas de protecci\u00f3n en este art\u00edculo, deber\u00e1 proveer, previamente, sobre las medidas necesarias para realizar la adecuada, l\u00edcita e id\u00f3nea conservaci\u00f3n e imagen forense del contenido que se denunci\u00f3. La conservaci\u00f3n e imagen forense a que se refiere este art\u00edculo deber\u00e1 ocurrir a trav\u00e9s de perito debidamente acreditado\u201d.<\/p>\n\n\n\n<p class=\"wp-block-paragraph\">El asesor de la Comisi\u00f3n de Igualdad del Senado, David Pe\u00f1a, mencion\u00f3 que en el art\u00edculo 20 sexties se menciona \u201ctrat\u00e1ndose de violencia digital y medi\u00e1tica, la o el Ministerio P\u00fablico, la Jueza o Juez, ordenar\u00e1n de manera inmediata, las medidas de protecci\u00f3n necesarias, ordenando v\u00eda electr\u00f3nica o mediante escrito a las empresas de plataformas digitales, redes sociales o p\u00e1ginas electr\u00f3nicas, personas f\u00edsicas o morales, la interrupci\u00f3n, bloqueo, destrucci\u00f3n, o eliminaci\u00f3n de im\u00e1genes, audios, o videos relacionados con la investigaci\u00f3n previa satisfacci\u00f3n de los requisitos de Ley\u201d.<\/p>\n\n\n\n<p class=\"wp-block-paragraph\">A lo que Vladimir Cort\u00e9s Roshdestvensky Oficial del Programa de Derechos Digitales de la organizaci\u00f3n Article 19 Oficina para M\u00e9xico, enfatiz\u00f3 que es importante revisar cuidadosamente los t\u00e9rminos en que se apruebe esta ley, pues \u201cse confunden conceptos y nociones; hay que ver exactamente que s\u00ed y que no podr\u00eda eliminarse de internet\u201d.<\/p>\n\n\n\n<p class=\"wp-block-paragraph\">A\u00f1adi\u00f3 que es importante que para que alguna de estas acciones suceda \u201cse cuente con una orden judicial que acredite la necesidad, ninguna eliminaci\u00f3n debe ser discrecional, adem\u00e1s toda eliminaci\u00f3n de contenidos debe contar con el debido proceso\u201d.<\/p>\n\n\n\n<p class=\"wp-block-paragraph\">Luego de enfatizar que de \u00faltima hora tuvieron acceso al dictamen que est\u00e1 a discusi\u00f3n en el Senado, mencion\u00f3 que para legislar este tema se deben ponderar los derechos digitales, las garant\u00edas y los recursos efectivos.<\/p>\n\n\n\n<p class=\"wp-block-paragraph\">En tanto que la Doctora Aim\u00e9e Vega Montiel Investigadora del Centro de Investigaciones Interdisciplinarias en Ciencias y Humanidades de la UNAM y experta en comunicaci\u00f3n y g\u00e9nero, afirm\u00f3 que legislar en esta materia \u201ces una deuda que tiene el gobierno mexicano desde la aprobaci\u00f3n de la plataforma de Beijing\u201d.<\/p>\n\n\n\n<p class=\"wp-block-paragraph\">Espec\u00edficamente a los t\u00e9rminos del dictamen observ\u00f3 que no puede tratarse como equivalente lo digital y medi\u00e1tico, pues el segundo t\u00e9rmino abarca tambi\u00e9n al primero.<\/p>\n\n\n\n<p class=\"wp-block-paragraph\">Agreg\u00f3 que \u201chay que poner encima el concepto medi\u00e1tico, porque \u00e9ste abarca todos los medios, incluido el digital; en otros pa\u00edses han servido como ley mordaza, aqu\u00ed hay que poner las pinzas necesarias\u201d.<\/p>\n\n\n\n<p class=\"wp-block-paragraph\">Ella ve otro riesgo cuando en el dictamen se usa el t\u00e9rmino \u201ccon el consentimiento de\u2026\u201d&nbsp;&nbsp;aqu\u00ed \u201cla carga est\u00e1 en la v\u00edctima, hace suponer que las mujeres estamos en igualdad\u201d, por lo que propuso que de ser posible se elimine esa definici\u00f3n.<\/p>\n\n\n\n<p class=\"wp-block-paragraph\">Mientras que en la frase se \u201csanciona al individuo\u201d, Vega Montiel propuso que \u201cen la definici\u00f3n junto al sujeto persona se incluya f\u00edsica o moral\u201d, ya que los medios de comunicaci\u00f3n est\u00e1n constituidos como personas morales y si esta figura no se considera, quedar\u00edan exentos de toda sanci\u00f3n, en caso de que incurrieran en alguno de los delitos digitales que la ley se\u00f1alar\u00e1.<\/p>\n\n\n\n<p class=\"wp-block-paragraph\">A su vez Lurdes Barrera Campos de la organizaci\u00f3n feminista Luchadoras, recomend\u00f3 eliminar el t\u00e9rmino dolo, ya que \u201chay varias formas de agresi\u00f3n, no s\u00f3lo se agrede a trav\u00e9s de las im\u00e1genes, recomendamos que se ampli\u00e9 y no se limite\u201d.<\/p>\n\n\n\n<p class=\"wp-block-paragraph\">Dijo que es importante que esta ley se apegue a las garant\u00edas individuales, y es importante tomar en cuenta que la informaci\u00f3n que se encuentra en determinadas plataformas no necesariamente tienen que \u201cbajarse\u201d, ya que hay formas de dejarla en la nube sin ser p\u00fablica y cuando la v\u00edctima lo necesite \u00e9sta pueda estar disponible.<\/p>\n\n\n\n<p class=\"wp-block-paragraph\">Por otra parte, dijo que en una investigaci\u00f3n que hicieron acerca de la aplicaci\u00f3n de la Ley Olimpia en diversos estados del pa\u00eds, encontraron que son las mujeres las que m\u00e1s denuncian, un 90 por ciento, sin embargo, eso no se traduce a un acceso a la justicia, pues el 83 por ciento de las carpetas que se han abierto siguen en tr\u00e1mite desde hace tres a\u00f1os, por lo que consider\u00f3 que al legislar tambi\u00e9n se generen protocolos para poder dar seguimiento a este tipo de delitos.<\/p>\n","protected":false},"excerpt":{"rendered":"<p>Las acciones que se emprendan deben respetar el debido proceso<\/p>\n","protected":false},"author":3,"featured_media":27367,"comment_status":"open","ping_status":"open","sticky":false,"template":"","format":"standard","meta":{"_monsterinsights_skip_tracking":false,"footnotes":""},"categories":[691,50],"tags":[],"class_list":["post-27366","post","type-post","status-publish","format-standard","has-post-thumbnail","category-691","category-congreso"],"_links":{"self":[{"href":"https:\/\/redsemlac.com\/semmexico\/wp-json\/wp\/v2\/posts\/27366","targetHints":{"allow":["GET"]}}],"collection":[{"href":"https:\/\/redsemlac.com\/semmexico\/wp-json\/wp\/v2\/posts"}],"about":[{"href":"https:\/\/redsemlac.com\/semmexico\/wp-json\/wp\/v2\/types\/post"}],"author":[{"embeddable":true,"href":"https:\/\/redsemlac.com\/semmexico\/wp-json\/wp\/v2\/users\/3"}],"replies":[{"embeddable":true,"href":"https:\/\/redsemlac.com\/semmexico\/wp-json\/wp\/v2\/comments?post=27366"}],"version-history":[{"count":0,"href":"https:\/\/redsemlac.com\/semmexico\/wp-json\/wp\/v2\/posts\/27366\/revisions"}],"wp:featuredmedia":[{"embeddable":true,"href":"https:\/\/redsemlac.com\/semmexico\/wp-json\/wp\/v2\/media\/27367"}],"wp:attachment":[{"href":"https:\/\/redsemlac.com\/semmexico\/wp-json\/wp\/v2\/media?parent=27366"}],"wp:term":[{"taxonomy":"category","embeddable":true,"href":"https:\/\/redsemlac.com\/semmexico\/wp-json\/wp\/v2\/categories?post=27366"},{"taxonomy":"post_tag","embeddable":true,"href":"https:\/\/redsemlac.com\/semmexico\/wp-json\/wp\/v2\/tags?post=27366"}],"curies":[{"name":"wp","href":"https:\/\/api.w.org\/{rel}","templated":true}]}}