{"id":27363,"date":"2020-10-16T16:36:34","date_gmt":"2020-10-16T16:36:34","guid":{"rendered":"https:\/\/redsemlac.com\/semmexico\/?p=27363"},"modified":"2023-07-21T16:35:45","modified_gmt":"2023-07-21T21:35:45","slug":"prioritario-fortalecer-la-participacion-politica-de-las-mujeres-indigenas-diputado-bonifaz-moedano","status":"publish","type":"post","link":"https:\/\/redsemlac.com\/semmexico\/prioritario-fortalecer-la-participacion-politica-de-las-mujeres-indigenas-diputado-bonifaz-moedano\/","title":{"rendered":"Prioritario, fortalecer la participaci\u00f3n pol\u00edtica de las mujeres ind\u00edgenas: diputado Bonifaz Moedano"},"content":{"rendered":"\n<ul class=\"wp-block-list\"><li><strong>En las comunidades originarias tienen pocas oportunidades: diputada Irma Juan Carlos<\/strong><\/li><li><strong>Los pueblos nativos deben tomarlas en cuenta en la toma de decisiones: diputada Wendy Brice\u00f1o<\/strong><\/li><\/ul>\n\n\n\n<p class=\"wp-block-paragraph\"><strong>Redacci\u00f3n\u00a0<\/strong><\/p>\n\n\n\n<p class=\"wp-block-paragraph\">SemM\u00e9xico\/Aso Comunicadores Arizmend. Cd. de M\u00e9xico. 16 de octubre de 2020.-\u00a0El presidente de la Comisi\u00f3n de Asuntos Frontera Sur, diputado Ra\u00fal Eduardo Bonifaz Moedano (Morena) subray\u00f3 que es prioritario garantizar la participaci\u00f3n pol\u00edtica de las mujeres, lograr una democracia fuerte y robustecer la paridad de g\u00e9nero, de manera especial en las comunidades originarias.\u00a0<\/p>\n\n\n\n<p class=\"wp-block-paragraph\">En la reuni\u00f3n virtual \u201cParidad de G\u00e9nero en Municipios Ind\u00edgenas de Chiapas\u201d, estim\u00f3 que hay un gran camino por recorrer para garantizar el ejercicio pleno de sus derechos; el objetivo es seguir ampliando su participaci\u00f3n en la vida p\u00fablica. \u201cLa intervenci\u00f3n de las mujeres a\u00fan presenta grandes obst\u00e1culos, como la violencia pol\u00edtica\u201d.\u00a0<br><\/p>\n\n\n\n<p class=\"wp-block-paragraph\"><strong>Las mujeres ind\u00edgenas tienen pocas oportunidades<\/strong><\/p>\n\n\n\n<p class=\"wp-block-paragraph\">La presidenta de la Comisi\u00f3n de Pueblos Ind\u00edgenas, diputada Irma Juan Carlos (Morena) refiri\u00f3 que la paridad de g\u00e9nero en las comunidades originarias de Chiapas es un tema pendiente, porque las mujeres a\u00fan son violentadas.<\/p>\n\n\n\n<p class=\"wp-block-paragraph\">\u201cEs una lucha que no termina; hoy existen mujeres importantes en muchos espacios de toma de decisiones, pero a las mujeres originarias les dan pocas oportunidades\u201d. Consider\u00f3 que debe haber mecanismos que permitan la participaci\u00f3n femenina en la vida pol\u00edtica. \u201cLos tiempos han cambiado y es un tema de derecho y justicia social\u201d.\u00a0<br><\/p>\n\n\n\n<p class=\"wp-block-paragraph\"><strong>Garantizar que mujeres lleguen al poder p\u00fablico<\/strong><\/p>\n\n\n\n<p class=\"wp-block-paragraph\">La diputada Wendy Brice\u00f1o Zuloaga (Morena), presidenta de la Comisi\u00f3n de Igualdad de G\u00e9nero, reiter\u00f3 que existe un compromiso para materializar la paridad a las comunidades ind\u00edgenas. Resalt\u00f3 que se logr\u00f3 que los pueblos originarios consideren la participaci\u00f3n igualitaria en la toma de sus decisiones.\u00a0\u00a0<\/p>\n\n\n\n<p class=\"wp-block-paragraph\">Subray\u00f3 que \u201cse ha reconocido y avanzado para que la participaci\u00f3n sin violencia sea una realidad, y cuando \u00e9sta se d\u00e9, que las mujeres tengan acceso a la justicia. Se debe proteger y garantizar el ejercicio de las mujeres en el poder p\u00fablico\u201d.\u00a0<\/p>\n\n\n\n<p class=\"wp-block-paragraph\">Por el PVEM, la diputada Zulma Espinoza Mata coment\u00f3 que el liderazgo, los retos y el acompa\u00f1amiento son fundamentales para lograr la paridad democr\u00e1tica que incluya a las mujeres ind\u00edgenas. \u201cSigamos avanzando; nuestra voz se est\u00e1 escuchando\u201d.<br><\/p>\n\n\n\n<p class=\"wp-block-paragraph\"><strong>Participaci\u00f3n de especialistas<\/strong><\/p>\n\n\n\n<p class=\"wp-block-paragraph\">Mar\u00eda Mandiola Totoricaguena, secretaria de Igualdad de G\u00e9nero de Chiapas, estim\u00f3 que se vive un momento de transformaci\u00f3n en el pa\u00eds que incide en las estructuras sociales profundamente arraigadas; sin embargo, el patriarcado genera resistencia al cambio. \u201cLa lucha de las nuevas generaciones es valiente y su \u00edmpetu llevar\u00e1 la transformaci\u00f3n a donde m\u00e1s se necesite\u201d.<\/p>\n\n\n\n<p class=\"wp-block-paragraph\">La presidenta municipal de Chanal, Chiapas, Alejandra Mart\u00ednez, resalt\u00f3 la necesidad de legislar para que las mujeres participen en la toma de decisiones en todo el pa\u00eds. Refiri\u00f3 que todav\u00eda se piensa que ser mujer ind\u00edgena es sin\u00f3nimo de pobreza y poca capacidad, pero tienen toda la capacidad para ocupar cargos pol\u00edticos.\u00a0<\/p>\n\n\n\n<p class=\"wp-block-paragraph\">Mar\u00eda S\u00e1nchez \u00c1lvarez, especialista en derecho de pueblos ind\u00edgenas, refiri\u00f3 que la mayor\u00eda de las mujeres de la regi\u00f3n Zoque, en Chiapas, a\u00fan viven acoso de su pareja y de la comunidad, lo que afecta o limita su desarrollo en todos los aspectos, sobre todo el pol\u00edtico.<\/p>\n","protected":false},"excerpt":{"rendered":"<p>Los pueblos nativos deben tomarlas en cuenta en la toma de decisiones: diputada Wendy Brice\u00f1o<\/p>\n","protected":false},"author":3,"featured_media":27364,"comment_status":"open","ping_status":"open","sticky":false,"template":"","format":"standard","meta":{"_monsterinsights_skip_tracking":false,"footnotes":""},"categories":[691,50],"tags":[],"class_list":["post-27363","post","type-post","status-publish","format-standard","has-post-thumbnail","category-691","category-congreso"],"_links":{"self":[{"href":"https:\/\/redsemlac.com\/semmexico\/wp-json\/wp\/v2\/posts\/27363","targetHints":{"allow":["GET"]}}],"collection":[{"href":"https:\/\/redsemlac.com\/semmexico\/wp-json\/wp\/v2\/posts"}],"about":[{"href":"https:\/\/redsemlac.com\/semmexico\/wp-json\/wp\/v2\/types\/post"}],"author":[{"embeddable":true,"href":"https:\/\/redsemlac.com\/semmexico\/wp-json\/wp\/v2\/users\/3"}],"replies":[{"embeddable":true,"href":"https:\/\/redsemlac.com\/semmexico\/wp-json\/wp\/v2\/comments?post=27363"}],"version-history":[{"count":0,"href":"https:\/\/redsemlac.com\/semmexico\/wp-json\/wp\/v2\/posts\/27363\/revisions"}],"wp:featuredmedia":[{"embeddable":true,"href":"https:\/\/redsemlac.com\/semmexico\/wp-json\/wp\/v2\/media\/27364"}],"wp:attachment":[{"href":"https:\/\/redsemlac.com\/semmexico\/wp-json\/wp\/v2\/media?parent=27363"}],"wp:term":[{"taxonomy":"category","embeddable":true,"href":"https:\/\/redsemlac.com\/semmexico\/wp-json\/wp\/v2\/categories?post=27363"},{"taxonomy":"post_tag","embeddable":true,"href":"https:\/\/redsemlac.com\/semmexico\/wp-json\/wp\/v2\/tags?post=27363"}],"curies":[{"name":"wp","href":"https:\/\/api.w.org\/{rel}","templated":true}]}}