{"id":27354,"date":"2020-10-16T16:12:21","date_gmt":"2020-10-16T16:12:21","guid":{"rendered":"https:\/\/redsemlac.com\/semmexico\/?p=27354"},"modified":"2023-07-21T16:35:46","modified_gmt":"2023-07-21T21:35:46","slug":"mujeres-electas-las-voces-de-la-historia-10","status":"publish","type":"post","link":"https:\/\/redsemlac.com\/semmexico\/mujeres-electas-las-voces-de-la-historia-10\/","title":{"rendered":"B\u00e1rbara Garc\u00eda Ch\u00e1vez: M\u00e1s mujeres en pol\u00edtica mejora la vida de otras mujeres"},"content":{"rendered":"\n<ul class=\"wp-block-list\"><li><strong>Tres veces regidora, en dos municipios de M\u00e9xico muy distintos y lejanos <\/strong><strong><\/strong><\/li><li><strong>De izquierda, por la izquierda, hasta llegar a la izquierda<\/strong><strong><\/strong><\/li><\/ul>\n\n\n\n<p class=\"wp-block-paragraph\"><strong>Soledad Jarqu\u00edn Edgar<\/strong><\/p>\n\n\n\n<p class=\"wp-block-paragraph\">SemM\u00e9xico, Oaxaca, 16 de octubre, 2020.- De la izquierda a la izquierda y hasta llegar a la izquierda, es el sendero pol\u00edtico que sigue B\u00e1rbara Garc\u00eda Ch\u00e1vez, tres veces regidora de dos municipios distintos y distantes, uno en el norte del pa\u00eds otro en el sureste mexicano. Afirma que el reto de las pol\u00edticas es <strong>que<\/strong> no deben olvidar que su paso en la vida p\u00fablica debe ayudar a mejor la existencia de las otras mujeres.<\/p>\n\n\n\n<p class=\"wp-block-paragraph\">El camino de la izquierda no es sencillo. La hegemon\u00eda del poder priista margin\u00f3 por a\u00f1os a la oposici\u00f3n, pero ella poco o nada se dej\u00f3. No fue un dolor de cabeza ni una piedra en el zapato, solo defendi\u00f3 en lo que siempre crey\u00f3. Germin\u00f3 en el Partido Comunista Mexicano y fue una fundadora en tiempos de caos del Partido de la Revoluci\u00f3n Democr\u00e1tica.<\/p>\n\n\n\n<p class=\"wp-block-paragraph\">Abogada por la UNAM, se inici\u00f3 en lo pol\u00edtico cuando ingres\u00f3 en 1978 a las filas del Partido Comunista Mexicano, cuando Arnoldo Mart\u00ednez Verdugo era su dirigente, que dictaba una actividad formativa del concepto ideol\u00f3gico marxista-leninista en las escuelas de cuadros. Tiempos en los que el PCM ten\u00eda registro cuando no se los quitaban.<\/p>\n\n\n\n<p class=\"wp-block-paragraph\">En ese mismo a\u00f1o, recuerda, Jos\u00e9 L\u00f3pez Portillo, entonces Presidente de M\u00e9xico impulsa la primera reforma electoral del pa\u00eds, que da al PCM, as\u00ed como al Partido Revolucionario de los Trabajadores, al Mexicano Socialista y al Dem\u00f3crata Mexicano su registro, no como una concesi\u00f3n sino por verg\u00fcenza, ya que hab\u00eda sido electo porque era el \u00fanico candidato en los comicios de 1976. El mismo L\u00f3pez Portillo (Jolopo) contaba su mal chiste cuando aseguraba c\u00ednicamente que, en aquella elecci\u00f3n, para ganar, hubiera sido suficiente el voto de su mam\u00e1.<\/p>\n\n\n\n<p class=\"wp-block-paragraph\">En esa historia hab\u00eda una joven mujer, por eso lo narra como si lo estuviera viviendo de nuevo, cuando el PCM gan\u00f3 en 1979, 18 curules en el congreso federal, un triunfo que cuenta y celebra porque anduvo en la campa\u00f1a. Tambi\u00e9n atestigu\u00f3 la unificaci\u00f3n de los partidos de izquierda en 1981, cuando se conform\u00f3 el PSUM cuya vida se volvi\u00f3 a transformar cuando cedieron su registro al PRD en 1989. Era la reuni\u00f3n de personas venidas de varias corrientes ideol\u00f3gicas, personas de la sociedad civil que no ten\u00eda partido, de grupos que hab\u00edan estado en la guerrilla\u2026 pero que cre\u00edan que pod\u00edan cambiar las cosas. Lo dif\u00edcil era ponerse de acuerdo.<\/p>\n\n\n\n<p class=\"wp-block-paragraph\">En ese camino vio a muchas mujeres, pero ella y otras de ellas estaban lejos del feminismo. Las mujeres del PSUM ten\u00edan tareas preponderantes haciendo propaganda, reuni\u00e9ndose con otras mujeres. Pero lejos a\u00fan estaba hablar de \u201cviolencia de g\u00e9nero contra las mujeres\u201d.<\/p>\n\n\n\n<p class=\"wp-block-paragraph\">En aquellos a\u00f1os donde la tarea era armar un nuevo partido pol\u00edtico, B\u00e1rbara Garc\u00eda Ch\u00e1vez,&nbsp; tras un periplo como internacionalista, buscando un lugar, se encontr\u00f3 de pronto en la ciudad de Torre\u00f3n, Coahuila (1988), una especie de tierra prometida, como lo escuch\u00f3 de la madre de un amigo, por lo que junto con su pareja siguieron a la se\u00f1ora a esa ciudad del norte, atractiva porque pod\u00eda dar clases en alguna universidad.<\/p>\n\n\n\n<p class=\"wp-block-paragraph\">Pero crear una direcci\u00f3n municipal del PRD, particularmente en Torre\u00f3n, m\u00e1s que en otras ciudades de Coahuila, fue muy dif\u00edcil, no hab\u00eda sol que calentara ni l\u00edder nacional que calmara los \u00e1nimos, todos los enviados \u2013Porfirio Mu\u00f1oz Ledo, Jes\u00fas Sambrano, Jes\u00fas Ortega y hasta un empresario de Monterrey y otros, sal\u00edan corriendo. La fusi\u00f3n de ideas creaba muchas tensiones, las reuniones terminaban en batallas campales donde las sillas parec\u00edan caer del cielo. Todas las partes del rompecabezas quer\u00edan avasallar y buscaban pr\u00e1cticamente adue\u00f1arse de los espacios de direcci\u00f3n \u00bfc\u00f3mo amalgamar al Frente Cardenista, a los bejaranos, a los del Frente Patria Digna, a los amalios, los Pancho Villa\u2026?<\/p>\n\n\n\n<p class=\"wp-block-paragraph\">A lo m\u00e1s que llegaron fue a formar tres bloques: uno de asociaciones locales de Torre\u00f3n, otro de asociaciones nacionales que como los primeros no cre\u00edan en los partidos, pero les un\u00eda la posibilidad de un cambio para el pa\u00eds, y el tercer bloque que conformaban los del PSUM, \u201cla fracci\u00f3n hist\u00f3rica, porque \u00e9ramos quienes ten\u00edamos el registro\u201d, dice entre risas. Finalmente se form\u00f3 una Direcci\u00f3n Municipal Colegiada, curiosamente presidida por tres mujeres: Esperanza Olgu\u00edn, Beatriz Granillo y B\u00e1rbara Garc\u00eda Ch\u00e1vez, \u201cquienes, por cierto, nunca llegamos a ning\u00fan acuerdo\u201d, lo que provoc\u00f3 que, en 1989 en Torre\u00f3n las candidaturas fueron nombradas desde la Ciudad de M\u00e9xico.<\/p>\n\n\n\n<p class=\"wp-block-paragraph\">Tres a\u00f1os despu\u00e9s lograron acuerdos. B\u00e1rbara Garc\u00eda es candidata. En la reuni\u00f3n estatal present\u00f3 su intenci\u00f3n de ser candidata a la alcald\u00eda de Torre\u00f3n, sin objeci\u00f3n alguna le dicen que no hay problema. El problema estaba en el fondo, no en la forma, porque no hab\u00eda dinero para una campa\u00f1a pol\u00edtica. Los m\u00edtines se hac\u00edan en las calles y repart\u00edan volantes hechos en mime\u00f3grafos, algunos resquicios del pasado porque la tecnolog\u00eda apenas se asomaba y era dif\u00edcil alcanzarla si no hab\u00eda dinero, dice.<\/p>\n\n\n\n<p class=\"wp-block-paragraph\">Pero eso no fue lo peor, apenas ven\u00eda lo dif\u00edcil. La violencia estuvo siempre presente, \u201cel PRI lo era todo, con campa\u00f1as abrumadoras y muy costosas\u201d. Decidi\u00f3 presentarse a un debate en la Universidad Iberoamericana de aquella ciudad, una donde ella pele\u00f3 por estar porque los otros dos candidatos, el del PAN y el del PRI consideraban inocua su presencia. Curioso, recuerda, muchos a\u00f1os m\u00e1s tarde le pas\u00f3 lo mismo en Oaxaca.<\/p>\n\n\n\n<p class=\"wp-block-paragraph\">As\u00ed que lleg\u00f3, dijo lo que deb\u00eda decir, estaba preparada, pero recibi\u00f3 agresiones del p\u00fablico, a mucha gente le parec\u00eda que la candidatura del PRD solo le quitaba votos al PAN. Entre los dichos de la gente, que hoy ya se catalogan como violencia pol\u00edtica en raz\u00f3n de g\u00e9nero, hab\u00eda expresiones cargadas de sexismo, como \u201cvete a tu casa a limpiar\u201d, descalificaciones por ser mujer.<\/p>\n\n\n\n<p class=\"wp-block-paragraph\">Como era la costumbre el PRI gan\u00f3 la elecci\u00f3n. El PAN y el PRD tuvieron regidur\u00edas plurinominales. Ella fue designada regidora de Gobierno y Mercados, las agresiones siguieron a lo largo del trienio.<\/p>\n\n\n\n<p class=\"wp-block-paragraph\">Tres a\u00f1os m\u00e1s tarde hubo nuevas elecciones. El candidato del PAN era el mismo que hab\u00eda competido contra ella, Jorge Zerme\u00f1o. Con seriedad determin\u00f3 que si Zerme\u00f1o, por cierto, hoy alcalde de esa ciudad, ganaba esas elecciones se ir\u00eda de Torre\u00f3n. As\u00ed que no tuvo m\u00e1s que vender su casa y empacar. Esta vez rumbo a Oaxaca, tierra de su familia pol\u00edtica.<\/p>\n\n\n\n<p class=\"wp-block-paragraph\">La mudanza implic\u00f3 una renuncia expresa no formal al PRD (1997). Fue hasta 2006 que volvi\u00f3 a las andadas pol\u00edtica. Los tiempos se prestaban en un Oaxaca lleno de dificultades y muy polarizado. Deciden formar un Consejo Democr\u00e1tico, as\u00ed lo llamaron inicialmente. Su trabajo consist\u00eda en organizar a las personas en las colonias populares y brindarles asistencia m\u00e9dica, jur\u00eddica, cultural y pol\u00edtica, \u201cuna opci\u00f3n ciudadana de participaci\u00f3n pol\u00edtica\u201d.<\/p>\n\n\n\n<p class=\"wp-block-paragraph\">Vendr\u00eda el proceso electoral de 2008. Ser\u00eda un proceso electoral dif\u00edcil, a\u00fan gobernaba el PRI, con Ulises Ruiz, resentido con las organizaciones sociales de Oaxaca.<\/p>\n\n\n\n<p class=\"wp-block-paragraph\">Humberto L\u00f3pez Lena, empresario radiof\u00f3nico, ser\u00eda el candidato del Partido Convergencia a la presidencia municipal de Oaxaca de Ju\u00e1rez, que decide que la planilla estuviera integrada por personas venidas de organizaciones sociales, por lo que dieron con el Consejo Democr\u00e1tico y B\u00e1rbara volvi\u00f3 al camino de la pol\u00edtica.<\/p>\n\n\n\n<p class=\"wp-block-paragraph\">No eran tiempos de paridad, pero hab\u00eda m\u00e1s mujeres en la planilla, que le dio batalla al entonces candidato del PRI, Jos\u00e9 Antonio Hern\u00e1ndez Fraguas, y aunque perdieron obtuvieron los votos que les permiti\u00f3 acceder como concejales a cuatro mujeres y un hombre de aquella planilla al Cabildo (2008-2010).<\/p>\n\n\n\n<p class=\"wp-block-paragraph\">Todav\u00eda entonces nadie quer\u00eda la Regidur\u00eda de G\u00e9nero y le toc\u00f3 a B\u00e1rbara Garc\u00eda. En 2017, B\u00e1rbara invitada esta vez por el Partido del Trabajo encabeza la planilla como candidata ciudadana. El contrincante del PRI fue otra vez Hern\u00e1ndez Fraguas, quien gana la elecci\u00f3n. Por segunda ocasi\u00f3n se convierte en regidora de Igualdad de G\u00e9nero.<\/p>\n\n\n\n<p class=\"wp-block-paragraph\">Desde la primera vez que ocup\u00f3 la regidur\u00eda se comprometi\u00f3 en estar preparada para ello, \u201choy ninguna diputada, presidenta o regidora puede ignorar de qu\u00e9 se trata, el quehacer de gobernar est\u00e1 atravesado por la igualdad entre hombres y mujeres\u201d.<\/p>\n\n\n\n<p class=\"wp-block-paragraph\">B\u00e1rbara Garc\u00eda present\u00f3 diversas propuestas con perspectiva de g\u00e9nero, como sucedi\u00f3 en el presupuesto para el ejercicio de 2011, que le tocar\u00eda a un nuevo presidente municipal esta vez emanado del PAN. La propuesta fue aprobada por el Cabildo todav\u00eda en funciones, pero desechado por el gobierno entrante. As\u00ed, nada m\u00e1s. Son m\u00faltiples las formas de la violencia de g\u00e9nero. No considerar el presupuesto de egresos desde esa perspectiva, con acciones afirmativas claras para las mujeres, desechar el trabajo, es tambi\u00e9n una forma de violencia machista.<\/p>\n\n\n\n<p class=\"wp-block-paragraph\">Es decir, la violencia pol\u00edtica en raz\u00f3n de g\u00e9nero, no es algo que solo se presenta en las campa\u00f1as pol\u00edtica, \u201cno, est\u00e1 presente a lo largo de una gesti\u00f3n al ocupar un cargo de elecci\u00f3n popular o un cargo p\u00fablico\u201d y son, apunta, reacciones negativas y violentas de los hombres frente a las acciones afirmativas como las cuotas o la paridad que favorecen una mayor presencia de mujeres en la pol\u00edtica, un espacio que todav\u00eda piensan algunos es solo cosa de varones.<\/p>\n\n\n\n<p class=\"wp-block-paragraph\">Ahora las mujeres que est\u00e1n en pol\u00edtica deben entender que tienen la ley a su favor, existe, hay que hacerla valer, antes no era posible, dice en tanto enumera algunas de las agresiones que recibi\u00f3 siendo regidora en Oaxaca, una de ellas, como lo que ocurri\u00f3 en 2009 cuando personal del propio gobierno de la ciudad ocup\u00f3 el amanecer para pegar hojas con su fotograf\u00eda y expresiones sexistas y mis\u00f3ginas en su contra. Aunque puso una denuncia en la entonces Procuradur\u00eda \u00e9sta no prosper\u00f3, al final, en esta tarea de desprestigio estaban involucrados adem\u00e1s de una regidora, el propio presidente municipal, el secretario general de gobierno, hubo muchas complicidades.<\/p>\n\n\n\n<p class=\"wp-block-paragraph\">Esas batallas, dice las libr\u00f3 sola, \u201cni siquiera me acompa\u00f1aban las otras concejalas, las diputadas opositoras al PRI tampoco dijeron nada, quienes si se pronunciaron fueron algunas periodistas y organizaciones defensoras de las mujeres. Padec\u00ed la violencia pol\u00edtica y fue dif\u00edcil levantarse al d\u00eda siguiente y llegar a una sesi\u00f3n de cabildo mientras ves la sonrisa c\u00ednica del presidente municipal\u201d.<\/p>\n\n\n\n<p class=\"wp-block-paragraph\">Hoy es diferente o al menos debe serlo. Y para que la igualdad sustantiva sea una realidad, es indispensable pensar en la capacitaci\u00f3n de mujeres y hombres. A nosotras nos quieren capacitar en pol\u00edtica, bien, a los hombres hay que adiestrarlos en g\u00e9nero.<\/p>\n\n\n\n<p class=\"wp-block-paragraph\">Recuerda a Clara Zetkin, quien asegur\u00f3 que la presencia de las mujeres en la pol\u00edtica mejora la vida de otras mujeres. De ah\u00ed que el reto es que cada vez m\u00e1s mujeres, de acuerdo con la paridad, ocupen estos espacios, para gobernar desde una perspectiva diferente, sin olvidar nunca que detr\u00e1s de cada una de las aspirantes y de las que ganan hay todo un movimiento de mujeres que por d\u00e9cadas han luchado por conseguir sus derechos; su tarea es hacer efectiva la igualdad sustantiva y mejorar la vida de las otras mujeres, como dijo Zetkin a Lenin en un espacio donde ella era la \u00fanica mujer.<\/p>\n\n\n\n<p class=\"wp-block-paragraph\">SEM\/sj<\/p>\n","protected":false},"excerpt":{"rendered":"<p>De izquierda, por la izquierda, hasta llegar a la izquierda<\/p>\n","protected":false},"author":3,"featured_media":27355,"comment_status":"open","ping_status":"open","sticky":false,"template":"","format":"standard","meta":{"_monsterinsights_skip_tracking":false,"footnotes":""},"categories":[691,195,194],"tags":[],"class_list":["post-27354","post","type-post","status-publish","format-standard","has-post-thumbnail","category-691","category-mujeres-electas-las-voces-de-la-historia","category-voto-femenino-en-mexico"],"_links":{"self":[{"href":"https:\/\/redsemlac.com\/semmexico\/wp-json\/wp\/v2\/posts\/27354","targetHints":{"allow":["GET"]}}],"collection":[{"href":"https:\/\/redsemlac.com\/semmexico\/wp-json\/wp\/v2\/posts"}],"about":[{"href":"https:\/\/redsemlac.com\/semmexico\/wp-json\/wp\/v2\/types\/post"}],"author":[{"embeddable":true,"href":"https:\/\/redsemlac.com\/semmexico\/wp-json\/wp\/v2\/users\/3"}],"replies":[{"embeddable":true,"href":"https:\/\/redsemlac.com\/semmexico\/wp-json\/wp\/v2\/comments?post=27354"}],"version-history":[{"count":0,"href":"https:\/\/redsemlac.com\/semmexico\/wp-json\/wp\/v2\/posts\/27354\/revisions"}],"wp:featuredmedia":[{"embeddable":true,"href":"https:\/\/redsemlac.com\/semmexico\/wp-json\/wp\/v2\/media\/27355"}],"wp:attachment":[{"href":"https:\/\/redsemlac.com\/semmexico\/wp-json\/wp\/v2\/media?parent=27354"}],"wp:term":[{"taxonomy":"category","embeddable":true,"href":"https:\/\/redsemlac.com\/semmexico\/wp-json\/wp\/v2\/categories?post=27354"},{"taxonomy":"post_tag","embeddable":true,"href":"https:\/\/redsemlac.com\/semmexico\/wp-json\/wp\/v2\/tags?post=27354"}],"curies":[{"name":"wp","href":"https:\/\/api.w.org\/{rel}","templated":true}]}}