{"id":27342,"date":"2020-10-15T22:46:25","date_gmt":"2020-10-15T22:46:25","guid":{"rendered":"https:\/\/redsemlac.com\/semmexico\/?p=27342"},"modified":"2023-07-21T16:35:46","modified_gmt":"2023-07-21T21:35:46","slug":"las-mujeres-demostramos-capacidad-en-lo-que-hacemos","status":"publish","type":"post","link":"https:\/\/redsemlac.com\/semmexico\/las-mujeres-demostramos-capacidad-en-lo-que-hacemos\/","title":{"rendered":"Las mujeres demostramos capacidad en lo que hacemos"},"content":{"rendered":"\n<ul class=\"wp-block-list\"><li>Despu\u00e9s de una rigurosa selecci\u00f3n Rub\u00ed Marcela Dom\u00ednguez asumir\u00e1 ser\u00e1 titular de Derechos Humanos en la Fiscal\u00eda de QR<\/li><li>Destaca fiscal Montes de Oca la pol\u00edtica p\u00fablica que aplican los Centros de Justicia para Mujeres<\/li><\/ul>\n\n\n\n<p class=\"wp-block-paragraph\">\u00c1ngeles G\u00f3mez<\/p>\n\n\n\n<p class=\"wp-block-paragraph\">SemM\u00e9xico, Canc\u00fan, Quintana Roo, 15 de octubre, 2020.- Este viernes asumir\u00e1 la titularidad de la Direcci\u00f3n de Derechos Humanos de la Fiscal\u00eda General de esta entidad, Rub\u00ed Marcela Dom\u00ednguez Castro, quien gan\u00f3 ese lugar tras obtener los mejores resultados del examen de conocimiento y en una entrevista que implic\u00f3 la selecci\u00f3n para el cargo, tras una convocatoria.<\/p>\n\n\n\n<p class=\"wp-block-paragraph\">Las mujeres somos capaces de ocupar los cargos p\u00fablicos, dice a SemM\u00e9xico y sostiene que las mujeres han demostrado capacidad en el desempe\u00f1o de diversas funciones, \u201cdebemos imaginar que podemos, pero tambi\u00e9n tenemos que trabajar para lograrlo\u201d, apunta a unas horas de asumir su nueva responsabilidad.<\/p>\n\n\n\n<p class=\"wp-block-paragraph\">La nueva servidora p\u00fablica es Maestra y doctorante en Derecho Procesal Penal, que logr\u00f3 el cargo de entre siete candidatos y candidatas, esto de acuerdo con los resultados que ofreci\u00f3 la Comisi\u00f3n Especial de Selecci\u00f3n de Titulares de unidades administrativas de la Fiscal\u00eda General y se cont\u00f3 con la participaci\u00f3n de la Comisi\u00f3n de los Derechos Humanos del Estado de Quintana Roo, garantizando as\u00ed la legalidad, equidad y transparencia en el procedimiento de selecci\u00f3n.<\/p>\n\n\n\n<p class=\"wp-block-paragraph\">En su hoja de vida laboral destacan su quehacer como docente, tres diplomados: uno en Juicio de Amparo, otro en Teor\u00eda del Delito y Sistema Acusatorio, y el tercero en Sistema Penal Acusatorio en la rama ministerial; asimismo, fungi\u00f3 como Juez Calificador en 2003, a\u00f1o en el que ingres\u00f3 a la entonces Procuradur\u00eda del Estado como Ministerio P\u00fablico. Ha estado adscrita a diversas unidades, entre otras la Fiscal\u00eda Especializada en Delitos contra la Mujer.<\/p>\n\n\n\n<p class=\"wp-block-paragraph\">Aunque la selecci\u00f3n de la nueva Directora de Derechos Humanos de la Fiscal\u00eda General es una atribuci\u00f3n del titular de la Fiscal\u00eda, se determin\u00f3 el ejercicio de selecci\u00f3n mediante un examen de conocimientos y una entrevista, a fin de dar transparencia al proceso y garantizar a la poblaci\u00f3n su derecho al acceso a la justicia desde una perspectiva de derechos humanos, bajo la direcci\u00f3n de una profesional comprometida y capacitada.<\/p>\n\n\n\n<p class=\"wp-block-paragraph\">Cabe se\u00f1alar que Rub\u00ed Marcela Dom\u00ednguez Castro es originaria de Chetumal, ha laborado por 17 a\u00f1os en diversas \u00e1reas de procuraci\u00f3n de justicia, 10 de ellos en el \u00e1rea de Derechos Humanos. Su nueva tarea es atender las quejas que realice la ciudadan\u00eda contra el funcionariado por presuntas violaciones a los derechos humanos, as\u00ed como atender y dar seguimiento a las recomendaciones que realicen las comisiones Nacional y Estatal de Derechos Humanos.<\/p>\n\n\n\n<p class=\"wp-block-paragraph\"><strong>Centro de Justicia para Mujeres<\/strong><\/p>\n\n\n\n<p class=\"wp-block-paragraph\">Por otra parte, el Fiscal General de Quintana Roo, Oscar Montes de Oca Rosales, dijo que, as\u00ed como se abren espacios de decisi\u00f3n para las mujeres en la estructura de la dependencia, se realizan acciones concretas para atender las denuncias de violencia contra las mujeres en la b\u00fasqueda de la procuraci\u00f3n de justicia.<\/p>\n\n\n\n<p class=\"wp-block-paragraph\">Y en ese sentido destac\u00f3 el papel que realiza el Centro de Justicia para Mujeres en Canc\u00fan, donde tambi\u00e9n se emprenden actividades de prevenci\u00f3n.<\/p>\n\n\n\n<p class=\"wp-block-paragraph\">Dijo que la actuaci\u00f3n del personal es solo de acuerdo con el Protocolo para la Atenci\u00f3n de usuarias y v\u00edctimas que opera en todo el pa\u00eds y el&nbsp;Protocolo estandarizado para la tramitaci\u00f3n, cumplimiento, control y seguimiento de \u00d3rdenes de Protecci\u00f3n de v\u00edctimas mujeres, ni\u00f1as y ni\u00f1os. Por ello, sostuvo Montes de Oca es considerado como una de las pol\u00edticas p\u00fablicas m\u00e1s eficientes.<\/p>\n\n\n\n<p class=\"wp-block-paragraph\">Dijo que de enero a octubre de este a\u00f1o se han brindado diversas atenciones de acuerdo con los ejes de trabajo, entre las que destacan m\u00e1s de mil orientaciones jur\u00eddicas a usuarias, hijas e hijos. Adem\u00e1s de atenci\u00f3n m\u00e9dica en m\u00e1s de 300 ocasiones y, derivado de la pandemia, se ha incrementado la atenci\u00f3n y valoraci\u00f3n psicol\u00f3gica, algunas de tipo presencial y otras en l\u00ednea.<\/p>\n\n\n\n<p class=\"wp-block-paragraph\">SEM\/ag\/sj<\/p>\n","protected":false},"excerpt":{"rendered":"<p>Despu\u00e9s de una rigurosa selecci\u00f3n Rub\u00ed Marcela Dom\u00ednguez asumir\u00e1 ser\u00e1 titular de Derechos Humanos en la Fiscal\u00eda de QR Destaca fiscal Montes de Oca la pol\u00edtica p\u00fablica que aplican los Centros de Justicia para Mujeres \u00c1ngeles G\u00f3mez SemM\u00e9xico, Canc\u00fan, Quintana Roo, 15 de octubre, 2020.- Este viernes asumir\u00e1 la titularidad de la Direcci\u00f3n de Derechos [&hellip;]<\/p>\n","protected":false},"author":3,"featured_media":27343,"comment_status":"open","ping_status":"open","sticky":false,"template":"","format":"standard","meta":{"_monsterinsights_skip_tracking":false,"footnotes":""},"categories":[691,51],"tags":[],"class_list":["post-27342","post","type-post","status-publish","format-standard","has-post-thumbnail","category-691","category-ejecutivo"],"_links":{"self":[{"href":"https:\/\/redsemlac.com\/semmexico\/wp-json\/wp\/v2\/posts\/27342","targetHints":{"allow":["GET"]}}],"collection":[{"href":"https:\/\/redsemlac.com\/semmexico\/wp-json\/wp\/v2\/posts"}],"about":[{"href":"https:\/\/redsemlac.com\/semmexico\/wp-json\/wp\/v2\/types\/post"}],"author":[{"embeddable":true,"href":"https:\/\/redsemlac.com\/semmexico\/wp-json\/wp\/v2\/users\/3"}],"replies":[{"embeddable":true,"href":"https:\/\/redsemlac.com\/semmexico\/wp-json\/wp\/v2\/comments?post=27342"}],"version-history":[{"count":0,"href":"https:\/\/redsemlac.com\/semmexico\/wp-json\/wp\/v2\/posts\/27342\/revisions"}],"wp:featuredmedia":[{"embeddable":true,"href":"https:\/\/redsemlac.com\/semmexico\/wp-json\/wp\/v2\/media\/27343"}],"wp:attachment":[{"href":"https:\/\/redsemlac.com\/semmexico\/wp-json\/wp\/v2\/media?parent=27342"}],"wp:term":[{"taxonomy":"category","embeddable":true,"href":"https:\/\/redsemlac.com\/semmexico\/wp-json\/wp\/v2\/categories?post=27342"},{"taxonomy":"post_tag","embeddable":true,"href":"https:\/\/redsemlac.com\/semmexico\/wp-json\/wp\/v2\/tags?post=27342"}],"curies":[{"name":"wp","href":"https:\/\/api.w.org\/{rel}","templated":true}]}}