{"id":27338,"date":"2020-10-15T22:43:02","date_gmt":"2020-10-15T22:43:02","guid":{"rendered":"https:\/\/redsemlac.com\/semmexico\/?p=27338"},"modified":"2023-07-21T16:35:46","modified_gmt":"2023-07-21T21:35:46","slug":"los-pendientes-los-derechos-sexuales-y-reproductivos-briseno-zuloaga","status":"publish","type":"post","link":"https:\/\/redsemlac.com\/semmexico\/los-pendientes-los-derechos-sexuales-y-reproductivos-briseno-zuloaga\/","title":{"rendered":"Los pendientes: los derechos sexuales y reproductivos, Brise\u00f1o Zuloaga"},"content":{"rendered":"\n<ul class=\"wp-block-list\"><li><strong>Las de hoy y las que nos han antecedido, tenemos buenas cuentas que entregar<\/strong><\/li><li><strong>Empezamos siendo 20, llegaron cuatro<\/strong><\/li><\/ul>\n\n\n\n<p class=\"wp-block-paragraph\"><strong>Libertad L\u00f3pez<\/strong><\/p>\n\n\n\n<p class=\"wp-block-paragraph\">SemM\u00e9xico, Cd. de M\u00e9xico, 15 de octubre, 2020.- La diputada, presidenta de la Comisi\u00f3n de Igualdad de G\u00e9nero, Wendy Brise\u00f1o Zuloaga, en el 67 aniversario del voto de las mexicanas, hizo una participaci\u00f3n emocionada, y reconoci\u00f3 a las mujeres que lograron los derechos pol\u00edticos.<\/p>\n\n\n\n<p class=\"wp-block-paragraph\">Y aun cuando dijo que la Legislatura de la Paridad, y las diputadas que la han antecedido, tienen buenas cuentas que entregar, apunt\u00f3 que sigue pendiente la legalizaci\u00f3n del aborto en todo el pa\u00eds.<\/p>\n\n\n\n<p class=\"wp-block-paragraph\">Texto \u00edntegro del discurso de Wendy Brise\u00f1o Zuloaga:<\/p>\n\n\n\n<p class=\"wp-block-paragraph\"><strong>\u201cEmpezamos siendo veinte<\/strong><\/p>\n\n\n\n<p class=\"wp-block-paragraph\">\u201cEn la elecci\u00f3n federal de 1955, la primera elecci\u00f3n tras ser reconocido el voto femenino, se registraron 20 mujeres en las 365 candidaturas que se elegir\u00edan en ese a\u00f1o: Marcelina Galindo Arce, profesora y periodista chiapaneca; Margarita Garc\u00eda Flores, abogada neoleonesa; Guadalupe Urs\u00faa, l\u00edder rural jalisciense y la notaria Remedios Ezeta, resultaron electas como las primeras Diputadas Federales para la XLIII Legislatura.<\/p>\n\n\n\n<p class=\"wp-block-paragraph\"><strong>\u201cEl sufragio femenino a nivel federal hizo su entrada triunfal, <\/strong>como precisamente, en ese 1953, se\u00f1al\u00f3 el Senador Lauro G. Caloca:<\/p>\n\n\n\n<p class=\"wp-block-paragraph\"><em>\u201cNo hay que temer lo que se dice: que la mujer est\u00e1 perdida. Mentira, no est\u00e1 perdida. La mujer en el campo, en el taller, en el laboratorio, en el banco, en la universidad, est\u00e1 labrando su propio destino\u201d.<\/em><\/p>\n\n\n\n<p class=\"wp-block-paragraph\">\u201cPara el proceso electoral 2017-2018, del cual emana la presente legislatura, participamos 46 mil 884 mujeres como candidatas a diferentes cargos. En la C\u00e1mara de Diputados resultamos electas 241 diputadas y en el Senado de la Rep\u00fablica, 63 legisladoras.<\/p>\n\n\n\n<p class=\"wp-block-paragraph\">\u201cHan pasado 67 a\u00f1os, y las ni\u00f1as de ese entonces <strong>ahora son abuelas<\/strong>; muchas de ellas fueron las primeras mujeres frente a una urna. Hoy en nuestras familias conviven tres generaciones de mujeres que han vivido su ciudadan\u00eda de forma m\u00e1s plena, algunas son quienes organizan contingentes, animan a sus comunidades a votar, defienden el voto y han replicado con su ejemplo colmado de perseverancia y convicci\u00f3n la importancia del derecho a votar y ser electa.<\/p>\n\n\n\n<p class=\"wp-block-paragraph\">Muchas de ellas no aparecen en las boletas o en las letras de oro, pero sin ellas nuestra democracia no ser\u00eda posible.<\/p>\n\n\n\n<p class=\"wp-block-paragraph\"><strong>\u201cSea \u00e9ste un homenaje a las ciudadanas de a pie, las que han construido caminos para todas.<\/strong><\/p>\n\n\n\n<p class=\"wp-block-paragraph\">\u201cRecordar y reconocer a quienes antes de la reforma del \u00b453, pusieron su tenacidad, habilidades estrat\u00e9gicas y potencializaron su deseo, labraron su propio destino y buscaron una democracia para todos y todas.<\/p>\n\n\n\n<p class=\"wp-block-paragraph\">\u201cEn 1923, a nivel local, las diputadas Elvia Carrillo Puerto, Raquel Dzib Cicero y Beatriz Peniche; adem\u00e1s de Rosa Torre como regidora, ganaron sus esca\u00f1os y cuando el gobernador Felipe Carrillo Puerto fue asesinado en 1924, debieron huir por la persecuci\u00f3n pol\u00edtica que tuvieron. <strong>Hoy la historia, particularmente las mujeres, agradecemos y reconocemos su quehacer.<\/strong><\/p>\n\n\n\n<p class=\"wp-block-paragraph\">\u201cLa historia narrada por los hombres nos ha hecho creer que eran un grupo minoritario: \u201c<em>las mujeres no se saben poner de acuerdo\u201d<\/em> dijeron.<\/p>\n\n\n\n<p class=\"wp-block-paragraph\">Parec\u00eda que las Adelitas, las Hijas de Cuauht\u00e9moc, el Club Femenil Antirreeleccionista, La Sociedad Feminista \u00abLa Siempreviva\u00bb, la Liga Feminista \u201cRita Cetina Guti\u00e9rrez\u00bb, entre otras, eran una etapa, s\u00f3lo unas cuantas, unas disidentes\u2026 \u201ceran pocas\u201d minimizaban y durante a\u00f1os pareci\u00f3 no tener importancia.<\/p>\n\n\n\n<p class=\"wp-block-paragraph\">En 1937, se ten\u00eda la iniciativa de reforma a la Constituci\u00f3n, que permitir\u00eda votar a las mujeres. Fue aprobada por ambas c\u00e1maras y por las legislaturas de los estados, s\u00f3lo faltaba el c\u00f3mputo y la declaratoria presidencial para su vigencia<strong>. Pero la gloria de ese momento para la lucha de las mujeres no lleg\u00f3.<\/strong><\/p>\n\n\n\n<p class=\"wp-block-paragraph\">Se opt\u00f3 entonces por los experimentos de votos a nivel local como un signo de preparaci\u00f3n y control de nuestras decisiones.<\/p>\n\n\n\n<p class=\"wp-block-paragraph\">\u201cDespu\u00e9s en la discusi\u00f3n federal de 1953, se nos ped\u00eda acreditar capacidades, <strong>la carga de la prueba para avalar que un derecho no nos volver\u00eda locas o peligrosas<\/strong>, en lo m\u00ednimo hab\u00eda que saber leer y escribir, <em>no vaya a ser que no supi\u00e9ramos lo que est\u00e1bamos haciendo.<\/em><\/p>\n\n\n\n<p class=\"wp-block-paragraph\">Los legisladores no dudaron nunca que un hombre ten\u00eda altas capacidades en la representaci\u00f3n, mientras a nosotras se nos ped\u00eda ser honorables, femeninas, mantener un estilo de vida personal impecable, ser maternales y no negar la supuesta \u201cnaturaleza femenina\u201d.<\/p>\n\n\n\n<p class=\"wp-block-paragraph\">\u201cLos hombres ten\u00edan por sentado en lo cotidiano sus capacidades y responsabilidades, y la ley fue condescendiente con ese pacto machista para hacer pol\u00edtica.<\/p>\n\n\n\n<p class=\"wp-block-paragraph\">\u201cHan transcurrido d\u00e9cadas y contin\u00faan las formas de atacar, agredir, de restringir, de intimidar, de inhibir a las mujeres por medio de la culpa.&nbsp; <strong>Nos quieren gestionando en lo p\u00fablico, pero sin hacer pol\u00edtica.<\/strong><\/p>\n\n\n\n<p class=\"wp-block-paragraph\">\u201cSe nos tach\u00f3 de malas hijas y malas madres, por no cumplir con los horarios de atenci\u00f3n al \u00e1mbito dom\u00e9stico. Y este lastre, lo siguen viviendo muchas mujeres pol\u00edticas. <strong>Compa\u00f1eras, -que aqu\u00ed somos todas-, va nuestra sororidad.<\/strong><\/p>\n\n\n\n<p class=\"wp-block-paragraph\">\u201cA 67 a\u00f1os, en esta C\u00e1mara de Diputados y Diputadas <strong>este derecho se fortalece.<\/strong><\/p>\n\n\n\n<p class=\"wp-block-paragraph\">En esta <em>legislatura de la paridad de g\u00e9nero<\/em> hemos tenido dos Presidentas de la Mesa Directiva de forma consecutiva. Una coordinadora parlamentaria, que en momentos fueron dos, y presidentas en comisiones tradicionalmente asociadas al quehacer masculino.<\/p>\n\n\n\n<p class=\"wp-block-paragraph\">\u201cLa congruencia y la b\u00fasqueda de nuestros espacios m\u00e1s all\u00e1 de la curul no ha sido sencilla, pero la representaci\u00f3n que formamos 241 mujeres es significativa: en las diputadas federales est\u00e1n las hermanas ind\u00edgenas, las mujeres rurales, las funcionarias p\u00fablicas con amplia trayectoria, las luchadoras sociales, las especialistas en pol\u00edticas p\u00fablicas, las representantes de las juventudes y las mujeres lesbianas, las profesoras, las jefas de familias, las defensoras de derechos humanos, las deportistas, las comunicadoras, las enfermeras y m\u00e9dicas, entre otras, y ah\u00ed radica nuestra fortaleza: en la colectividad y la diversidad; pero m\u00e1s fuertes somos a\u00fan, cuando nos reconocemos en esta diversidad.<\/p>\n\n\n\n<p class=\"wp-block-paragraph\">\u201cAsumir y reconocer la val\u00eda de la representaci\u00f3n, es pieza angular de nuestro actuar. Estamos aqu\u00ed expresando los derechos silenciados de las mexicanas, que no se nos olvide. Y en tanto debemos corresponder atendiendo temas de la agenda de igualdad y justicia social que permita la transformaci\u00f3n para todas las personas.<\/p>\n\n\n\n<p class=\"wp-block-paragraph\">\u201cTenemos buenas cuentas que entregar, pero a\u00fan necesitamos avanzar un trecho m\u00e1s: siguen siendo un pendiente los derechos sexuales y reproductivos y la propia violencia que seguimos viviendo por ser mujeres.<\/p>\n\n\n\n<p class=\"wp-block-paragraph\">\u201cComo periodista la tambi\u00e9n diputada Marcelina Galindo, escribi\u00f3 hace 67 a\u00f1os, en ese mismo 1953: <em>\u00abNosotras queremos contestar a los que preguntan \u00bfpor qu\u00e9 se le concedi\u00f3 el voto a la mujer?\u00bb. \u201cPorque era una necesidad social, un derecho pol\u00edtico y una exigencia de justicia. [\u2026]El voto femenino no es una d\u00e1diva, sino el otorgamiento de un derecho que hab\u00eda sido desconocido por mucho tiempo\u00bb.<\/em><\/p>\n\n\n\n<p class=\"wp-block-paragraph\">\u201cLos retos venideros nos encaminan a continuar manteni\u00e9ndonos <strong>estrat\u00e9gicamente unidas y fuertes <\/strong>en aras de nuestra libertad y defensa de los ejercicios ciudadanos, porque la historia nos ha ense\u00f1ado que solo as\u00ed se ha forjado un camino en el que se incluya un <strong><em>nosotras.<\/em><\/strong><\/p>\n\n\n\n<p class=\"wp-block-paragraph\">\u201cHoy continuamos labrando destinos, sin concesiones ni d\u00e1divas, pero con la misma mirada larga y estrat\u00e9gica por hacer realidad nuestros deseos como las precursoras del voto. Hemos trabajado noche y d\u00eda por construir pisos m\u00ednimos para un 50 % en la representaci\u00f3n, sin violencia pol\u00edtica.<\/p>\n\n\n\n<p class=\"wp-block-paragraph\"><strong>\u201cNo nos conformaremos con menos<\/strong>. Porque el legado de las sufragistas cimentado con pasos firmes debe ser dignamente recordado y condecorado.<\/p>\n\n\n\n<p class=\"wp-block-paragraph\"><strong>Recordemos: Empezamos siendo veinte<\/strong>.<\/p>\n\n\n\n<p class=\"wp-block-paragraph\"><strong>\u201cLa lucha sigue, por las que fueron, por las que somos, por las que vienen\u201d<\/strong>.<\/p>\n","protected":false},"excerpt":{"rendered":"<p>Empezamos siendo 20, llegaron cuatro<\/p>\n","protected":false},"author":3,"featured_media":27340,"comment_status":"open","ping_status":"open","sticky":false,"template":"","format":"standard","meta":{"_monsterinsights_skip_tracking":false,"footnotes":""},"categories":[691,194],"tags":[],"class_list":["post-27338","post","type-post","status-publish","format-standard","has-post-thumbnail","category-691","category-voto-femenino-en-mexico"],"_links":{"self":[{"href":"https:\/\/redsemlac.com\/semmexico\/wp-json\/wp\/v2\/posts\/27338","targetHints":{"allow":["GET"]}}],"collection":[{"href":"https:\/\/redsemlac.com\/semmexico\/wp-json\/wp\/v2\/posts"}],"about":[{"href":"https:\/\/redsemlac.com\/semmexico\/wp-json\/wp\/v2\/types\/post"}],"author":[{"embeddable":true,"href":"https:\/\/redsemlac.com\/semmexico\/wp-json\/wp\/v2\/users\/3"}],"replies":[{"embeddable":true,"href":"https:\/\/redsemlac.com\/semmexico\/wp-json\/wp\/v2\/comments?post=27338"}],"version-history":[{"count":0,"href":"https:\/\/redsemlac.com\/semmexico\/wp-json\/wp\/v2\/posts\/27338\/revisions"}],"wp:featuredmedia":[{"embeddable":true,"href":"https:\/\/redsemlac.com\/semmexico\/wp-json\/wp\/v2\/media\/27340"}],"wp:attachment":[{"href":"https:\/\/redsemlac.com\/semmexico\/wp-json\/wp\/v2\/media?parent=27338"}],"wp:term":[{"taxonomy":"category","embeddable":true,"href":"https:\/\/redsemlac.com\/semmexico\/wp-json\/wp\/v2\/categories?post=27338"},{"taxonomy":"post_tag","embeddable":true,"href":"https:\/\/redsemlac.com\/semmexico\/wp-json\/wp\/v2\/tags?post=27338"}],"curies":[{"name":"wp","href":"https:\/\/api.w.org\/{rel}","templated":true}]}}