{"id":27332,"date":"2020-10-15T22:30:28","date_gmt":"2020-10-15T22:30:28","guid":{"rendered":"https:\/\/redsemlac.com\/semmexico\/?p=27332"},"modified":"2023-07-21T16:35:46","modified_gmt":"2023-07-21T21:35:46","slug":"hablar-por-nosotras-y-no-por-dictado-pide-guadalupe-almaguer","status":"publish","type":"post","link":"https:\/\/redsemlac.com\/semmexico\/hablar-por-nosotras-y-no-por-dictado-pide-guadalupe-almaguer\/","title":{"rendered":"Hablar por nosotras y no por dictado, pide Guadalupe Almaguer"},"content":{"rendered":"\n<ul class=\"wp-block-list\"><li>En la sesi\u00f3n solemne del 67 Aniversario del voto, advierte que quedan grandes retos<\/li><li>A hist\u00f3rico seguir idealizando la opresi\u00f3n de las mujeres<\/li><\/ul>\n\n\n\n<p class=\"wp-block-paragraph\">Libertad L\u00f3pez<\/p>\n\n\n\n<p class=\"wp-block-paragraph\">SemM\u00e9xico, Cd. de M\u00e9xico, 15 de octubre, 2020.- La diputada del Partido de la Revoluci\u00f3n Democr\u00e1tica, PRD, Mar\u00eda Guadalupe Almaguer Pardo record\u00f3 en la sesi\u00f3n solemne por el 67 aniversario del Voto para las Mujeres en M\u00e9xico a Dolores Jim\u00e9nez y Muro, un \u00edcono de las lides revolucionarias que favoreci\u00f3 la participaci\u00f3n de las mujeres.<\/p>\n\n\n\n<p class=\"wp-block-paragraph\">Y ah\u00ed, en la asamblea conmemorativa, llam\u00f3 a las diputadas a decir y hablar por s\u00ed mismas y no tomar dictado. Ah\u00ed advirti\u00f3 a las legisladoras de los grandes retos en esta legislatura de la Paridad porque ahora, seis d\u00e9cadas despu\u00e9s, las mujeres enfrentamos la normalizaci\u00f3n de la violencia en el lenguaje y aplicaci\u00f3n de pol\u00edticas p\u00fablicas desde Presidente de la 4T.<\/p>\n\n\n\n<p class=\"wp-block-paragraph\">Consider\u00f3 injusto y a-hist\u00f3rico en seguir idealizando la opresi\u00f3n de la mujer en los roles de cuidado, de pretender minimizar las violencias que sufren mujeres y ni\u00f1as y sobre todo en esta pandemia. Denunci\u00f3 que se pretende eliminar los programas que ya hab\u00edan sido aprobados y presupuestados en esta C\u00e1mara de Diputados como es el presupuesto para CAMIS, refugios, estancias infantiles y presupuesto del Anexo 13 que no se aplica en los programas indicados con la perspectiva de g\u00e9nero.<\/p>\n\n\n\n<p class=\"wp-block-paragraph\">Publicamos sus palabras \u00edntegras.<\/p>\n\n\n\n<p class=\"wp-block-paragraph\">Mar\u00eda Guadalupe Almaguer Pardo.<\/p>\n\n\n\n<p class=\"wp-block-paragraph\">\u201cHoy conmemoramos el 67 aniversario, un 17 de octubre de 1953, cuando Presidente Ruiz Cortines promulg\u00f3 las reformas constitucionales para que las mexicanas gozaran de la \u201cciudadan\u00eda plena\u201d, -as\u00ed le llamaron en aquella \u00e9poca el derecho de votar y ser votadas-.<\/p>\n\n\n\n<p class=\"wp-block-paragraph\">\u201cEs necesario recordar que el derecho a votar de las mujeres no fue una concesi\u00f3n, fue una ardua lucha de muchas mujeres que nos antecedieron<\/p>\n\n\n\n<p class=\"wp-block-paragraph\">\u201cMi estado, San Luis Potos\u00ed, ha sido semillero de mujeres que abrieron camino para lo que hoy hemos conseguido, por eso hoy quiero recordar a Dolores Jim\u00e9nez y Muro, quien particip\u00f3 en la Revoluci\u00f3n Mexicana con Emiliano Zapata, luego fue maderista;&nbsp; redact\u00f3 el Plan de Tacubaya donde se desconoc\u00eda a Porfirio D\u00edaz y se exig\u00edan derechos a la poblaci\u00f3n, tambi\u00e9n realiz\u00f3 la redacci\u00f3n del pr\u00f3logo del plan de Ayala, y m\u00faltiples participaciones pol\u00edticas, pero entre las que destacan era los derechos pol\u00edticos para las mujeres, donde hace m\u00e1s de 100 a\u00f1os ya &nbsp;ten\u00edan esta exigencia: Es tiempo que las mexicanas reconozcan que sus derechos y obligaciones van m\u00e1s all\u00e1 del hogar.<\/p>\n\n\n\n<p class=\"wp-block-paragraph\">\u201cHasta ahora despu\u00e9s de m\u00e1s de 100 a\u00f1os de la Revoluci\u00f3n y a 67 a\u00f1os del voto de la mujer estamos logrando garantizar los derechos pol\u00edticos de las mujeres.&nbsp; Logramos en esta LXIV legislatura, el 5 de junio de 2019, la reforma constitucional de la paridad de g\u00e9nero, su armonizaci\u00f3n en 86 leyes y la tipificaci\u00f3n de violencia pol\u00edtica, tambi\u00e9n ya armonizada en leyes electorales.<\/p>\n\n\n\n<p class=\"wp-block-paragraph\">\u201cSi bien es un gran paso a\u00fan falta mucho por hacer para que esta paridad sea un reconocimiento socialmente pleno. A esto me refiero que vivimos en una sociedad donde prevalecen esquemas de dominaci\u00f3n patriarcal.<\/p>\n\n\n\n<p class=\"wp-block-paragraph\">\u201cTenemos grandes retos en esta legislatura de la Paridad, donde nos enfrentamos &nbsp;&nbsp;la normalizaci\u00f3n de la violencia a las mujeres en el lenguaje y aplicaci\u00f3n de pol\u00edticas p\u00fablicas desde Presidente de la 4T, en seguir idealizando la opresi\u00f3n de la mujer en los roles de cuidado, de pretender minimizar las violencias que sufren mujeres y ni\u00f1as y sobre todo en esta pandemia, en pretender eliminar los programas que&nbsp; ya hab\u00edan sido&nbsp; aprobados y presupuestados en esta C\u00e1mara de diputados como es el Presupuesto para CAMIS, refugios, Estancias infantiles y presupuesto del Anexo 13 que no se aplica en los programas indicados con la perspectiva de g\u00e9nero.<\/p>\n\n\n\n<p class=\"wp-block-paragraph\">\u201cVemos como desde el gobierno Federal y en diversas dependencias gubernamentales, tanto estatal como municipal, as\u00ed como en \u00e1mbito judicial diversos tipos de violencias contra las mujeres y ni\u00f1as, por lo que tenemos que seguir impulsando cambios legislativos para que se aplique la perspectiva de g\u00e9nero que sirva para coadyuvar en la eliminaci\u00f3n los diversos tipos de violencia institucional que padecemos hoy en M\u00e9xico<\/p>\n\n\n\n<p class=\"wp-block-paragraph\">\u201cPor lo que seguiremos luchando por el derecho a decidir sobre nuestros cuerpos con la despenalizaci\u00f3n del aborto, seguiremos luchando por eliminar la brecha salarial, por la independencia econ\u00f3mica, pelearemos por un presupuesto transversal aplicado en pol\u00edticas p\u00fablicas que sean \u00fatiles al desarrollo de las mujeres y ni\u00f1as y sobre todo eliminar todas las formas de violencia, as\u00ed como el mayor de los males la violencia feminicida que hoy adolece en las entra\u00f1as de todo M\u00e9xico.<\/p>\n\n\n\n<p class=\"wp-block-paragraph\">\u201cPor un M\u00e9xico incluyente con la participaci\u00f3n plena de las mujeres. \u00a1Nunca m\u00e1s un M\u00e9xico sin nosotras!\u201d<\/p>\n","protected":false},"excerpt":{"rendered":"<p>En la sesi\u00f3n solemne del 67 Aniversario del voto, advierte que quedan grandes retos A hist\u00f3rico seguir idealizando la opresi\u00f3n de las mujeres Libertad L\u00f3pez SemM\u00e9xico, Cd. de M\u00e9xico, 15 de octubre, 2020.- La diputada del Partido de la Revoluci\u00f3n Democr\u00e1tica, PRD, Mar\u00eda Guadalupe Almaguer Pardo record\u00f3 en la sesi\u00f3n solemne por el 67 aniversario [&hellip;]<\/p>\n","protected":false},"author":3,"featured_media":27333,"comment_status":"open","ping_status":"open","sticky":false,"template":"","format":"standard","meta":{"_monsterinsights_skip_tracking":false,"footnotes":""},"categories":[691,194],"tags":[],"class_list":["post-27332","post","type-post","status-publish","format-standard","has-post-thumbnail","category-691","category-voto-femenino-en-mexico"],"_links":{"self":[{"href":"https:\/\/redsemlac.com\/semmexico\/wp-json\/wp\/v2\/posts\/27332","targetHints":{"allow":["GET"]}}],"collection":[{"href":"https:\/\/redsemlac.com\/semmexico\/wp-json\/wp\/v2\/posts"}],"about":[{"href":"https:\/\/redsemlac.com\/semmexico\/wp-json\/wp\/v2\/types\/post"}],"author":[{"embeddable":true,"href":"https:\/\/redsemlac.com\/semmexico\/wp-json\/wp\/v2\/users\/3"}],"replies":[{"embeddable":true,"href":"https:\/\/redsemlac.com\/semmexico\/wp-json\/wp\/v2\/comments?post=27332"}],"version-history":[{"count":0,"href":"https:\/\/redsemlac.com\/semmexico\/wp-json\/wp\/v2\/posts\/27332\/revisions"}],"wp:featuredmedia":[{"embeddable":true,"href":"https:\/\/redsemlac.com\/semmexico\/wp-json\/wp\/v2\/media\/27333"}],"wp:attachment":[{"href":"https:\/\/redsemlac.com\/semmexico\/wp-json\/wp\/v2\/media?parent=27332"}],"wp:term":[{"taxonomy":"category","embeddable":true,"href":"https:\/\/redsemlac.com\/semmexico\/wp-json\/wp\/v2\/categories?post=27332"},{"taxonomy":"post_tag","embeddable":true,"href":"https:\/\/redsemlac.com\/semmexico\/wp-json\/wp\/v2\/tags?post=27332"}],"curies":[{"name":"wp","href":"https:\/\/api.w.org\/{rel}","templated":true}]}}