{"id":27190,"date":"2020-10-14T16:16:29","date_gmt":"2020-10-14T16:16:29","guid":{"rendered":"https:\/\/redsemlac.com\/semmexico\/?p=27190"},"modified":"2023-07-21T16:35:51","modified_gmt":"2023-07-21T21:35:51","slug":"mujeres-electas-las-voces-de-la-historia-9","status":"publish","type":"post","link":"https:\/\/redsemlac.com\/semmexico\/mujeres-electas-las-voces-de-la-historia-9\/","title":{"rendered":"Estela Rojas: alma de pionera"},"content":{"rendered":"\n<ul class=\"wp-block-list\"><li><strong>Con decisi\u00f3n cambi\u00f3 su destino en una familia tradicional<\/strong><\/li><li><strong>Se sobrepuso a los cuestionamientos machistas para ser una pol\u00edtica diferente<\/strong><\/li><\/ul>\n\n\n\n<p class=\"wp-block-paragraph\"><strong>Elvira Hern\u00e1ndez Carballido<\/strong><\/p>\n\n\n\n<p class=\"wp-block-paragraph\">SemM\u00e9xico, Pachuca, Hgo, 14 de octubre, 2020.- La voz de Estela Rojas no duda al afirmar: \u201cDebo decirle que me considero una mujer triunfadora, pero tuve que hacer, desde luego, un gran esfuerzo para lograr lo que he hecho.\u201d<a href=\"#_ftn1\">[1]<\/a><\/p>\n\n\n\n<p class=\"wp-block-paragraph\">De sus primeros a\u00f1os evoca a una familia tradicional donde lo m\u00e1s importante que hab\u00eda era el hombre, las mujeres estaban en un segundo plano, y ella ten\u00eda un hermano al que deb\u00eda atender. \u201c\u00c9l gozaba de todos los privilegios, se preocupaban para que fuera a la escuela. La mujer pod\u00eda terminar la primaria y despu\u00e9s esperar que un hombre se casara con ella y la mantuviera de por vida.\u201d<\/p>\n\n\n\n<p class=\"wp-block-paragraph\">Recuerda que ella sab\u00eda tocar el piano, y le hab\u00edan sugerido que mientras se casaba pod\u00eda dar clases a los ni\u00f1os. Pero no, su decisi\u00f3n a los diez a\u00f1os nadie pudo cambiarla: estudiar\u00eda la secundaria. Aunque, \u201cdentro de las mujeres de mi familia ninguna hab\u00eda estudiado. Las que m\u00e1s, despu\u00e9s de la primaria, durante dos a\u00f1os se les ense\u00f1aba taquigraf\u00eda y mecanograf\u00eda y se met\u00edan a trabajar\u201d.<\/p>\n\n\n\n<p class=\"wp-block-paragraph\">En esa \u00e9poca, ya se preguntaba qu\u00e9 pod\u00eda ser de grande. Primero quiso ser enfermera, pero su padre le asegur\u00f3 que como mujer era muy dif\u00edcil que soportara los casos de sangre y le impresionar\u00eda mucho querer atender un parto. Lo pens\u00f3 mejor, y al poco tiempo dijo con toda seguridad: \u201cSer\u00e9 abogada\u201d.<\/p>\n\n\n\n<p class=\"wp-block-paragraph\">Pero no fue sencillo, en la sociedad lo \u201cnormal\u201d era que una jovencita estudiara algo sencillo, o estudiara una carrera m\u00e1s acorde a la mujer, por ejemplo, ser maestra. Y despu\u00e9s, casarse. \u201cY no, yo no quer\u00eda solamente eso.&nbsp; Decid\u00ed ir a hacer la preparatoria al Instituto Cient\u00edfico Literario y Aut\u00f3nomo que pas\u00f3 a ser ahora la universidad. En mi casa hab\u00eda oposici\u00f3n de que yo fuera al instituto, mi hermano me dec\u00eda que las cosas eran muy dif\u00edciles. No creas -me advert\u00eda- que es como tu escuelita, la secundaria <em>Las Hijas de Allende<\/em>, una escuela exclusivamente de mujeres. Me dec\u00eda que no iba a ser tan f\u00e1cil eso, que no se parec\u00eda en nada a una escuela de puras mujeres donde solamente nos consent\u00edan, que iba a ser m\u00e1s dif\u00edcil para m\u00ed, que yo no iba a poder prosperar. Total, de todos modos, dije yo voy\u201d.<\/p>\n\n\n\n<p class=\"wp-block-paragraph\">Pero, al terminar el primer a\u00f1o de la preparatoria, obtuvo un premio en humanidades y entonces decidi\u00f3 hacer el bachillerato de Ciencias Sociales. Lo que s\u00ed represent\u00f3 un verdadero problema fue que no hab\u00eda la carrera de leyes en la Universidad de Hidalgo, entonces tuvo que irse a la ciudad de M\u00e9xico para estudiar en la Universidad Nacional Aut\u00f3noma de M\u00e9xico.<\/p>\n\n\n\n<p class=\"wp-block-paragraph\">Y otra vez las dudas paternas, las preocupaciones maternas: \u00bfd\u00f3nde vas a vivir? \u00bfC\u00f3mo vas a vivir? \u00bfCon qui\u00e9n vas a vivir? Logr\u00f3 irse con dos amigas, las tres j\u00f3venes de provincia se sent\u00edan ajenas a ese mundo citadino. Adem\u00e1s, descubrieron que eran pocas mujeres las que iban a la universidad. Sin embargo, tuvo su ilusi\u00f3n por estudiar fue m\u00e1s fuerte. Un a\u00f1o antes de concluir sus estudios universitarios, empez\u00f3 a trabajar en un despacho jur\u00eddico, daba clases de civismo en una secundaria t\u00e9cnica y \u201ctuve que asumir una actitud de seriedad, de formalidad para que creyeran en m\u00ed\u201d.&nbsp;<\/p>\n\n\n\n<p class=\"wp-block-paragraph\">En cuatro a\u00f1os concluy\u00f3 su carrera, hizo su tesis, un estudio del sistema agrario con relaci\u00f3n al sistema fiscal del Estado, y se titul\u00f3. De esta manera se convirti\u00f3 en la primera mujer hidalguense en haber obtenido el t\u00edtulo de licenciada en Derecho, por la Universidad Nacional Aut\u00f3noma de M\u00e9xico (UNAM).<\/p>\n\n\n\n<p class=\"wp-block-paragraph\">Con su t\u00edtulo de abogada regres\u00f3 a Pachuca. Con gran iniciativa y seguridad habl\u00f3 con el gobernador y le manifest\u00f3 que ya hab\u00eda terminado su carrera de Derecho. Le ofrecieron el cargo de defensor de oficio del fuero com\u00fan y nuevamente fue pionera, se convirti\u00f3 en la primera mujer del estado en ejercer ese puesto.<\/p>\n\n\n\n<p class=\"wp-block-paragraph\">En 1957 se cas\u00f3 con Nicol\u00e1s Soto Oliver, m\u00e9dico, cirujano. Su esposo se fue a Guanajuato, ya que deb\u00eda cumplir con su servicio social. Lo acompa\u00f1\u00f3 y se regres\u00f3 a Hidalgo cuando naci\u00f3 su primera hija, Mar\u00eda Estela Rojas Soto.<\/p>\n\n\n\n<p class=\"wp-block-paragraph\">Nuevamente en su estado natal se incorpor\u00f3 a su trabajo de defensor\u00eda de oficio y entr\u00f3 a trabajar a la escuela de Trabajo Social, donde al poco tiempo fue directora. Despu\u00e9s, el Lic. Manuel S\u00e1nchez Vite la invit\u00f3 a crear la Direcci\u00f3n General de Profesiones en el Estado.<\/p>\n\n\n\n<p class=\"wp-block-paragraph\">Despu\u00e9s recibi\u00f3 el Partido Revolucionario Institucional (PRI) la eligi\u00f3 para que fuera candidata a \u201cdiputado\u201d federal por el tercer distrito con cabecera en Tula. Esa decisi\u00f3n la convert\u00eda en la primera mujer del estado que llega al congreso.<\/p>\n\n\n\n<p class=\"wp-block-paragraph\">\u201cFue ah\u00ed donde obtuve mi primer aprendizaje pol\u00edtico. Honestamente, yo me inici\u00e9 pol\u00edticamente no con los cargos de elecci\u00f3n popular, yo me inici\u00e9 como pol\u00edtica en la universidad, un semillero que puede dar pol\u00edticos porque ah\u00ed es la lucha de ideas es intensa y hasta apasionante. Nada de que todos levantaban las manos y ya. No, no, no aqu\u00ed todo se cuestionaba, todo se dec\u00eda el por qu\u00e9, hab\u00eda oposici\u00f3n y lleg\u00e1bamos grupos de directores de diferentes escuelas con ideas ya bien definidas de lo que quer\u00edamos y a veces no correspond\u00edan a lo que el rector quer\u00eda. Entonces, en la votaci\u00f3n a veces le ech\u00e1bamos abajo las cosas al rector y por eso digo que yo ah\u00ed aprend\u00ed a ser pol\u00edtica\u201d. De manera honesta reconoce que fue \u201cdiputada de dedazo\u201d. Es la verdad, \u201ca m\u00ed me dijeron usted va a ser diputada y lo fui. Pero fue una campa\u00f1a tan bella. Llegaba yo y la gente no sab\u00eda c\u00f3mo recibirme, qu\u00e9 darme. Entonces me regalaban flores, cosas tejidas, artesan\u00edas, me hac\u00edan comidas y trataban de darme lo mejor que ten\u00edan\u201d.<\/p>\n\n\n\n<p class=\"wp-block-paragraph\">Para ella fue impactante llagar al Congreso de la Uni\u00f3n, la tribuna m\u00e1s grande del pa\u00eds y tuvo mucha aceptaci\u00f3n. \u201cYo creo que me fue muy bien porque tuve muchas comisiones y participaciones. Sub\u00ed a la tribuna varias veces, las comisiones que me dieron fueron muy importantes, inclusive me mandaron a New York a la Organizaci\u00f3n de las Naciones Unidas en representaci\u00f3n de la c\u00e1mara. Estuve en la Casa Blanca. Asist\u00ed a varias reuniones en distintos estados del pa\u00eds con mujeres legisladoras, particip\u00f3 activamente en las comisiones del a\u00f1o internacional de la mujer, en M\u00e9xico\u201d.<\/p>\n\n\n\n<p class=\"wp-block-paragraph\">Su labor fue impecable y al concluirla la nombraron \u201cpresidente\u201d del comit\u00e9 directivo estatal del PRI, en 1974 o 75. Entonces \u201csoy la primera mujer a nivel nacional que nombran presidente del comit\u00e9 directivo estatal del PRI\u201d. M\u00e1s tarde, fue magistrada del estado. Cuando Lugo Verduzco fue electo gobernador, la invit\u00f3 a trabajar en su gobierno como oficial mayor del gobierno del estado. Nuevamente es la \u201cprimera mujer en ocupar ese puesto\u201d.<\/p>\n\n\n\n<p class=\"wp-block-paragraph\">Nuevamente su trabajo es determinante para que sea elegida como candidata a diputada federal. \u201cQue prendo la televisi\u00f3n y que voy viendo: la licenciada Estela Rojas nominada para el primer distrito de aqu\u00ed. Y ahora otra vez a pensar y otra vez a hacer campa\u00f1a, pero ya no result\u00f3 como la primera, tan agradable. Ahora ya le cuestionaban a una mucho nuestra presencia en los escenarios pol\u00edticos y hab\u00eda poca asistencia a los m\u00edtines\u201d. Pese a todo gan\u00f3 las elecciones con bastante votaci\u00f3n. La experiencia fue muy diferente a la primera ocasi\u00f3n, ahora hab\u00eda oposici\u00f3n, enfrentamientos constantes y la situaci\u00f3n pol\u00edtica en el pa\u00eds muy dif\u00edcil al ser declarado presidente de M\u00e9xico, Carlos Salinas.<\/p>\n\n\n\n<p class=\"wp-block-paragraph\">Regres\u00f3 a Pachuca pues su madre enferm\u00f3 y muri\u00f3. \u201cEntonces como que me deprim\u00ed, me deca\u00ed y ya no sal\u00ed. Hasta que me mand\u00f3 llamar el Lic. Lugo Verduzco. En ese periodo se cre\u00f3 la Comisi\u00f3n de Derechos Humanos y me nombraron su presidenta\u201d. Se dedic\u00f3 a sanear la sociedad hidalguense desde esa perspectiva.<\/p>\n\n\n\n<p class=\"wp-block-paragraph\">Ser la primera mujer en tantas experiencias del mundo acad\u00e9mico, pol\u00edtico y cultura es determinante para que se exprese con orgullo de sus compa\u00f1eras de g\u00e9nero, crea en ellas y aconseje o motive. \u201cUna como mujer tiene que demostrar en el trabajo que lo sabe hacer, que lo puede hacer y que es mejor que los hombres. Siempre est\u00e1n vigilando c\u00f3mo lo hicimos, y si hay un error de inmediato dicen: Ay, esta vieja, \u00bfmira lo que vino hacer\u2026 ten\u00eda que ser vieja no? Entonces, una debe hacer un doble un esfuerzo por hacer su trabajo lo mejor que puede. Ah, pero adem\u00e1s tienes que ser buena esposa y buena madre y para eso no hay universidades ni escuelas. Una lo aprende sobre el camino. El trabajo m\u00e1s complejo creo que es el ser madre porque una quisiera que los hijos fueran perfectos y cualquier tropiezo de ellos, una lo sufre mucho. F\u00edjese, una de las cr\u00edticas m\u00e1s constantes que siempre padec\u00ed siempre fue trabajar. La gente me dec\u00eda, si ya tienes marido que te mantenga para qu\u00e9 trabajas \u00bfNo te puede mantener? Tambi\u00e9n me dec\u00edan, \u201clas mujeres que trabajan, abandonan a sus hijos\u201d y eso, es mentira, porque depende de qu\u00e9 mujer. Las mujeres que trabajamos somos m\u00e1s organizadas.<\/p>\n\n\n\n<p class=\"wp-block-paragraph\">Por ejemplo, yo hac\u00eda el mercado y en quince minutos llenaba dos bolsas. Sal\u00eda a dar mis clases. A las once entraba al tribunal, pero ya ten\u00eda mis bolsas llenas y as\u00ed me las llevaba. Cuando sal\u00eda de ah\u00ed me las tra\u00eda para la casa, si ten\u00eda servidumbre me ayudaban a guisar o sino lo hac\u00eda sola. Pero en mi casa siempre hab\u00eda comida a tiempo. Fue muy dif\u00edcil\u2026 Siempre me preguntaba si estaba haciendo bien\u2026 yo creo que todas las que trabajamos nos hacemos esa pregunta \u00bfValdr\u00e1 la pena lo que estamos haciendo? \u00bfNo estar\u00e9 dejando a mis hijos el tiempo en que deber\u00eda disfrutarlos m\u00e1s? Pero yo ahora digo: volver\u00eda hacer exactamente lo mismo\u201d. Estela Rojas de Soto\u2026 Pionera de coraz\u00f3n.<\/p>\n\n\n\n<p class=\"wp-block-paragraph\">SEM\/ec<\/p>\n\n\n\n<hr class=\"wp-block-separator\"\/>\n\n\n\n<p class=\"has-small-font-size wp-block-paragraph\"><a href=\"#_ftnref1\">[1]<\/a> El presenta apartado est\u00e1 redactado con la entrevista realizada a Estela Rojas para el libro \u201cBellas y Airosas: Mujeres en Hidalgo\u201d (2011) , por lo que cada texto entre comillas corresponde a esa charla, de la cual viene la referencia completa al final del trabajo.&nbsp;<\/p>\n","protected":false},"excerpt":{"rendered":"<p>Con decisi\u00f3n cambi\u00f3 su destino en una familia tradicional<\/p>\n","protected":false},"author":3,"featured_media":27188,"comment_status":"open","ping_status":"open","sticky":false,"template":"","format":"standard","meta":{"_monsterinsights_skip_tracking":false,"footnotes":""},"categories":[691,195,194],"tags":[],"class_list":["post-27190","post","type-post","status-publish","format-standard","has-post-thumbnail","category-691","category-mujeres-electas-las-voces-de-la-historia","category-voto-femenino-en-mexico"],"_links":{"self":[{"href":"https:\/\/redsemlac.com\/semmexico\/wp-json\/wp\/v2\/posts\/27190","targetHints":{"allow":["GET"]}}],"collection":[{"href":"https:\/\/redsemlac.com\/semmexico\/wp-json\/wp\/v2\/posts"}],"about":[{"href":"https:\/\/redsemlac.com\/semmexico\/wp-json\/wp\/v2\/types\/post"}],"author":[{"embeddable":true,"href":"https:\/\/redsemlac.com\/semmexico\/wp-json\/wp\/v2\/users\/3"}],"replies":[{"embeddable":true,"href":"https:\/\/redsemlac.com\/semmexico\/wp-json\/wp\/v2\/comments?post=27190"}],"version-history":[{"count":0,"href":"https:\/\/redsemlac.com\/semmexico\/wp-json\/wp\/v2\/posts\/27190\/revisions"}],"wp:featuredmedia":[{"embeddable":true,"href":"https:\/\/redsemlac.com\/semmexico\/wp-json\/wp\/v2\/media\/27188"}],"wp:attachment":[{"href":"https:\/\/redsemlac.com\/semmexico\/wp-json\/wp\/v2\/media?parent=27190"}],"wp:term":[{"taxonomy":"category","embeddable":true,"href":"https:\/\/redsemlac.com\/semmexico\/wp-json\/wp\/v2\/categories?post=27190"},{"taxonomy":"post_tag","embeddable":true,"href":"https:\/\/redsemlac.com\/semmexico\/wp-json\/wp\/v2\/tags?post=27190"}],"curies":[{"name":"wp","href":"https:\/\/api.w.org\/{rel}","templated":true}]}}