{"id":27182,"date":"2020-10-13T23:27:40","date_gmt":"2020-10-13T23:27:40","guid":{"rendered":"https:\/\/redsemlac.com\/semmexico\/?p=27182"},"modified":"2023-07-21T16:35:51","modified_gmt":"2023-07-21T21:35:51","slug":"sin-publicarse-reforma-constitucional-que-garantiza-paridad-en-los-cabildos","status":"publish","type":"post","link":"https:\/\/redsemlac.com\/semmexico\/sin-publicarse-reforma-constitucional-que-garantiza-paridad-en-los-cabildos\/","title":{"rendered":"Sin publicarse reforma constitucional que garantiza paridad en los cabildos"},"content":{"rendered":"\n<ul class=\"wp-block-list\"><li><strong>La modificaci\u00f3n legislativa fue aprobada en el\u00a0Congreso local desde agosto pasado<\/strong><\/li><\/ul>\n\n\n\n<ul class=\"wp-block-list\"><li><strong>Garantiza el principio de igualdad sin restricciones, tanto para el hombre como para la mujer.<\/strong><\/li><\/ul>\n\n\n\n<p class=\"wp-block-paragraph\"><strong>Redacci\u00f3n<\/strong><\/p>\n\n\n\n<p class=\"wp-block-paragraph\">SemM\u00e9xico, Oaxaca, 13 de octubre, 2020.- A pesar de que el Congreso local aprob\u00f3 una reforma constitucional para garantizar la paridad en la sustituci\u00f3n de los cargos municipales, la modificaci\u00f3n respectiva no ha sido publicada en el Peri\u00f3dico Oficial del Estado, se\u00f1al\u00f3 la diputada, Hilda Graciela P\u00e9rez Luis.&nbsp;<\/p>\n\n\n\n<p class=\"wp-block-paragraph\">En un comunicado de prensa, se\u00f1ala que la adecuaci\u00f3n legal tiene el objetivo de conformar Ayuntamientos paritarios&nbsp;&nbsp;y contar con marcos normativos que garanticen el ejercicio del cargo de las mujeres, para que en el caso de que se origine una vacante del concejal propietario y suplente, esta sea cubierta por alguien del mismo g\u00e9nero.<\/p>\n\n\n\n<p class=\"wp-block-paragraph\">Impulsada por la diputada, Hilda Graciela P\u00e9rez Luis, la medida legislativa fue aprobada por esta Soberan\u00eda el 12 de agosto de 2020. La modificaci\u00f3n ya fue enviada al Ejecutivo con fecha 28 de agosto; pero hasta el momento no ha sido publicada en Peri\u00f3dico Oficial del Estado.&nbsp;<\/p>\n\n\n\n<p class=\"wp-block-paragraph\">La congresista refiri\u00f3 que la adecuaci\u00f3n a la Ley Org\u00e1nica Municipal del Estado de Oaxaca en esa materia, fue aprobada por la m\u00e1xima tribuna del Estado el 27 de Febrero del 2019, bajo el Decreto n\u00famero 583 y publicada en el Peri\u00f3dico Oficial del Estado el 06 de Abril del 2019.&nbsp;<\/p>\n\n\n\n<p class=\"wp-block-paragraph\">La necesidad de legislar en este rubro, surgi\u00f3 porque en Oaxaca se han presentado diversos casos, en los cuales renuncian las primeras concejales, propietarias y suplentes, con ello se daba paso a que los hombres ocuparan el espacio.<\/p>\n\n\n\n<p class=\"wp-block-paragraph\">En Oaxaca, que las mujeres puedan acceder a los espacios de representaci\u00f3n pol\u00edtica es un reto. Que puedan ejercer su derecho de manera sustantiva, con igualdad de oportunidades una vez en el cargo, representa un desaf\u00edo mayor. Es por esto la importancia de contar con marcos normativos que garanticen el ejercicio del cargo de las mujeres.&nbsp;<\/p>\n\n\n\n<p class=\"wp-block-paragraph\">Adem\u00e1s, los partidos pol\u00edticos tienen la obligaci\u00f3n por ley, no s\u00f3lo de fomentar y garantizar el principio de paridad en la postulaci\u00f3n de candidaturas para los cargos de elecci\u00f3n popular, tambi\u00e9n, su permanencia y si existiera una sustituci\u00f3n, que se realice de manera paritaria.&nbsp;<\/p>\n\n\n\n<p class=\"wp-block-paragraph\">Con las modificaciones se\u00f1aladas anteriormente, se avanza significativamente al garantizar un ejercicio de igualdad, as\u00ed como el reconocimiento de los derechos pol\u00edticos y humanos de las mujeres.&nbsp;<\/p>\n\n\n\n<p class=\"wp-block-paragraph\">SEM\/sj<\/p>\n","protected":false},"excerpt":{"rendered":"<p>Garantiza el principio de igualdad sin restricciones, tanto para el hombre como para la mujer.<\/p>\n","protected":false},"author":3,"featured_media":27183,"comment_status":"open","ping_status":"open","sticky":false,"template":"","format":"standard","meta":{"_monsterinsights_skip_tracking":false,"footnotes":""},"categories":[691,50],"tags":[],"class_list":["post-27182","post","type-post","status-publish","format-standard","has-post-thumbnail","category-691","category-congreso"],"_links":{"self":[{"href":"https:\/\/redsemlac.com\/semmexico\/wp-json\/wp\/v2\/posts\/27182","targetHints":{"allow":["GET"]}}],"collection":[{"href":"https:\/\/redsemlac.com\/semmexico\/wp-json\/wp\/v2\/posts"}],"about":[{"href":"https:\/\/redsemlac.com\/semmexico\/wp-json\/wp\/v2\/types\/post"}],"author":[{"embeddable":true,"href":"https:\/\/redsemlac.com\/semmexico\/wp-json\/wp\/v2\/users\/3"}],"replies":[{"embeddable":true,"href":"https:\/\/redsemlac.com\/semmexico\/wp-json\/wp\/v2\/comments?post=27182"}],"version-history":[{"count":0,"href":"https:\/\/redsemlac.com\/semmexico\/wp-json\/wp\/v2\/posts\/27182\/revisions"}],"wp:featuredmedia":[{"embeddable":true,"href":"https:\/\/redsemlac.com\/semmexico\/wp-json\/wp\/v2\/media\/27183"}],"wp:attachment":[{"href":"https:\/\/redsemlac.com\/semmexico\/wp-json\/wp\/v2\/media?parent=27182"}],"wp:term":[{"taxonomy":"category","embeddable":true,"href":"https:\/\/redsemlac.com\/semmexico\/wp-json\/wp\/v2\/categories?post=27182"},{"taxonomy":"post_tag","embeddable":true,"href":"https:\/\/redsemlac.com\/semmexico\/wp-json\/wp\/v2\/tags?post=27182"}],"curies":[{"name":"wp","href":"https:\/\/api.w.org\/{rel}","templated":true}]}}