{"id":27179,"date":"2020-10-13T23:25:16","date_gmt":"2020-10-13T23:25:16","guid":{"rendered":"https:\/\/redsemlac.com\/semmexico\/?p=27179"},"modified":"2023-07-21T16:35:51","modified_gmt":"2023-07-21T21:35:51","slug":"si-los-candidatos-atacan-a-una-companera-como-pretenden-trabajar-la-violencia-de-genero-con-la-ciudadania-hilda-miranda","status":"publish","type":"post","link":"https:\/\/redsemlac.com\/semmexico\/si-los-candidatos-atacan-a-una-companera-como-pretenden-trabajar-la-violencia-de-genero-con-la-ciudadania-hilda-miranda\/","title":{"rendered":"Si los candidatos atacan a una compa\u00f1era \u00bfc\u00f3mo pretenden trabajar la violencia de g\u00e9nero con la ciudadan\u00eda?: Hilda Miranda"},"content":{"rendered":"\n<p class=\"wp-block-paragraph\"><strong>Lorena Piedad<\/strong><\/p>\n\n\n\n<p class=\"wp-block-paragraph\">SemM\u00e9xico. Hidalgo. 13 de octubre de 2020.- Hilda Miranda, candidata en com\u00fan de Morena, Partido Verde Ecologista de M\u00e9xico (PVEM), Partido del Trabajo (PT) y Encuentro Social de Hidalgo (PES) para la presidencia municipal de Mineral de la Reforma, invit\u00f3 a que el cierre de este proceso electoral en Hidalgo se realice en un ambiente de paz y democracia.<\/p>\n\n\n\n<p class=\"wp-block-paragraph\">Luego de las renuncias de&nbsp;la diputada panista con licencia&nbsp;<strong>Areli Maya Monzalvo<\/strong>&nbsp;y de&nbsp;<strong>Diana Laura Ram\u00edrez Meneses<\/strong>, la candidatura de Miranda fue aprobada el 19 de septiembre, y pese a que inici\u00f3 con 10 d\u00edas de retraso respecto a los otros candidatos, expres\u00f3 que no considera que exista desventaja, \u201cal contrario, es una campa\u00f1a de mucha esperanza, con mucha energ\u00eda y muchos voluntarios se han sumado al trabajo. Hoy vengo a consolidar la izquierda en Mineral de la Reforma.<\/p>\n\n\n\n<p class=\"wp-block-paragraph\">\u201cHilda Miranda es una ciudadana de izquierda que sigue la escuela obradorista desde hace 18 a\u00f1os, soy muy inquieta, aut\u00e9ntica y muy perseverante; tengo metas, soy licenciada en administraci\u00f3n, egresada de la Universidad Aut\u00f3noma del Estado de Hidalgo, tengo una especialidad en gobierno de administraci\u00f3n p\u00fablica y algunos diplomados, adem\u00e1s soy la candidata que cumpli\u00f3 en tiempo y forma con los requisitos para contender por Mineral de la Reforma.&nbsp;Soy una mujer con ideas de cambio comprometida de palabra. No les voy a fallar. Palabra de mujer\u201d.<\/p>\n\n\n\n<p class=\"wp-block-paragraph\">Platic\u00f3 para SemM\u00e9xico algunas de las propuestas para dicho municipio el cual la&nbsp;ONU-H\u00e1bitat coloc\u00f3, junto a Pachuca y Tulancingo, en 2017, en los \u00faltimos lugares del pa\u00eds respecto a municipios urbanos sostenibles ambientalmente, \u201cqueremos un municipio sustentable, debemos generar un cambio importante para el medio ambiente, apostamos por un municipio verde. Uno de mis siete ejes de trabajo es lograr un municipio pr\u00f3spero y sustentable porque es uno de los m\u00e1s grandes en crecimiento desorganizado. Crearemos un programa de bienestar social municipal que va a llegar a los lugares m\u00e1s vulnerables, apostaremos por las pavimentaciones ya que a\u00fan hay gente que no cuenta con agua ni luz, por ello, otro eje es el mejoramiento a la vivienda porque un sector importante de la poblaci\u00f3n no cuenta con un techo digno. Llegaremos a los lugares olvidados.<\/p>\n\n\n\n<p class=\"wp-block-paragraph\">\u201cTambi\u00e9n trabajaremos en la seguridad p\u00fablica y ciudadana. Queremos generar empleos, que los empresarios vengan a invertir, ya que cuando gobernaron el PRI y el PAN endeudaron al municipio y ahora tratan de recuperar esa deuda cobrando de m\u00e1s en el predial y en licencias de funcionamiento y construcci\u00f3n, as\u00ed que nosotros vamos a generar convenios de colaboraci\u00f3n y otro compromiso es reducir el costo de esos pagos para la ciudadan\u00eda\u201d.<\/p>\n\n\n\n<p class=\"wp-block-paragraph\">Respecto a los temas de violencia de g\u00e9nero pol\u00edtica que han turbado este proceso electoral en Hidalgo, Hilda Miranda mencion\u00f3 que al igual que muchas candidatas, \u201che sido v\u00edctima porque tiran publicidad en mi contra diciendo que vend\u00ed ya la candidatura o que pertenezco a tal o cual grupo, en redes sociales los candidatos me atacan y digo si eso le hacen a una compa\u00f1era, a una candidata, \u00bfc\u00f3mo entonces pretenden trabajar estos temas de violencia de g\u00e9nero con la ciudadan\u00eda? Aqu\u00ed en Mineral de la Reforma las mujeres somos gente de trabajo y es lamentable lo que est\u00e1n haciendo los compa\u00f1eros queriendo intimidar, no se vale.<\/p>\n\n\n\n<p class=\"wp-block-paragraph\">\u201cAdem\u00e1s algunos se molestan porque quieren decirme qu\u00e9 debo hacer en mi campa\u00f1a y que me dedique a trabajar sin invitar a gente que no me conviene, ellos que mejor se dediquen a reflexionar lo que han hecho mal y nos dejen trabajar en paz. En este municipio los candidatos dan despensas o piden la INE de los ciudadanos, lo cual es un delito federal, nosotros vamos contra la corrupci\u00f3n. Yo quiero que a trav\u00e9s de mi gobierno se entienda que la palabra de mujer es una palabra de valor. La candidatura de Hilda Miranda va m\u00e1s fuerte que nunca\u201d.<\/p>\n\n\n\n<p class=\"wp-block-paragraph\">En ese contexto es que hizo un llamado para un proceso electoral que garantice la paz y asegur\u00f3 que fue la \u00fanica candidata de Hidalgo que present\u00f3 su declaraci\u00f3n 3 de 3 ante empresarios en un foro de participaci\u00f3n \u201cyo s\u00ed voy por un gobierno transparente y luchamos por generar un bienestar social para nuestro municipio, no podemos combatir la violencia con m\u00e1s violencia porque la gente tiene gran esperanza en el partido a pesar de las dificultades de la candidatura.<\/p>\n\n\n\n<p class=\"wp-block-paragraph\">\u201cBuscamos la transformaci\u00f3n verdadera y que nuestra administraci\u00f3n nos permita ser el ejemplo para pol\u00edticas p\u00fablicas, demostrar con un buen gobierno que en Mineral de la Reforma se abre la puerta de la esperanza de la cuarta transformaci\u00f3n.<\/p>\n\n\n\n<p class=\"wp-block-paragraph\">\u201cLa ciudadan\u00eda hidalguense tenemos una oportunidad hist\u00f3rica el 18 de octubre, le pido que acuda a votar con las medidas sanitarias correspondientes. Queremos que la gente participe y decida qui\u00e9nes son los mejores perfiles y decirles que aquellos candidatos que en campa\u00f1a compran voluntades van a llegar de la misma forma a gobernar, a recuperar todo lo que invirti\u00f3. Hoy la gente tiene la decisi\u00f3n hist\u00f3rica para el rumbo de Mineral de la Reforma e Hidalgo\u201d.&nbsp;<\/p>\n","protected":false},"excerpt":{"rendered":"<p>Hilda Miranda mencion\u00f3 que al igual que muchas candidatas, \u201che sido v\u00edctima porque tiran publicidad en mi contra diciendo que vend\u00ed ya la candidatura o que pertenezco a tal o cual grupo, en redes sociales los candidatos me atacan <\/p>\n","protected":false},"author":3,"featured_media":27180,"comment_status":"open","ping_status":"open","sticky":false,"template":"","format":"standard","meta":{"_monsterinsights_skip_tracking":false,"footnotes":""},"categories":[691,141],"tags":[],"class_list":["post-27179","post","type-post","status-publish","format-standard","has-post-thumbnail","category-691","category-elecciones-2020-2021"],"_links":{"self":[{"href":"https:\/\/redsemlac.com\/semmexico\/wp-json\/wp\/v2\/posts\/27179","targetHints":{"allow":["GET"]}}],"collection":[{"href":"https:\/\/redsemlac.com\/semmexico\/wp-json\/wp\/v2\/posts"}],"about":[{"href":"https:\/\/redsemlac.com\/semmexico\/wp-json\/wp\/v2\/types\/post"}],"author":[{"embeddable":true,"href":"https:\/\/redsemlac.com\/semmexico\/wp-json\/wp\/v2\/users\/3"}],"replies":[{"embeddable":true,"href":"https:\/\/redsemlac.com\/semmexico\/wp-json\/wp\/v2\/comments?post=27179"}],"version-history":[{"count":0,"href":"https:\/\/redsemlac.com\/semmexico\/wp-json\/wp\/v2\/posts\/27179\/revisions"}],"wp:featuredmedia":[{"embeddable":true,"href":"https:\/\/redsemlac.com\/semmexico\/wp-json\/wp\/v2\/media\/27180"}],"wp:attachment":[{"href":"https:\/\/redsemlac.com\/semmexico\/wp-json\/wp\/v2\/media?parent=27179"}],"wp:term":[{"taxonomy":"category","embeddable":true,"href":"https:\/\/redsemlac.com\/semmexico\/wp-json\/wp\/v2\/categories?post=27179"},{"taxonomy":"post_tag","embeddable":true,"href":"https:\/\/redsemlac.com\/semmexico\/wp-json\/wp\/v2\/tags?post=27179"}],"curies":[{"name":"wp","href":"https:\/\/api.w.org\/{rel}","templated":true}]}}