{"id":27176,"date":"2020-10-13T23:09:59","date_gmt":"2020-10-13T23:09:59","guid":{"rendered":"https:\/\/redsemlac.com\/semmexico\/?p=27176"},"modified":"2023-07-21T16:35:51","modified_gmt":"2023-07-21T21:35:51","slug":"en-su-quinto-informe-astudillo-asegura-que-el-feminicidio-disminuyo-21-en-guerrero","status":"publish","type":"post","link":"https:\/\/redsemlac.com\/semmexico\/en-su-quinto-informe-astudillo-asegura-que-el-feminicidio-disminuyo-21-en-guerrero\/","title":{"rendered":"En su quinto informe, Astudillo asegura que el feminicidio disminuy\u00f3 21% en Guerrero"},"content":{"rendered":"\n<p class=\"wp-block-paragraph\"><strong>Josefina Aguilar Pastor<\/strong><\/p>\n\n\n\n<p class=\"wp-block-paragraph\">SemM\u00e9xico.&nbsp;Chilpancingo, Guerrero, 13 de octubre de 2020.- Reconoce el gobernador H\u00e9ctor Astudillo Flores,&nbsp;deuda hist\u00f3rica con las mujeres, se dijo convencido de impulsar un gobierno m\u00e1s incluyente y trabajar para que ellas vivan en un ambiente seguro y libre de violencia.<\/p>\n\n\n\n<p class=\"wp-block-paragraph\">Al rendir este martes, su quinto informe de gobierno, en algunos p\u00e1rrafos &nbsp;se refiri\u00f3 a la atenci\u00f3n a las mujeres, en lo que va de su&nbsp;\u00faltimo&nbsp;a\u00f1o de gobierno.<\/p>\n\n\n\n<p class=\"wp-block-paragraph\">En el&nbsp;eje 1, \u201cGuerrero Seguro y de Leyes Bajo el Marco de los Derechos Humanos\u00bb, alusivo a las acciones en materia de seguridad, el mandatario estatal&nbsp;&nbsp;dio a conocer que&nbsp;en el periodo que comprende este informe, el feminicidio se redujo 21.7 por ciento, teniendo registrados, s\u00f3lo 12 casos.<\/p>\n\n\n\n<p class=\"wp-block-paragraph\">Con estas cifras indic\u00f3 Astudillo Flores, el&nbsp;estado de Guerrero ocupa el lugar 25 a nivel nacional; \u201cpero m\u00e1s all\u00e1 del lugar que ocupemos, redoblaremos esfuerzos para que las mujeres puedan vivir m\u00e1s seguras\u201d, ofreci\u00f3.<\/p>\n\n\n\n<p class=\"wp-block-paragraph\">Inform\u00f3, que &nbsp;este a\u00f1o, puso en marcha la Alerta (protocolo) Alba para la b\u00fasqueda y localizaci\u00f3n de mujeres desaparecidas. En tanto que la Alerta Amber, contin\u00faa con su operaci\u00f3n para la b\u00fasqueda y localizaci\u00f3n de menores de edad.<\/p>\n\n\n\n<p class=\"wp-block-paragraph\">M\u00e1s adelante, Astudillo Flores sostuvo, \u201ctenemos una deuda hist\u00f3rica con las mujeres. Es nuestra convicci\u00f3n ser un&nbsp;gobierno m\u00e1s incluyente y trabajar para que ellas vivan en un ambiente seguro y libre de violencia\u201d.&nbsp;<\/p>\n\n\n\n<p class=\"wp-block-paragraph\">Refiri\u00f3 que entre 2016 y 2020, el Centro de Justicia para Mujeres, gestion\u00f3 5.5 millones de pesos ante el Fondo de Aportaciones para la Seguridad P\u00fablica, con los que pudo proporcionar 849 servicios jur\u00eddicos y educativos, 980 apoyos psicol\u00f3gicos, m\u00e9dicos y de refugio.&nbsp;<\/p>\n\n\n\n<p class=\"wp-block-paragraph\">La declaratoria de la Alerta de Violencia de Genero contra las Mujeres, asegur\u00f3 Astudillo Flores, est\u00e1 en proceso de cumplimiento, en el que destac\u00f3 acciones como el lanzamiento del \u201cC\u00f3digo Violeta\u201d, la publicaci\u00f3n de \u201cGu\u00edas Violeta\u201d y la colocaci\u00f3n de micro perforados en el transporte p\u00fablico.<\/p>\n\n\n\n<p class=\"wp-block-paragraph\">Agreg\u00f3 que el programa de trabajo para atender la Alerta por Agravio Comparado, fue entregado a la&nbsp;Comisi\u00f3n Nacional para Prevenir y Erradicar la Violencia Contra las Mujeres&nbsp;(Conavim), el 5 de agosto<\/p>\n","protected":false},"excerpt":{"rendered":"<p>Astudillo Flores,  asegur\u00f3 que est\u00e1 en proceso de cumplimiento de acciones como el lanzamiento del \u201cC\u00f3digo Violeta\u201d, la publicaci\u00f3n de \u201cGu\u00edas Violeta\u201d<\/p>\n","protected":false},"author":3,"featured_media":27177,"comment_status":"open","ping_status":"open","sticky":false,"template":"","format":"standard","meta":{"_monsterinsights_skip_tracking":false,"footnotes":""},"categories":[691,51],"tags":[],"class_list":["post-27176","post","type-post","status-publish","format-standard","has-post-thumbnail","category-691","category-ejecutivo"],"_links":{"self":[{"href":"https:\/\/redsemlac.com\/semmexico\/wp-json\/wp\/v2\/posts\/27176","targetHints":{"allow":["GET"]}}],"collection":[{"href":"https:\/\/redsemlac.com\/semmexico\/wp-json\/wp\/v2\/posts"}],"about":[{"href":"https:\/\/redsemlac.com\/semmexico\/wp-json\/wp\/v2\/types\/post"}],"author":[{"embeddable":true,"href":"https:\/\/redsemlac.com\/semmexico\/wp-json\/wp\/v2\/users\/3"}],"replies":[{"embeddable":true,"href":"https:\/\/redsemlac.com\/semmexico\/wp-json\/wp\/v2\/comments?post=27176"}],"version-history":[{"count":0,"href":"https:\/\/redsemlac.com\/semmexico\/wp-json\/wp\/v2\/posts\/27176\/revisions"}],"wp:featuredmedia":[{"embeddable":true,"href":"https:\/\/redsemlac.com\/semmexico\/wp-json\/wp\/v2\/media\/27177"}],"wp:attachment":[{"href":"https:\/\/redsemlac.com\/semmexico\/wp-json\/wp\/v2\/media?parent=27176"}],"wp:term":[{"taxonomy":"category","embeddable":true,"href":"https:\/\/redsemlac.com\/semmexico\/wp-json\/wp\/v2\/categories?post=27176"},{"taxonomy":"post_tag","embeddable":true,"href":"https:\/\/redsemlac.com\/semmexico\/wp-json\/wp\/v2\/tags?post=27176"}],"curies":[{"name":"wp","href":"https:\/\/api.w.org\/{rel}","templated":true}]}}