{"id":27173,"date":"2020-10-13T23:05:26","date_gmt":"2020-10-13T23:05:26","guid":{"rendered":"https:\/\/redsemlac.com\/semmexico\/?p=27173"},"modified":"2023-07-21T16:35:51","modified_gmt":"2023-07-21T21:35:51","slug":"el-registro-civil-de-la-cdmx-expide-actas-de-nacimiento-a-tres-adolescentes-transgenero","status":"publish","type":"post","link":"https:\/\/redsemlac.com\/semmexico\/el-registro-civil-de-la-cdmx-expide-actas-de-nacimiento-a-tres-adolescentes-transgenero\/","title":{"rendered":"El Registro Civil de la CDMX expide actas de nacimiento a tres adolescentes transg\u00e9nero"},"content":{"rendered":"\n<ul class=\"wp-block-list\"><li><strong>En el documento se acredita su reconocimiento de Identidad de G\u00e9nero<\/strong><\/li><li><strong>Iniciativas discuten en Oaxaca y en El Senado<\/strong><\/li><li><strong>Contradictoriamente no se avanza en la C\u00e1mara de la Ciudad de M\u00e9xico<\/strong><\/li><li><strong>Casi en el archivo por la negativa del PES, el PAN y el PRI<\/strong><\/li><\/ul>\n\n\n\n<p class=\"wp-block-paragraph\"><strong>Libertad L\u00f3pez<\/strong><\/p>\n\n\n\n<p class=\"wp-block-paragraph\">SemM\u00e9xico. Cd. de M\u00e9xico. 13 de octubre de 2020.- Gracias a un procedimiento administrativo creado en el gobierno de la Ciudad de M\u00e9xico, tres adolescentes transg\u00e9nero recibieron las primeras actas de nacimiento en el Registro Civil que acredita el reconocimiento de su identidad de g\u00e9nero.<\/p>\n\n\n\n<p class=\"wp-block-paragraph\">Los adolescentes recibieron apoyo por Litigio Estrat\u00e9gico en Derechos Sexuales y Reproductivos A.C. (Ledeser); se trata de tres de 18 casos que el Consejo para Garantizar los Derechos Humanos en el Procedimiento Administrativo de Reconocimiento de Identidad de G\u00e9nero tiene en revisi\u00f3n.<\/p>\n\n\n\n<p class=\"wp-block-paragraph\">La posibilidad de reformar los c\u00f3digos civiles se estudia en el Congreso del estado de Oaxaca y va a discutirse una iniciativa en el Senado de la Rep\u00fablica, anunci\u00f3 hoy el senador Ricardo Monreal.<\/p>\n\n\n\n<p class=\"wp-block-paragraph\">Contradictoriamente qued\u00f3 congelado un dictamen sobre infancias trans, iniciativa en la C\u00e1mara local de la Ciudad de M\u00e9xico.<\/p>\n\n\n\n<p class=\"wp-block-paragraph\">El diputado, Eduardo Santill\u00e1n de Morena, anticip\u00f3 que se congelar\u00e1 el dictamen de infancias trans en la orden del d\u00eda de la sesi\u00f3n del pleno hasta que \u201chaya condiciones adecuadas para su votaci\u00f3n\u201d; debido a la negativa del PAN, PES y PRI de incorporarlo.<\/p>\n\n\n\n<p class=\"wp-block-paragraph\">Cabe recordar que, aunque el dictamen se aprob\u00f3 en octubre de 2019, la oposici\u00f3n argumenta que no se puede reformar en materia procesal civil, ya que eso le compete al Legislativo Federal.<\/p>\n\n\n\n<p class=\"wp-block-paragraph\">El caso de Iker, quien ya recibi\u00f3 su acta con nombre y g\u00e9nero corregido el pasado viernes 9 de octubre, se\u00f1al\u00f3 que esto significa que ya no tiene que dar explicaciones a los administrativos de su preparatoria ni cuando vaya a la universidad.<\/p>\n\n\n\n<p class=\"wp-block-paragraph\">\u201cSignifica que literalmente a partir de hoy soy libre, porque son asuntos que muchas veces decidimos mantener en secreto hasta que conoces a las personas bien\u201d, dijo Iker.<\/p>\n\n\n\n<p class=\"wp-block-paragraph\">Una vez que se revisan los documentos, el adolescente, ni\u00f1a o ni\u00f1o transg\u00e9nero, escribe por \u00faltima vez el nombre que ya no quiere m\u00e1s y firma de estar consciente e informado de su deseo. Y diez d\u00edas despu\u00e9s su acta, con nuevo nombre y g\u00e9nero acorde al que eligieron, es liberada.<\/p>\n","protected":false},"excerpt":{"rendered":"<p>Contradictoriamente no se avanza en la C\u00e1mara de la Ciudad de M\u00e9xico<\/p>\n","protected":false},"author":3,"featured_media":27174,"comment_status":"open","ping_status":"open","sticky":false,"template":"","format":"standard","meta":{"_monsterinsights_skip_tracking":false,"footnotes":""},"categories":[691,51],"tags":[],"class_list":["post-27173","post","type-post","status-publish","format-standard","has-post-thumbnail","category-691","category-ejecutivo"],"_links":{"self":[{"href":"https:\/\/redsemlac.com\/semmexico\/wp-json\/wp\/v2\/posts\/27173","targetHints":{"allow":["GET"]}}],"collection":[{"href":"https:\/\/redsemlac.com\/semmexico\/wp-json\/wp\/v2\/posts"}],"about":[{"href":"https:\/\/redsemlac.com\/semmexico\/wp-json\/wp\/v2\/types\/post"}],"author":[{"embeddable":true,"href":"https:\/\/redsemlac.com\/semmexico\/wp-json\/wp\/v2\/users\/3"}],"replies":[{"embeddable":true,"href":"https:\/\/redsemlac.com\/semmexico\/wp-json\/wp\/v2\/comments?post=27173"}],"version-history":[{"count":0,"href":"https:\/\/redsemlac.com\/semmexico\/wp-json\/wp\/v2\/posts\/27173\/revisions"}],"wp:featuredmedia":[{"embeddable":true,"href":"https:\/\/redsemlac.com\/semmexico\/wp-json\/wp\/v2\/media\/27174"}],"wp:attachment":[{"href":"https:\/\/redsemlac.com\/semmexico\/wp-json\/wp\/v2\/media?parent=27173"}],"wp:term":[{"taxonomy":"category","embeddable":true,"href":"https:\/\/redsemlac.com\/semmexico\/wp-json\/wp\/v2\/categories?post=27173"},{"taxonomy":"post_tag","embeddable":true,"href":"https:\/\/redsemlac.com\/semmexico\/wp-json\/wp\/v2\/tags?post=27173"}],"curies":[{"name":"wp","href":"https:\/\/api.w.org\/{rel}","templated":true}]}}