{"id":27164,"date":"2020-10-13T22:15:57","date_gmt":"2020-10-13T22:15:57","guid":{"rendered":"https:\/\/redsemlac.com\/semmexico\/?p=27164"},"modified":"2023-07-21T16:35:51","modified_gmt":"2023-07-21T21:35:51","slug":"mujeres-electas-las-voces-de-la-historia-7","status":"publish","type":"post","link":"https:\/\/redsemlac.com\/semmexico\/mujeres-electas-las-voces-de-la-historia-7\/","title":{"rendered":"Mercedes Ballesteros Silva: sufragistas de siempre"},"content":{"rendered":"\n<ul class=\"wp-block-list\"><li><strong>Primera presidenta municipal en Coquimatl\u00e1n pero hubo quienes no quer\u00edan porque era mujer<\/strong><\/li><li><strong>La mirada de una pionera, 45 a\u00f1os despu\u00e9s de asumir la presidencia municipal<\/strong><\/li><\/ul>\n\n\n\n<p class=\"wp-block-paragraph\"><strong>Teresa Vald\u00e9s Betancourt<\/strong><\/p>\n\n\n\n<p class=\"wp-block-paragraph\">SemM\u00e9xico, Colima, 13 de octubre, 2020.- La conmemoraci\u00f3n del 67 aniversario del voto femenino en M\u00e9xico, convoca a remover la historia para encontrar a las mujeres precursoras de luchas pol\u00edticas electorales que a\u00fan, con definida militancia feminista, deben continuar su quehacer sin cansarse, para que alg\u00fan d\u00eda, se pueda borrar la orfandad hist\u00f3rica que tiene la presencia de la mujer en la vida p\u00fablica mexicana.<\/p>\n\n\n\n<p class=\"wp-block-paragraph\">Mercedes Ballesteros Silva primera y \u00fanica mujer elegida alcaldesa en el municipio de Coquimatl\u00e1n, estado de Colima, para el periodo 1971-1973. Sus palabras identifican su integridad personal con precisos conceptos acerca de la pol\u00edtica, la democracia, el honor, la honradez y la libertad:<\/p>\n\n\n\n<p class=\"wp-block-paragraph\"><em>Al recordar este aniversario del sufragio de las mujeres en nuestra bella y querida patria; considero que significa un contexto muy propicio que me permite, recordar lo que acontec\u00eda en esos primeros a\u00f1os de ejercicio pol\u00edtico donde la mujer, no solamente pod\u00eda ejercer el voto, sino tambi\u00e9n ten\u00edamos la posibilidad de ser votada en una elecci\u00f3n democr\u00e1tica.<\/em><\/p>\n\n\n\n<p class=\"wp-block-paragraph\"><em>En nuestro estado de Colima, particularmente en mi municipio natal de Coquimatl\u00e1n, fue en el a\u00f1o de 1971, diecisiete a\u00f1os despu\u00e9s de otorgarse ese derecho, que mi Partido Revolucionario Institucional PRI, me propuso como su candidata a la presidencia municipal.<\/em><\/p>\n\n\n\n<p class=\"wp-block-paragraph\"><em>Yo, su servidora de profesi\u00f3n educadora y originaria de la comunidad de Pueblo Ju\u00e1rez, era bien conocida porque ten\u00eda como mi carta de recomendaci\u00f3n, el desempe\u00f1o en el ejercicio de la docencia en la secundaria #18, que funcionaba en la cabecera municipal y de la cual tuve la dicha de ser cofundadora y apreciar los excelentes resultados educativos que se lograron, con la entrega, vocaci\u00f3n y entusiasmo de quienes ah\u00ed labor\u00e1bamos como un equipo.<\/em><\/p>\n\n\n\n<p class=\"wp-block-paragraph\"><em>Con satisfacci\u00f3n, quiero compartir que, al momento de darse a conocer mi postulaci\u00f3n al cargo, hubo muestras de alegr\u00eda y benepl\u00e1cito por parte de pueblo, especialmente entre las personas de mi comunidad natal y tambi\u00e9n sent\u00ed el regocijo en la poblaci\u00f3n en general.<\/em><\/p>\n\n\n\n<p class=\"wp-block-paragraph\"><em>Tambi\u00e9n quiero mencionar un hecho que desentonaba con el sentir de la poblaci\u00f3n y fue una protesta realizada por un grupo de deportistas del municipio, que se inconformaron por mi candidatura. La causa se conoci\u00f3 cuando los representantes del Partido cuestionaron a este grupo disidente acerca de las razones de su oposici\u00f3n, y ellos manifestaron que no estaban de acuerdo con mi postulaci\u00f3n, \u00a1por el hecho de ser mujer!<\/em><\/p>\n\n\n\n<p class=\"wp-block-paragraph\"><em>No hab\u00eda otra explicaci\u00f3n y se argument\u00f3 con la posibilidad legal que ten\u00edamos las mujeres para ser candidatas y ante la falta de otros argumentos, la protesta no prosper\u00f3.<\/em><\/p>\n\n\n\n<figure class=\"wp-block-gallery columns-2 is-cropped wp-block-gallery-1 is-layout-flex wp-block-gallery-is-layout-flex\"><ul class=\"blocks-gallery-grid\"><li class=\"blocks-gallery-item\"><figure><img loading=\"lazy\" decoding=\"async\" width=\"526\" height=\"682\" src=\"https:\/\/redsemlac.com\/semmexico\/wp-content\/uploads\/2020\/10\/colima-4.jpg\" alt=\"\" data-id=\"27167\" data-full-url=\"https:\/\/redsemlac.com\/semmexico\/wp-content\/uploads\/2020\/10\/colima-4.jpg\" data-link=\"https:\/\/redsemlac.com\/semmexico\/?attachment_id=27167\" class=\"wp-image-27167\"\/><\/figure><\/li><li class=\"blocks-gallery-item\"><figure><img loading=\"lazy\" decoding=\"async\" width=\"720\" height=\"960\" src=\"https:\/\/redsemlac.com\/semmexico\/wp-content\/uploads\/2020\/10\/colima-6.jpg\" alt=\"\" data-id=\"27169\" data-full-url=\"https:\/\/redsemlac.com\/semmexico\/wp-content\/uploads\/2020\/10\/colima-6.jpg\" data-link=\"https:\/\/redsemlac.com\/semmexico\/?attachment_id=27169\" class=\"wp-image-27169\"\/><\/figure><\/li><li class=\"blocks-gallery-item\"><figure><img loading=\"lazy\" decoding=\"async\" width=\"200\" height=\"133\" src=\"https:\/\/redsemlac.com\/semmexico\/wp-content\/uploads\/2020\/10\/colima-3.jpg\" alt=\"\" data-id=\"27166\" data-full-url=\"https:\/\/redsemlac.com\/semmexico\/wp-content\/uploads\/2020\/10\/colima-3.jpg\" data-link=\"https:\/\/redsemlac.com\/semmexico\/?attachment_id=27166\" class=\"wp-image-27166\"\/><\/figure><\/li><li class=\"blocks-gallery-item\"><figure><img loading=\"lazy\" decoding=\"async\" width=\"277\" height=\"182\" src=\"https:\/\/redsemlac.com\/semmexico\/wp-content\/uploads\/2020\/10\/colima-2.jpg\" alt=\"\" data-id=\"27165\" data-full-url=\"https:\/\/redsemlac.com\/semmexico\/wp-content\/uploads\/2020\/10\/colima-2.jpg\" data-link=\"https:\/\/redsemlac.com\/semmexico\/?attachment_id=27165\" class=\"wp-image-27165\"\/><\/figure><\/li><li class=\"blocks-gallery-item\"><figure><img loading=\"lazy\" decoding=\"async\" width=\"720\" height=\"960\" src=\"https:\/\/redsemlac.com\/semmexico\/wp-content\/uploads\/2020\/10\/colima-5.jpg\" alt=\"\" data-id=\"27168\" data-full-url=\"https:\/\/redsemlac.com\/semmexico\/wp-content\/uploads\/2020\/10\/colima-5.jpg\" data-link=\"https:\/\/redsemlac.com\/semmexico\/?attachment_id=27168\" class=\"wp-image-27168\"\/><\/figure><\/li><\/ul><\/figure>\n\n\n\n<p class=\"wp-block-paragraph\">De su ejercicio como presidenta municipal aprecia valiosas experiencias que puede recodar con cari\u00f1o porque las califica, como valiosos aprendizajes y gratas experiencias.<\/p>\n\n\n\n<p class=\"wp-block-paragraph\"><em>Quiero reconocer que mi mayor alegr\u00eda fue haber cumplido mis promesas de campa\u00f1a, principalmente en lo que concierne a la construcci\u00f3n del puente y carretera a Pueblo Ju\u00e1rez; que termin\u00e9 en mi mandato y me queda la satisfacci\u00f3n, que actu\u00e9 con honradez, dignidad y decoro.<\/em><\/p>\n\n\n\n<p class=\"wp-block-paragraph\">Hoy Mercedes Ballesteros Silva, la maestra Meche como es reconocida, ha logrado mantener su actividad en la comunidad y dentro de las organizaciones sociales y civiles en las cuales aporta sus experiencias, en la atenci\u00f3n a un refugio de mujeres violentadas, en el patronato de madres solteras y como integrante de la Asociaci\u00f3n Colimense de Periodistas y Escritores ACPE, entre otras.<\/p>\n\n\n\n<p class=\"wp-block-paragraph\">En estos a\u00f1os realiz\u00f3 un estudio y public\u00f3 el libro <em>Con olor a nardos<\/em>, acerca de la vida y obra de Susana Ortiz, maestra la comunidad de Agua Zarca y reconocida como <em>mujer de valor civil,<\/em> cuyo nombre est\u00e1 inscripto con letras de oro en el H. Congreso del Estado de Colima.<\/p>\n\n\n\n<p class=\"wp-block-paragraph\">La realidad como cambi\u00f3 vertiginosamente y la maestra Meche Ballesteros, ex alcaldesa al valorar los tiempos actuales reflexion\u00f3:&nbsp;<\/p>\n\n\n\n<p class=\"wp-block-paragraph\"><em>Despu\u00e9s de 45 a\u00f1os de esa experiencia pol\u00edtica, observo muy pocos avances en cuanto a la participaci\u00f3n de la mujer, prueba de ello es que no ha habido otra presidenta municipal en mi Coquimatl\u00e1n.<\/em><\/p>\n\n\n\n<p class=\"wp-block-paragraph\"><em>Quiero reconocer que hoy tambi\u00e9n, se ha legislado con profundidad en ese sentido, pero habr\u00eda que analizar m\u00e1s al detalle, para identificar y esclarecer otra realidad: \u00bfqu\u00e9 est\u00e1 impidiendo que mujeres con talento, capacidad, \u00e9tica y valores, se abstengan de participar en la pol\u00edtica?<\/em><\/p>\n\n\n\n<p class=\"wp-block-paragraph\">SEM\/tb<\/p>\n","protected":false},"excerpt":{"rendered":"<p>La mirada de una pionera, 45 a\u00f1os despu\u00e9s de asumir la presidencia municipal<\/p>\n","protected":false},"author":3,"featured_media":27171,"comment_status":"open","ping_status":"open","sticky":false,"template":"","format":"standard","meta":{"_monsterinsights_skip_tracking":false,"footnotes":""},"categories":[691,195,194],"tags":[],"class_list":["post-27164","post","type-post","status-publish","format-standard","has-post-thumbnail","category-691","category-mujeres-electas-las-voces-de-la-historia","category-voto-femenino-en-mexico"],"_links":{"self":[{"href":"https:\/\/redsemlac.com\/semmexico\/wp-json\/wp\/v2\/posts\/27164","targetHints":{"allow":["GET"]}}],"collection":[{"href":"https:\/\/redsemlac.com\/semmexico\/wp-json\/wp\/v2\/posts"}],"about":[{"href":"https:\/\/redsemlac.com\/semmexico\/wp-json\/wp\/v2\/types\/post"}],"author":[{"embeddable":true,"href":"https:\/\/redsemlac.com\/semmexico\/wp-json\/wp\/v2\/users\/3"}],"replies":[{"embeddable":true,"href":"https:\/\/redsemlac.com\/semmexico\/wp-json\/wp\/v2\/comments?post=27164"}],"version-history":[{"count":0,"href":"https:\/\/redsemlac.com\/semmexico\/wp-json\/wp\/v2\/posts\/27164\/revisions"}],"wp:featuredmedia":[{"embeddable":true,"href":"https:\/\/redsemlac.com\/semmexico\/wp-json\/wp\/v2\/media\/27171"}],"wp:attachment":[{"href":"https:\/\/redsemlac.com\/semmexico\/wp-json\/wp\/v2\/media?parent=27164"}],"wp:term":[{"taxonomy":"category","embeddable":true,"href":"https:\/\/redsemlac.com\/semmexico\/wp-json\/wp\/v2\/categories?post=27164"},{"taxonomy":"post_tag","embeddable":true,"href":"https:\/\/redsemlac.com\/semmexico\/wp-json\/wp\/v2\/tags?post=27164"}],"curies":[{"name":"wp","href":"https:\/\/api.w.org\/{rel}","templated":true}]}}