{"id":27160,"date":"2020-10-13T21:03:26","date_gmt":"2020-10-13T21:03:26","guid":{"rendered":"https:\/\/redsemlac.com\/semmexico\/?p=27160"},"modified":"2023-07-21T16:35:52","modified_gmt":"2023-07-21T21:35:52","slug":"ley-quemon-en-jalisco","status":"publish","type":"post","link":"https:\/\/redsemlac.com\/semmexico\/ley-quemon-en-jalisco\/","title":{"rendered":"Impulsan #LeyQuem\u00f3n en Jalisco"},"content":{"rendered":"\n<ul class=\"wp-block-list\"><li><strong>El estado solo buscar\u00e1 el registro de agresores sexuales debido a que ya cuenta con registro de deudores alimenticios<\/strong><\/li><\/ul>\n\n\n\n<p class=\"wp-block-paragraph\"><strong>Analy S. Nu\u00f1o<\/strong><\/p>\n\n\n\n<p class=\"wp-block-paragraph\">SemM\u00e9xico, Guadalajara, Jalisco.&nbsp;&nbsp;13 de octubre de 2020.- El grupo parlamentario del Partido Revolucionario Institucional en Jalisco present\u00f3 la iniciativa que impulsa el partido a nivel nacional para crear registros p\u00fablicos nacionales de agresores sexuales y de deudores alimenticios.<\/p>\n\n\n\n<p class=\"wp-block-paragraph\">Las diputadas que forman parte de la bancada tricolor en Jalisco, Mariana Fern\u00e1ndez y Sof\u00eda Garc\u00eda Mosqueda, explicaron que preparan el paquete de reformas para que la entidad sea una de las primeras en homologar las leyes en espejo a la iniciativa federal mejor conocida como #LeyQuem\u00f3n.<\/p>\n\n\n\n<p class=\"wp-block-paragraph\">\u201cLa ley quem\u00f3n es mucho m\u00e1s que solo una herramienta jur\u00eddica para evitar que quienes nos violentan se puedan salir con la suya, es un instrumento de democracia e igualdad porque proponemos que sea de uso y acceso p\u00fablico\u201d, se\u00f1al\u00f3 la diputada Sof\u00eda Garc\u00eda.<\/p>\n\n\n\n<p class=\"wp-block-paragraph\">Debido a que a nivel estatal ya existe el registro de deudores desde 2019, la fracci\u00f3n pri\u00edsta en Jalisco impulsar\u00e1 \u00fanicamente las reformas para la creaci\u00f3n del registro de agresores sexuales.<\/p>\n\n\n\n<p class=\"wp-block-paragraph\">La aprobaci\u00f3n de la reforma implica modificaciones en la Ley General de Acceso a una Vida Libre de Violencia de las mujeres, el C\u00f3digo Nacional de Procedimientos Penales, la Ley Nacional de Ejecuci\u00f3n Penal. Mientras que a nivel estatal las reformas se har\u00edan a la Ley de Acceso a una Vida Libre de Violencia del Estado de Jalisco, en su art\u00edculo segundo.<\/p>\n\n\n\n<p class=\"wp-block-paragraph\">La propuesta establece que el registro p\u00fablico nacional de agresores sexuales debe incluir nombre completo, alias, clave \u00fanica de registro de poblaci\u00f3n (CURP), fotograf\u00eda, delito por el que fue condenado y pena privativa de libertad y sentencia condenatoria firme o acuerdo de reparaci\u00f3n que proceda.&nbsp;<\/p>\n\n\n\n<p class=\"wp-block-paragraph\">Los agresores que estar\u00edan integrados en este registro ser\u00edan aquellos que cometieron corrupci\u00f3n de menores en su modalidad sexual, pornograf\u00eda infantil, turismo sexual, violaci\u00f3n y abuso sexual y abuso sexual de menores.<\/p>\n\n\n\n<p class=\"wp-block-paragraph\">\u201cEl mensaje es uno y es muy claro, ya no podr\u00e1n esconderse, ya no podr\u00e1n escudarse en su derecho a la privacidad para seguir atropellando los derechos de las mujeres, ni\u00f1as y ni\u00f1os, no lo vamos a permitir m\u00e1s\u201d, se\u00f1al\u00f3 la diputada.&nbsp;<\/p>\n","protected":false},"excerpt":{"rendered":"<p>El estado solo buscar\u00e1 el registro de agresores sexuales debido a que ya cuenta con registro de deudores alimenticios<\/p>\n","protected":false},"author":3,"featured_media":27161,"comment_status":"open","ping_status":"open","sticky":false,"template":"","format":"standard","meta":{"_monsterinsights_skip_tracking":false,"footnotes":""},"categories":[691,50],"tags":[],"class_list":["post-27160","post","type-post","status-publish","format-standard","has-post-thumbnail","category-691","category-congreso"],"_links":{"self":[{"href":"https:\/\/redsemlac.com\/semmexico\/wp-json\/wp\/v2\/posts\/27160","targetHints":{"allow":["GET"]}}],"collection":[{"href":"https:\/\/redsemlac.com\/semmexico\/wp-json\/wp\/v2\/posts"}],"about":[{"href":"https:\/\/redsemlac.com\/semmexico\/wp-json\/wp\/v2\/types\/post"}],"author":[{"embeddable":true,"href":"https:\/\/redsemlac.com\/semmexico\/wp-json\/wp\/v2\/users\/3"}],"replies":[{"embeddable":true,"href":"https:\/\/redsemlac.com\/semmexico\/wp-json\/wp\/v2\/comments?post=27160"}],"version-history":[{"count":0,"href":"https:\/\/redsemlac.com\/semmexico\/wp-json\/wp\/v2\/posts\/27160\/revisions"}],"wp:featuredmedia":[{"embeddable":true,"href":"https:\/\/redsemlac.com\/semmexico\/wp-json\/wp\/v2\/media\/27161"}],"wp:attachment":[{"href":"https:\/\/redsemlac.com\/semmexico\/wp-json\/wp\/v2\/media?parent=27160"}],"wp:term":[{"taxonomy":"category","embeddable":true,"href":"https:\/\/redsemlac.com\/semmexico\/wp-json\/wp\/v2\/categories?post=27160"},{"taxonomy":"post_tag","embeddable":true,"href":"https:\/\/redsemlac.com\/semmexico\/wp-json\/wp\/v2\/tags?post=27160"}],"curies":[{"name":"wp","href":"https:\/\/api.w.org\/{rel}","templated":true}]}}