{"id":27146,"date":"2020-10-13T20:28:18","date_gmt":"2020-10-13T20:28:18","guid":{"rendered":"https:\/\/redsemlac.com\/semmexico\/?p=27146"},"modified":"2023-07-21T16:35:52","modified_gmt":"2023-07-21T21:35:52","slug":"mujeres-electas-las-voces-de-la-historia-6","status":"publish","type":"post","link":"https:\/\/redsemlac.com\/semmexico\/mujeres-electas-las-voces-de-la-historia-6\/","title":{"rendered":"Arely Madrid Tovilla. La paridad es pasado, para mi es la igualdad sustantiva"},"content":{"rendered":"\n<p class=\"wp-block-paragraph\"><strong>Candelaria Rodr\u00edguez<\/strong><\/p>\n\n\n\n<p class=\"wp-block-paragraph\">SemM\u00e9xico, Tuxtla Guti\u00e9rrez, Chis., 13 de octubre, 2020.- A 67 a\u00f1os del voto femenino en M\u00e9xico, la conquista de las mujeres en la lucha por los espacios en las c\u00e1maras es historia, sostiene la priista chiapaneca Arely Madrid Tovilla, porque con la Ley de Paridad los espacios de las mujeres est\u00e1n garantizados, \u201cdif\u00edcil que no se cumpla&#8230; hoy es la igualdad sustantiva, resultados de fondo y forma, lo dem\u00e1s, la paridad, ya paso de moda\u201d<\/p>\n\n\n\n<p class=\"wp-block-paragraph\">En el antes y despu\u00e9s de la conquista de los espacios de poder, a cuentas gotas las cuotas de g\u00e9nero, dice la cuatro veces diputada federal y senadora de la rep\u00fablica por mayor\u00eda relativa, as\u00ed como una vez diputada local plurinominal, sabe y sostiene que a las mujeres se les exigi\u00f3 m\u00e1s (que a los hombres) para cumplir con los pasos que marca \u201ctu partido\u201d en la pol\u00edtica.<\/p>\n\n\n\n<p class=\"wp-block-paragraph\">Ten\u00eda 30 a\u00f1os cuando por primera vez fue diputada federal en la LII legislatura en el Congreso de la Uni\u00f3n en 1982, durante el gobierno del entonces presidente Jos\u00e9 L\u00f3pez Portillo. Es el sector campesino el que le ha brindado el respaldo. La Confederaci\u00f3n Nacional Campesina (CNC) y el Partido Revolucionario Institucional (PRI) eran la garant\u00eda para tener las candidaturas para Madrid Tovilla.<\/p>\n\n\n\n<p class=\"wp-block-paragraph\">Doctora en Derecho y fundadora del Tribunal Superior Agrario, ha puesto una pausa en su vida pol\u00edtica, ahora dedicada a la academia, reflexiona y asegura que hoy la forma de hacer pol\u00edtica cambi\u00f3.<\/p>\n\n\n\n<p class=\"wp-block-paragraph\">No es lo mismo, dice al referirse a todo el proceso que ella vivi\u00f3 para lograr dar el gran salto, llegar y conquistar la curul. \u201cA mi s\u00ed me ha costado llegar\u201d, dice tajante.<\/p>\n\n\n\n<p class=\"wp-block-paragraph\">Proviene de las filas cenecista, sector que conoce desde su infancia, donde est\u00e1 plenamente identificada y con ello cubre uno de los requisitos solicitado por el partido.<\/p>\n\n\n\n<p class=\"wp-block-paragraph\">\u201cYo no soy una improvisada, me prepar\u00e9 en cuestiones agrarias\u201d. El Partido te ped\u00eda base, liderazgo en la regi\u00f3n por la que buscabas el cargo, pero tambi\u00e9n ped\u00eda ser experta en alg\u00fan tema.<\/p>\n\n\n\n<p class=\"wp-block-paragraph\">Para los cargos a nivel nacional decide el partido, pero en los estados los sectores juegan un papel importante, porque aprueban y apoyan las candidaturas, dice mientras explica el proceso de elecci\u00f3n de qui\u00e9nes ser\u00e1n las y los candidatos en el PRI.<\/p>\n\n\n\n<p class=\"wp-block-paragraph\">En las designaciones de candidaturas plurinominales era diferente. Son puertas grandes, abiertas para personajes que, si bien no ten\u00edan liderazgo, s\u00ed conocimiento y carrera pol\u00edtica, se necesitaba de los mejores cuadros.<\/p>\n\n\n\n<p class=\"wp-block-paragraph\">\u201cHoy no es lo mismo\u201d, repite. Para hacer un buen papel, nadie puede brincarse los pasos de la pol\u00edtica, porque entonces eres improvisada, con un gran desconocimiento de los temas que muchas veces deben defender o tener una postura.<\/p>\n\n\n\n<p class=\"wp-block-paragraph\"><strong>\u00bfQu\u00e9 se han brincado?<\/strong><\/p>\n\n\n\n<p class=\"wp-block-paragraph\">El proceso que el partido te pide: tener bases, estar identificado con la base militante, responde quien fue tambi\u00e9n la primera y \u00fanica, hasta hoy, Secretaria General de Gobierno en Chiapas en 1998.<\/p>\n\n\n\n<p class=\"wp-block-paragraph\">Antes se buscaba el voto por convicci\u00f3n a tu partido, \u201ceso hizo Arely Madrid, que decidi\u00f3 quedarse en el PRI y nunca ha querido cambiarse\u201d. Hoy se llega m\u00e1s por compromiso que perfiles \u201cpara puras verg\u00fcenzas\u201d, se\u00f1ala.<\/p>\n\n\n\n<p class=\"wp-block-paragraph\">Hoy a 67 a\u00f1os del voto femenino en M\u00e9xico, el panorama es otro. Madrid identifica el quiebre de esa militancia en el 2018.<\/p>\n\n\n\n<p class=\"wp-block-paragraph\"><strong>\u00bfPor qu\u00e9? Y comienza describiendo el arribo de la 4T:<\/strong><\/p>\n\n\n\n<p class=\"wp-block-paragraph\">Andr\u00e9s Manuel L\u00f3pez Obrador ten\u00eda deseos de llegar desde hac\u00eda 18 a\u00f1os, se propuso llegar y se lig\u00f3 con mucho \u201cbandido\u201d por informaci\u00f3n o dinero, pero no veo a AMLO ligado al narco a pesar de los errores. AMLO lleva el triunfo por los errores del pasado.<\/p>\n\n\n\n<p class=\"wp-block-paragraph\">Sin ahondar m\u00e1s en las pol\u00edticas de la 4T, se refiere a los compromisos econ\u00f3micos o pol\u00edticos por llegar al poder, que lo llev\u00f3 a arrastrar personajes que hoy ocupan curules y puestos en la administraci\u00f3n p\u00fablica. Entre ellas a las mujeres, sin compromisos y perfiles. Luego agrega que existe mucho celo entre ellas, para describirlo recurre al viejo dicho patriarcal que asegura que \u201cel peor enemigo de una mujer es otra mujer\u201d, adem\u00e1s del desconocimiento legislativo y operativo en materia legislativa.<\/p>\n\n\n\n<p class=\"wp-block-paragraph\">\u201cEn el 2018 muchas mujeres se acomodaron por MORENA, por compromisos tanto del Presidente como de los gobernadores\u201d, aunque hay algunas mujeres con gran trayectoria y capacidades, dice al referirse a legisladoras como Patricia Mercado, Beatriz Paredes, Dulce Mar\u00eda Sauri Riancho y la desaparecida Mar\u00eda de los \u00c1ngeles Moreno, entre otras.<\/p>\n\n\n\n<p class=\"wp-block-paragraph\">Ese es el panorama de hoy, mujeres que a\u00fan no entienden la paridad. Mujeres que necesitan estar capacitadas para marcar postura en raz\u00f3n de los temas que est\u00e1 siguiendo la pol\u00edtica nacional. Lo importante no es que sepamos todos los temas, pero si especializarse en alguno. Las mujeres en el poder deben estar y participar en la toma de decisiones.<\/p>\n\n\n\n<p class=\"wp-block-paragraph\">La conquista del voto ya lo logramos, la paridad lleg\u00f3, para Arely Madrid eso es la igualdad sustantiva.<\/p>\n\n\n\n<p class=\"wp-block-paragraph\">SEM\/cr\/sj<\/p>\n","protected":false},"excerpt":{"rendered":"<p>A 67 a\u00f1os del voto femenino en M\u00e9xico, la conquista de las mujeres en la lucha por los espacios en las c\u00e1maras es historia<\/p>\n","protected":false},"author":3,"featured_media":27147,"comment_status":"open","ping_status":"open","sticky":false,"template":"","format":"standard","meta":{"_monsterinsights_skip_tracking":false,"footnotes":""},"categories":[691,195,194],"tags":[],"class_list":["post-27146","post","type-post","status-publish","format-standard","has-post-thumbnail","category-691","category-mujeres-electas-las-voces-de-la-historia","category-voto-femenino-en-mexico"],"_links":{"self":[{"href":"https:\/\/redsemlac.com\/semmexico\/wp-json\/wp\/v2\/posts\/27146","targetHints":{"allow":["GET"]}}],"collection":[{"href":"https:\/\/redsemlac.com\/semmexico\/wp-json\/wp\/v2\/posts"}],"about":[{"href":"https:\/\/redsemlac.com\/semmexico\/wp-json\/wp\/v2\/types\/post"}],"author":[{"embeddable":true,"href":"https:\/\/redsemlac.com\/semmexico\/wp-json\/wp\/v2\/users\/3"}],"replies":[{"embeddable":true,"href":"https:\/\/redsemlac.com\/semmexico\/wp-json\/wp\/v2\/comments?post=27146"}],"version-history":[{"count":0,"href":"https:\/\/redsemlac.com\/semmexico\/wp-json\/wp\/v2\/posts\/27146\/revisions"}],"wp:featuredmedia":[{"embeddable":true,"href":"https:\/\/redsemlac.com\/semmexico\/wp-json\/wp\/v2\/media\/27147"}],"wp:attachment":[{"href":"https:\/\/redsemlac.com\/semmexico\/wp-json\/wp\/v2\/media?parent=27146"}],"wp:term":[{"taxonomy":"category","embeddable":true,"href":"https:\/\/redsemlac.com\/semmexico\/wp-json\/wp\/v2\/categories?post=27146"},{"taxonomy":"post_tag","embeddable":true,"href":"https:\/\/redsemlac.com\/semmexico\/wp-json\/wp\/v2\/tags?post=27146"}],"curies":[{"name":"wp","href":"https:\/\/api.w.org\/{rel}","templated":true}]}}