{"id":27115,"date":"2020-10-13T16:48:38","date_gmt":"2020-10-13T16:48:38","guid":{"rendered":"https:\/\/redsemlac.com\/semmexico\/?p=27115"},"modified":"2023-07-21T16:35:53","modified_gmt":"2023-07-21T21:35:53","slug":"el-desarrollo-integral-de-las-mujeres-impacta-en-la-sociedad","status":"publish","type":"post","link":"https:\/\/redsemlac.com\/semmexico\/el-desarrollo-integral-de-las-mujeres-impacta-en-la-sociedad\/","title":{"rendered":"El desarrollo integral de las mujeres impacta en la sociedad"},"content":{"rendered":"\n<p class=\"wp-block-paragraph\"><strong>Redacci\u00f3n<\/strong><\/p>\n\n\n\n<p class=\"wp-block-paragraph\">SemM\u00e9xico\/Billie Parker Noticias. Cd. de M\u00e9xico. 13 octubre 2020.- La presidenta de la Mesa Directiva de la C\u00e1mara de Diputados, Dulce Mar\u00eda Sauri Riancho se\u00f1al\u00f3 que, el reto permanente para las mujeres que tienen visibilidad p\u00fablica, es ayudar a seguir avanzando en la lucha por alcanzar espacios de toma de decisiones y el ejercicio del poder, porque el desarrollo integral de las mujeres es el de la sociedad.<\/p>\n\n\n\n<p class=\"wp-block-paragraph\">Al participar en el ciclo de conferencias \u201cDel derecho al voto al ejercicio del poder\u201d, la legisladora record\u00f3 la reciente reforma constitucional y reforma integral a m\u00e1s de 80 leyes para garantizar los principios de la paridad y propiciar que las mujeres, en la misma proporci\u00f3n de los hombres, tengan acceso a los espacios de toma de decisiones, con lo que se contribuye en el ejercicio de pol\u00edticas p\u00fablicas desde todos los \u00e1mbitos. Es un aut\u00e9ntico cambio cualitativo y cuantitativo del poder.<\/p>\n\n\n\n<p class=\"wp-block-paragraph\">Sin embargo, si bien ahora en M\u00e9xico la ley establece la obligaci\u00f3n a los partidos pol\u00edticos de garantizar las candidaturas paritarias, \u201clos obst\u00e1culos son la violencia pol\u00edtica de g\u00e9nero que ha llevado a expresiones brutales de violencia que van desde las agresiones f\u00edsicas, hasta la muerte de mujeres que transgredieron las reglas y se atrevieron a estar en donde no deber\u00edan.\u201d<\/p>\n\n\n\n<p class=\"wp-block-paragraph\">Aunado a la violencia que, tambi\u00e9n, se ejerce contra ellas a presuponer que siempre hay un hombre que les dan \u00f3rdenes sobre el ejercicio del poder pol\u00edtico, \u201ces una cultura que se resiste a reconocer que las mujeres tenemos capacidad para tomar decisiones y ofrecer buenos resultados\u201d.<\/p>\n\n\n\n<p class=\"wp-block-paragraph\">Por ello, a cada generaci\u00f3n de mujeres corresponde poner un eslab\u00f3n de una larga cadena que nos lleve al ejercicio pleno de nuestros derechos como personas en la vida p\u00fablica y en la vida privada, hasta lograr que otras mujeres tambi\u00e9n alcancen lugares de decisi\u00f3n.<\/p>\n","protected":false},"excerpt":{"rendered":"<p>El reto permanente para las mujeres que tienen visibilidad p\u00fablica, es ayudar a seguir avanzando en la lucha por alcanzar espacios de toma de decisiones y el ejercicio del poder<\/p>\n","protected":false},"author":3,"featured_media":27116,"comment_status":"open","ping_status":"open","sticky":false,"template":"","format":"standard","meta":{"_monsterinsights_skip_tracking":false,"footnotes":""},"categories":[691,50],"tags":[],"class_list":["post-27115","post","type-post","status-publish","format-standard","has-post-thumbnail","category-691","category-congreso"],"_links":{"self":[{"href":"https:\/\/redsemlac.com\/semmexico\/wp-json\/wp\/v2\/posts\/27115","targetHints":{"allow":["GET"]}}],"collection":[{"href":"https:\/\/redsemlac.com\/semmexico\/wp-json\/wp\/v2\/posts"}],"about":[{"href":"https:\/\/redsemlac.com\/semmexico\/wp-json\/wp\/v2\/types\/post"}],"author":[{"embeddable":true,"href":"https:\/\/redsemlac.com\/semmexico\/wp-json\/wp\/v2\/users\/3"}],"replies":[{"embeddable":true,"href":"https:\/\/redsemlac.com\/semmexico\/wp-json\/wp\/v2\/comments?post=27115"}],"version-history":[{"count":0,"href":"https:\/\/redsemlac.com\/semmexico\/wp-json\/wp\/v2\/posts\/27115\/revisions"}],"wp:featuredmedia":[{"embeddable":true,"href":"https:\/\/redsemlac.com\/semmexico\/wp-json\/wp\/v2\/media\/27116"}],"wp:attachment":[{"href":"https:\/\/redsemlac.com\/semmexico\/wp-json\/wp\/v2\/media?parent=27115"}],"wp:term":[{"taxonomy":"category","embeddable":true,"href":"https:\/\/redsemlac.com\/semmexico\/wp-json\/wp\/v2\/categories?post=27115"},{"taxonomy":"post_tag","embeddable":true,"href":"https:\/\/redsemlac.com\/semmexico\/wp-json\/wp\/v2\/tags?post=27115"}],"curies":[{"name":"wp","href":"https:\/\/api.w.org\/{rel}","templated":true}]}}