{"id":27105,"date":"2020-10-12T23:15:53","date_gmt":"2020-10-12T23:15:53","guid":{"rendered":"https:\/\/redsemlac.com\/semmexico\/?p=27105"},"modified":"2023-07-21T16:35:53","modified_gmt":"2023-07-21T21:35:53","slug":"reconocimiento-de-identidad-trans","status":"publish","type":"post","link":"https:\/\/redsemlac.com\/semmexico\/reconocimiento-de-identidad-trans\/","title":{"rendered":"Proponen reconocimiento de identidad trans desde los 12 a\u00f1os de edad"},"content":{"rendered":"\n<ul class=\"wp-block-list\"><li><strong>En Oaxaca la iniciativa de reformas al C\u00f3digo Civil fue propuesta por la diputada Magaly L\u00f3pez<\/strong><\/li><li><strong>La propuesta se da en apego a lo establecido por SCJN<\/strong><\/li><\/ul>\n\n\n\n<p class=\"wp-block-paragraph\"><strong>Redacci\u00f3n<\/strong><\/p>\n\n\n\n<p class=\"wp-block-paragraph\">SemM\u00e9xico, Oaxaca, 12 de octubre, 2020.- Reformas al C\u00f3digo Civil del Estado son promovidas por la diputada local de Morena, Magaly L\u00f3pez Dom\u00ednguez, para garantizar el derecho a la identidad de g\u00e9nero a personas trans a partir de los 12 a\u00f1os de edad.<\/p>\n\n\n\n<p class=\"wp-block-paragraph\">La proposici\u00f3n legislativa contempla la reforma a los art\u00edculos: 137, 137 Ter y 137 Qu\u00e1ter del C\u00f3digo Civil para el Estado de Oaxaca. Con ello, las personas que se asuman como transexuales no deber\u00e1n esperar hasta los 18 a\u00f1os para dar tr\u00e1mite legal a su reconocimiento de g\u00e9nero, les ser\u00e1 posible a partir de los 12 a\u00f1os, se\u00f1ala un comunicado de prensa.<\/p>\n\n\n\n<p class=\"wp-block-paragraph\">La diputada Magaly L\u00f3pez, propone que el reconocimiento de la identidad de g\u00e9nero de las personas menores de edad, sea posible con la autorizaci\u00f3n de su padre, madre o de la persona que posea su guarda y custodia.<\/p>\n\n\n\n<p class=\"wp-block-paragraph\">Sin embargo, si hubiera negativa para ello por parte del tutor o tutora, \u00e9l o la adolescente podr\u00edan acudir a la Procuradur\u00eda Estatal de Protecci\u00f3n de los Derechos de Ni\u00f1as, Ni\u00f1os y Adolescentes de Oaxaca a exigir el cumplimiento de este derecho.<\/p>\n\n\n\n<p class=\"wp-block-paragraph\">Dicha dependencia deber\u00e1 prestarle asistencia legal para recurrir a la v\u00eda jurisdiccional y, en consecuencia, sean los y las juezas quienes teniendo en cuenta los principios de capacidad progresiva e inter\u00e9s superior de la ni\u00f1ez resuelvan sobre dicha negativa o falta de consentimiento.<\/p>\n\n\n\n<p class=\"wp-block-paragraph\">A\u00f1ade que, trat\u00e1ndose de personas menores de edad, el Registro Civil deber\u00e1 contar con personal especializado en trabajo e intervenci\u00f3n con adolescentes, g\u00e9nero y diversidad sexual en la adolescencia.<\/p>\n\n\n\n<p class=\"wp-block-paragraph\">Magaly L\u00f3pez argument\u00f3 que la propuesta de reforma a la ley se da en apego a lo establecido por la Suprema Corte de Justicia de la Naci\u00f3n (SCJN) que ha sostenido jur\u00eddicamente que el derecho a ser escuchado de los ni\u00f1os y ni\u00f1as constituye no solo un derecho en s\u00ed mismo, sino que tambi\u00e9n debe tenerse en cuenta para interpretar y hacer respetar todos los dem\u00e1s derechos.<\/p>\n\n\n\n<p class=\"wp-block-paragraph\">Se\u00f1ala que permitir a los y las adolescentes reconocer su identidad de g\u00e9nero garantizar\u00eda el derecho humano de igualdad ante la ley, en su vertiente de prohibici\u00f3n de discriminaci\u00f3n, que tutela el art\u00edculo primero constitucional.<\/p>\n\n\n\n<p class=\"wp-block-paragraph\">La iniciativa presentada por la diputada por el Distrito XV, con Cabecera en Santa Cruz Xoxocotl\u00e1n Magaly L\u00f3pez, fue recibida por la Diputaci\u00f3n Local Permanente y se turn\u00f3 a la comisi\u00f3n Permanente correspondiente para su dictamen.<\/p>\n\n\n\n<p class=\"wp-block-paragraph\">SEM\/sj<\/p>\n","protected":false},"excerpt":{"rendered":"<p>La propuesta se da en apego a lo establecido por SCJN<\/p>\n","protected":false},"author":3,"featured_media":27106,"comment_status":"open","ping_status":"open","sticky":false,"template":"","format":"standard","meta":{"_monsterinsights_skip_tracking":false,"footnotes":""},"categories":[691,50],"tags":[],"class_list":["post-27105","post","type-post","status-publish","format-standard","has-post-thumbnail","category-691","category-congreso"],"_links":{"self":[{"href":"https:\/\/redsemlac.com\/semmexico\/wp-json\/wp\/v2\/posts\/27105","targetHints":{"allow":["GET"]}}],"collection":[{"href":"https:\/\/redsemlac.com\/semmexico\/wp-json\/wp\/v2\/posts"}],"about":[{"href":"https:\/\/redsemlac.com\/semmexico\/wp-json\/wp\/v2\/types\/post"}],"author":[{"embeddable":true,"href":"https:\/\/redsemlac.com\/semmexico\/wp-json\/wp\/v2\/users\/3"}],"replies":[{"embeddable":true,"href":"https:\/\/redsemlac.com\/semmexico\/wp-json\/wp\/v2\/comments?post=27105"}],"version-history":[{"count":0,"href":"https:\/\/redsemlac.com\/semmexico\/wp-json\/wp\/v2\/posts\/27105\/revisions"}],"wp:featuredmedia":[{"embeddable":true,"href":"https:\/\/redsemlac.com\/semmexico\/wp-json\/wp\/v2\/media\/27106"}],"wp:attachment":[{"href":"https:\/\/redsemlac.com\/semmexico\/wp-json\/wp\/v2\/media?parent=27105"}],"wp:term":[{"taxonomy":"category","embeddable":true,"href":"https:\/\/redsemlac.com\/semmexico\/wp-json\/wp\/v2\/categories?post=27105"},{"taxonomy":"post_tag","embeddable":true,"href":"https:\/\/redsemlac.com\/semmexico\/wp-json\/wp\/v2\/tags?post=27105"}],"curies":[{"name":"wp","href":"https:\/\/api.w.org\/{rel}","templated":true}]}}