{"id":27081,"date":"2020-10-12T21:20:29","date_gmt":"2020-10-12T21:20:29","guid":{"rendered":"https:\/\/redsemlac.com\/semmexico\/?p=27081"},"modified":"2023-07-21T16:35:53","modified_gmt":"2023-07-21T21:35:53","slug":"objetiva-y-autorizada-opinion-del-dr-diego-valades","status":"publish","type":"post","link":"https:\/\/redsemlac.com\/semmexico\/objetiva-y-autorizada-opinion-del-dr-diego-valades\/","title":{"rendered":"Objetiva y Autorizada Opini\u00f3n del Dr. Diego Valad\u00e9s"},"content":{"rendered":"\n<p class=\"wp-block-paragraph\"><strong>Jorge Herrera Valenzuela<\/strong><\/p>\n\n\n\n<p class=\"wp-block-paragraph\">SemM\u00e9xico, 12 de octubre, 2020.- En una acci\u00f3n calificada de acto de sumisi\u00f3n al titular del Poder Ejecutivo Federal, seis ministros de la Suprema Corte de la Naci\u00f3n aprobaron la demanda presidencial de declarar constitucional la verificaci\u00f3n de una \u201cconsulta popular\u201d encaminada a someter a juicio a los cinco expresidentes que antecedieron al actual, los que gobernaron de 1988 al 2018, sin que hasta ahora se les imputen cargo alguno salvo que al ejercer aplicaron la pol\u00edtica del neoliberalismo.<\/p>\n\n\n\n<p class=\"wp-block-paragraph\">A ese fallo cuestionado y pol\u00e9mico, se suma ahora el anuncio de que se promueven reformas a la Constituci\u00f3n, para que se realice la \u201cconsulta popular\u201d el mismo d\u00eda de las hist\u00f3ricas elecciones del domingo 6 de junio y no como constitucionalmente est\u00e1 establecido, el primer domingo de agosto, porque el hombre que vive y despacha en Palacio Nacional desea, una vez m\u00e1s imponer su voluntad.<\/p>\n\n\n\n<p class=\"wp-block-paragraph\">En un art\u00edculo period\u00edstico titulado \u201cError Constitucional\u201d, el prestigiado jurista y reconocido catedr\u00e1tico, el doctor Diego Valad\u00e9s R\u00edos, se\u00f1ala un concepto muy importante y que pongo con letras negras: \u201c<strong>Si la Constituci\u00f3n se volviera irrelevante estar\u00edamos ante el riesgo de ir a la dictadura o a la anarqu\u00eda. Es tiempo de templanza<\/strong>\u201d.<\/p>\n\n\n\n<p class=\"wp-block-paragraph\">En este sexenio el Congreso de la Uni\u00f3n nos lleva de la mano hacia ese camino, dictadura o anarqu\u00eda. Recu\u00e9rdese que una de las primeras modificaciones constitucionales fue para dar cumplimiento al nombramiento presidencial del director general del Fondo de Cultura Econ\u00f3mica, que impon\u00eda como requisito que el funcionario fuese mexicano por nacimiento. La reforma se hizo inmediatamente, sin oposici\u00f3n alguna.<\/p>\n\n\n\n<p class=\"wp-block-paragraph\"><strong>Una consulta inconstitucional<\/strong><\/p>\n\n\n\n<p class=\"wp-block-paragraph\">En la judicatura mexicana uno de los abogados m\u00e1s respetados, sin duda alguna, es el maestro Diego Valad\u00e9s. Ha sido director general del Instituto de Investigaciones Jur\u00eddicas de la UNAM, catedr\u00e1tico en la Facultad de Derecho, Procurador General de Justicia del Distrito Federal y tambi\u00e9n de la General de la Rep\u00fablica, autor de muchos libros sobre la materia jur\u00eddica y profesor invitado en m\u00e1s de 10 universidades de Am\u00e9rica y Europa. Ha recibido premios, menciones y diplomas en M\u00e9xico y en el extranjero.<\/p>\n\n\n\n<p class=\"wp-block-paragraph\">Este jurista mazatleco, de 75 a\u00f1os de edad, escribi\u00f3 que \u201clos problemas jur\u00eddicos se refieren a dos cuestiones constitucionales: la constitucionalidad de la consulta popular promovida por el presidente de la Rep\u00fablica y la pregunta formulada por la Corte\u201d. Por ello la decisi\u00f3n de los ministros, al declarar constitucional la consulta popular, \u201cha dado lugar a numerosos comentarios cr\u00edticos\u201d.<\/p>\n\n\n\n<p class=\"wp-block-paragraph\">El investigador em\u00e9rito del mencionado Instituto consider\u00f3 en su art\u00edculo que \u201cel Ministerio P\u00fablico est\u00e1 obligado a investigar todo hecho delictivo del que tenga conocimiento. Mientras haya Estado de Derecho la investigaci\u00f3n y la persecuci\u00f3n del delito ser\u00e1n un deber, no una facultad de ejercicio potestativo y selectivo. Omitir la obligaci\u00f3n ministerial es delito contra la administraci\u00f3n de la justicia\u201d.<\/p>\n\n\n\n<p class=\"wp-block-paragraph\">El problema es m\u00e1s grave, explica el jurisconsulto sinaloense, porque \u201cla Corte adopt\u00f3 un texto que viola lo dispuesto por el art\u00edculo 35 constitucional y en este caso no hay remedio posible, no al menos en el \u00e1mbito nacional\u201d y m\u00e1s adelante apunt\u00f3 que el fallo de la Corte es inconstitucional \u201cpor sujetar a un plebiscito el ejercicio al derecho a la informaci\u00f3n, el deber del Estado acerca de la indagaci\u00f3n de delitos y el resarcimiento a las v\u00edctimas del delito\u201d.<\/p>\n\n\n\n<p class=\"wp-block-paragraph\">Por otra parte, expone el doctor Valad\u00e9s R\u00edos que hay violaci\u00f3n a los derechos humanos porque si \u201cla consulta no ser\u00e1 vinculante tambi\u00e9n se podr\u00eda violar el art\u00edculo 35, pues dispone que toda consulta obliga cuando participa el 40 % del electorado\u201d.<\/p>\n\n\n\n<p class=\"wp-block-paragraph\">Concluye el maestro Diego Valad\u00e9s: \u201cLamento el desacierto. Un Tribunal constitucional tiene a su cargo preservar la integridad de la norma suprema, y cuando sucede algo como lo que ahora ocurri\u00f3 <strong>no queda instancia nacional alguna que pueda remediar la violaci\u00f3n<\/strong>\u201d.<\/p>\n\n\n\n<p class=\"wp-block-paragraph\">Desde luego que en Palacio Nacional aplaudieron al presidente de la Suprema Corte, el queretano <strong>Arturo Fernando Zald\u00edvar Lelo de Larrea<\/strong> y a dos de sus ministros, porque era l\u00f3gico que las dos ministras y el ministro designados por el tabasque\u00f1o no iban a votar a favor del proyecto del Ministro Luis Mar\u00eda Aguilar Morales, quien clasific\u00f3 como inconstitucional la consulta popular.Como en el b\u00e9isbol, la pizarra qued\u00f3 6 a 5 a favor de la novena 4T.<\/p>\n\n\n\n<p class=\"wp-block-paragraph\"><strong>jherrerav@live.com.mx<\/strong><\/p>\n","protected":false},"excerpt":{"rendered":"<p>El Congreso de la Uni\u00f3n nos lleva de la mano hacia ese camino, dictadura o anarqu\u00eda<\/p>\n","protected":false},"author":3,"featured_media":27082,"comment_status":"open","ping_status":"open","sticky":false,"template":"","format":"standard","meta":{"_monsterinsights_skip_tracking":false,"footnotes":""},"categories":[691,94,35,107],"tags":[],"class_list":["post-27081","post","type-post","status-publish","format-standard","has-post-thumbnail","category-691","category-jorge-herrera-valenzuela","category-opinion","category-rafaga"],"_links":{"self":[{"href":"https:\/\/redsemlac.com\/semmexico\/wp-json\/wp\/v2\/posts\/27081","targetHints":{"allow":["GET"]}}],"collection":[{"href":"https:\/\/redsemlac.com\/semmexico\/wp-json\/wp\/v2\/posts"}],"about":[{"href":"https:\/\/redsemlac.com\/semmexico\/wp-json\/wp\/v2\/types\/post"}],"author":[{"embeddable":true,"href":"https:\/\/redsemlac.com\/semmexico\/wp-json\/wp\/v2\/users\/3"}],"replies":[{"embeddable":true,"href":"https:\/\/redsemlac.com\/semmexico\/wp-json\/wp\/v2\/comments?post=27081"}],"version-history":[{"count":0,"href":"https:\/\/redsemlac.com\/semmexico\/wp-json\/wp\/v2\/posts\/27081\/revisions"}],"wp:featuredmedia":[{"embeddable":true,"href":"https:\/\/redsemlac.com\/semmexico\/wp-json\/wp\/v2\/media\/27082"}],"wp:attachment":[{"href":"https:\/\/redsemlac.com\/semmexico\/wp-json\/wp\/v2\/media?parent=27081"}],"wp:term":[{"taxonomy":"category","embeddable":true,"href":"https:\/\/redsemlac.com\/semmexico\/wp-json\/wp\/v2\/categories?post=27081"},{"taxonomy":"post_tag","embeddable":true,"href":"https:\/\/redsemlac.com\/semmexico\/wp-json\/wp\/v2\/tags?post=27081"}],"curies":[{"name":"wp","href":"https:\/\/api.w.org\/{rel}","templated":true}]}}