{"id":27078,"date":"2020-10-12T21:12:56","date_gmt":"2020-10-12T21:12:56","guid":{"rendered":"https:\/\/redsemlac.com\/semmexico\/?p=27078"},"modified":"2023-07-21T16:35:54","modified_gmt":"2023-07-21T21:35:54","slug":"protestas-por-acoso-y-violacion-en-el-ipn","status":"publish","type":"post","link":"https:\/\/redsemlac.com\/semmexico\/protestas-por-acoso-y-violacion-en-el-ipn\/","title":{"rendered":"Vuelven las protestas por acoso y violaci\u00f3n en el IPN"},"content":{"rendered":"\n<ul class=\"wp-block-list\"><li><strong>La instituci\u00f3n reconoce que tiene mil 553 denuncias de violencia de g\u00e9nero<\/strong><\/li><\/ul>\n\n\n\n<ul class=\"wp-block-list\"><li><strong>Tomaron instalaciones durante m\u00e1s de 10 horas, j\u00f3venes feministas: demandan que no se proteja a violentos<\/strong><\/li><\/ul>\n\n\n\n<p class=\"wp-block-paragraph\"><strong>Libertad L\u00f3pez<\/strong><\/p>\n\n\n\n<p class=\"wp-block-paragraph\">SemM\u00e9xico, Cd. de M\u00e9xico, 12 de octubre, 2020.- El Instituto Polit\u00e9cnico Nacional (IPN) inform\u00f3 esta madrugada que las instalaciones del Centro de Estudios Cient\u00edficos y Tecnol\u00f3gicos N\u00famero 4, tomadas por colectivos feministas para denunciar el acoso sexual que se vive en ese plantel fueron entregadas la noche del s\u00e1bado.<\/p>\n\n\n\n<p class=\"wp-block-paragraph\">Las instalaciones fueron tomadas durante todo el s\u00e1bado pasado, por estudiantes y colectivos feministas, para denunciar la violencia y acoso sexual que se viven en ese plantel del IPN.<\/p>\n\n\n\n<p class=\"wp-block-paragraph\">El IPN dio a conocer que desde 2017 hasta febrero pasado se hab\u00edan registrado mil 553 denuncias de violencia de g\u00e9nero, \u201cde las cuales 368 son formales y mil 185 se realizaron por medio de tendederos colocados en diversas unidades acad\u00e9micas de los niveles medio superior y superior, que en varios casos est\u00e1n dirigidas hacia una misma persona\u201d, seg\u00fan informes del diario La Jornada.<\/p>\n\n\n\n<p class=\"wp-block-paragraph\">La toma, que inici\u00f3 cerca de las tres de la tarde y termin\u00f3 hacia las 22 horas, fue precedida por una convocatoria lanzada a trav\u00e9s de redes sociales por el Colectivo Galerna, para llevar a cabo una \u201cmanifestaci\u00f3n pac\u00edfica contra el encubrimiento que hace de hostigadores sexuales entre las autoridades del CECyT 4\u201d.<\/p>\n\n\n\n<p class=\"wp-block-paragraph\">La manifestaci\u00f3n, estudiantes y las colectivas cerraron un tramo de la Avenida Constituyentes y colocaron una manta en un puente cercano al centro de estudios.<\/p>\n\n\n\n<p class=\"wp-block-paragraph\">&nbsp;En un comunicado oficial el IPN dijo que se trat\u00f3 de un grupo de 30 personas, j\u00f3venes que llevaron \u2013como es tradicional-n hachas y martillos. El CECYT 4 est\u00e1 ubicado al poniente de la Ciudad de M\u00e9xico.<\/p>\n\n\n\n<p class=\"wp-block-paragraph\">\u201cEl Instituto condena en\u00e9rgicamente los destrozos causados y los da\u00f1os generados por el incendio provocado en las instalaciones de esta unidad acad\u00e9mica\u201d y al mismo tiempo declar\u00f3 que el Polit\u00e9cnico rechaza categ\u00f3ricamente todo tipo de violencia, especialmente de g\u00e9nero.<\/p>\n\n\n\n<p class=\"wp-block-paragraph\">Feministas del plantel convocaron la tarde del s\u00e1bado a una movilizaci\u00f3n en demanda de acciones de la instituci\u00f3n contra la violencia de g\u00e9nero. Alumnas de ese plantel se apoyaron de grupos feministas de otras escuelas como oposici\u00f3n a la falta de respuesta ante las denuncias de acoso.<\/p>\n\n\n\n<p class=\"wp-block-paragraph\">Durante la toma pintaron consignas contra la violencia machista que se vive en el interior del plantel.<\/p>\n\n\n\n<p class=\"wp-block-paragraph\">Decenas de manifestantes bloquearon por horas la avenida Constituyentes en la alcald\u00eda \u00c1lvaro Obreg\u00f3n, para luego ingresar al Cecyt 4, donde realizaron pintas y destruyeron mobiliario.<\/p>\n\n\n\n<p class=\"wp-block-paragraph\"><strong>Es por Itzel<\/strong><\/p>\n\n\n\n<p class=\"wp-block-paragraph\">Reclama lo sucedido con Itzel quien tras denunciar una violaci\u00f3n de un alumno identificado como Bryan R, quien lleva casi 17 meses pr\u00f3fugos luego de no presentarse a la audiencia ante un juez.<\/p>\n\n\n\n<p class=\"wp-block-paragraph\">Seg\u00fan las versiones, la agresi\u00f3n ocurri\u00f3 dentro de un aula y la estudiante acus\u00f3 a las autoridades educativas de pedirle callar la agresi\u00f3n. Por su parte, la instituci\u00f3n afirma que actu\u00f3 de acuerdo bajo los protocolos, le brind\u00f3 acompa\u00f1amiento y logr\u00f3 obtener una orden de arresto.<\/p>\n\n\n\n<p class=\"wp-block-paragraph\">Una de las feministas de la colectiva Galerna relat\u00f3 que todo iba bien, \u201ccolgamos mantas en el puente y medios de comunicaci\u00f3n estaban presentes. A las 2:53 los polic\u00edas hicieron su trabajo y quitaron todos los carros al igual que los desviaron, pero \u00bfqu\u00e9 pas\u00f3? Llegaron granaderos, nos sobresalt\u00f3 ya que todo era pac\u00edfico, hab\u00eda directivos y nosotros estamos conscientes de que ellos fueron quienes los llamaron\u201d.<\/p>\n\n\n\n<p class=\"wp-block-paragraph\">Algunos estudiantes de un grupo conocido como Voca 4, le contaron a Animal Pol\u00edtico, que este 2020 han reportado distintos casos de agresiones sexuales y acoso cometidos por profesores y alumnos contra las estudiantes: entre ellos uno de abuso sexual y un intento de suicidio dentro de las instalaciones. Por ello, como se recordar\u00e1 las estudiantes montaron en marzo un tendedero para exponer la situaci\u00f3n e intentaron hacer un paro en distintas escuelas del IPN.<\/p>\n\n\n\n<p class=\"wp-block-paragraph\">En febrero las autoridades acad\u00e9micas, entre ellos profesores y profesoras, instalaron una mesa de denuncias, dijeron pero sin embargo, \u201cno hicieron nada, yo vine a denunciar que un tipo de mi sal\u00f3n me mand\u00f3 mensajes diciendo que me ve\u00eda de manera morbosa, as\u00ed literalmente. Yo vine a denunciar, que quer\u00eda hacer un cambio de grupo porque no me sent\u00eda c\u00f3moda con \u00e9l y solamente me pidieron unos datos y dejaron una carta, no hicieron nada\u201d, comparti\u00f3 una de ellas. La misma joven se\u00f1al\u00f3 que incluso su padre acudi\u00f3 con ella a denunciar otra situaci\u00f3n, pues un profesor la acosaba \u201c\u00e9l me tocaba las manos, llegaba por atr\u00e1s de m\u00ed y me pegaba su cuerpo\u201d.<\/p>\n\n\n\n<p class=\"wp-block-paragraph\">Otra agreg\u00f3 que \u201cera irresponsable, o sea, t\u00fa venir a poner una denuncia enfrente de todo el mundo, entonces con qu\u00e9 confianza vienes\u201d.<\/p>\n\n\n\n<p class=\"wp-block-paragraph\">Las protestas contra el acoso y la violencia sexual cobraron fuerza en m\u00e1s centros educativos del IPN entre febrero y marzo de este mismo a\u00f1o. En marzo, por citar un caso, las alumnas del Cecyt 13 \u201cRicardo Flores Mag\u00f3n\u201d tambi\u00e9n instalaron un tendedero.<\/p>\n\n\n\n<p class=\"wp-block-paragraph\"><strong>Se present\u00f3 Derechos Humanos<\/strong><\/p>\n\n\n\n<p class=\"wp-block-paragraph\">Se inform\u00f3 que durante la toma estuvo el personal de la Comisi\u00f3n de Derechos Humanos de la Ciudad de M\u00e9xico (CDHCM) y mantuvieron en comunicaci\u00f3n con estudiantes, quienes hacia las 20 horas le entregaron a este mismo personal un pliego petitorio en el que solicitan a las autoridades del CECyT No 4 emitan un comunicado \u201cdiciendo las razones del encubrimiento de la violaci\u00f3n e intento de suicidio de una alumna en el plantel\u201d. Tambi\u00e9n demandan, entre otras cosas, que se realicen pl\u00e1ticas sobre acoso, hostigamiento sexual y cibera coso para capacitar a docentes, alumnos y trabajadores; que se garantice la seguridad de \u201clas y los alumnos que participen en este movimiento\u201d.<\/p>\n\n\n\n<p class=\"wp-block-paragraph\">Cerca de las 21 horas, los estudiantes y las colectivas feministas (entre ellas algunas integrantes del Bloque Negro que mantiene la toma de la sede de la Comisi\u00f3n Nacional de Derechos Humanos en el centro de la Ciudad de M\u00e9xico), acordaron la entrega de las instalaciones. Y a las 22 horas empezaron a retirarse. Personal de la CDHCM permaneci\u00f3 en el lugar.<\/p>\n\n\n\n<p class=\"wp-block-paragraph\"><strong>Respuesta del IPN<\/strong><\/p>\n\n\n\n<p class=\"wp-block-paragraph\">El IPN emiti\u00f3 un mensaje tras la toma, en el que condena \u201clos destrozos y los da\u00f1os generados por un incendio provocado en las instalaciones\u201d. Tambi\u00e9n indica que rechaza \u201ccateg\u00f3ricamente todo tipo de violencia, especialmente la violencia de g\u00e9nero\u201d.<\/p>\n\n\n\n<p class=\"wp-block-paragraph\">Adem\u00e1s, da cuenta de que quienes mantuvieron la toma se retiraron hacia las 22:05 y que colaborar\u00e1 con las autoridades para el esclarecimiento de los hechos.<\/p>\n\n\n\n<p class=\"wp-block-paragraph\">SEM\/<\/p>\n","protected":false},"excerpt":{"rendered":"<p>La instituci\u00f3n reconoce que tiene mil 553 denuncias de violencia de g\u00e9nero<\/p>\n","protected":false},"author":3,"featured_media":27079,"comment_status":"open","ping_status":"open","sticky":false,"template":"","format":"standard","meta":{"_monsterinsights_skip_tracking":false,"footnotes":""},"categories":[691,54],"tags":[],"class_list":["post-27078","post","type-post","status-publish","format-standard","has-post-thumbnail","category-691","category-mujeres"],"_links":{"self":[{"href":"https:\/\/redsemlac.com\/semmexico\/wp-json\/wp\/v2\/posts\/27078","targetHints":{"allow":["GET"]}}],"collection":[{"href":"https:\/\/redsemlac.com\/semmexico\/wp-json\/wp\/v2\/posts"}],"about":[{"href":"https:\/\/redsemlac.com\/semmexico\/wp-json\/wp\/v2\/types\/post"}],"author":[{"embeddable":true,"href":"https:\/\/redsemlac.com\/semmexico\/wp-json\/wp\/v2\/users\/3"}],"replies":[{"embeddable":true,"href":"https:\/\/redsemlac.com\/semmexico\/wp-json\/wp\/v2\/comments?post=27078"}],"version-history":[{"count":0,"href":"https:\/\/redsemlac.com\/semmexico\/wp-json\/wp\/v2\/posts\/27078\/revisions"}],"wp:featuredmedia":[{"embeddable":true,"href":"https:\/\/redsemlac.com\/semmexico\/wp-json\/wp\/v2\/media\/27079"}],"wp:attachment":[{"href":"https:\/\/redsemlac.com\/semmexico\/wp-json\/wp\/v2\/media?parent=27078"}],"wp:term":[{"taxonomy":"category","embeddable":true,"href":"https:\/\/redsemlac.com\/semmexico\/wp-json\/wp\/v2\/categories?post=27078"},{"taxonomy":"post_tag","embeddable":true,"href":"https:\/\/redsemlac.com\/semmexico\/wp-json\/wp\/v2\/tags?post=27078"}],"curies":[{"name":"wp","href":"https:\/\/api.w.org\/{rel}","templated":true}]}}