{"id":27074,"date":"2020-10-12T21:10:51","date_gmt":"2020-10-12T21:10:51","guid":{"rendered":"https:\/\/redsemlac.com\/semmexico\/?p=27074"},"modified":"2023-07-21T16:35:54","modified_gmt":"2023-07-21T21:35:54","slug":"denuncias-contra-porfirio-munoz-ledo-como-perpetrador-sexual","status":"publish","type":"post","link":"https:\/\/redsemlac.com\/semmexico\/denuncias-contra-porfirio-munoz-ledo-como-perpetrador-sexual\/","title":{"rendered":"Toman Morena y reiteran denuncias contra PML como \u201cperpetrador sexual\u201d"},"content":{"rendered":"\n<ul class=\"wp-block-list\"><li><strong>Hoy se\u00f1alan feministas en la sede del partido de AMLO que es simplemente inaceptable<\/strong><\/li><li><strong>Exponen que hay al menos 10 denuncias de presuntas v\u00edctimas<\/strong><\/li><\/ul>\n\n\n\n<p class=\"wp-block-paragraph\"><strong>Lorena Vaniezcot<\/strong><\/p>\n\n\n\n<p class=\"wp-block-paragraph\">SemM\u00e9xico, 12 de octubre, 2020.- Las sentencias feministas se vuelven realidad, un ejemplo es la toma de la sede de Morena, en la capital mexicana para impedir la que ser\u00eda \u201cuna toma simb\u00f3lica de Porfirio Mu\u00f1oz Ledo como dirigente de ese organismo pol\u00edtico.<\/p>\n\n\n\n<p class=\"wp-block-paragraph\">Nunca m\u00e1s contar\u00e1n con nuestro silencio, reza una de esas sentencias, que hoy tom\u00f3 cuerpo cuando desde las 10 de la ma\u00f1ana llegaron al lugar con cartelones e hicieron pintas denunciando a quien cuanta con m\u00e1s de 10 relatos de v\u00edctimas que lo se\u00f1alan como un perpetrador sexual.<\/p>\n\n\n\n<figure class=\"wp-block-image size-large\"><img decoding=\"async\" src=\"https:\/\/redsemlac.com\/semmexico\/wp-content\/uploads\/2020\/10\/EkInQFAX0AA8Dk4-768x1024.jpg\" alt=\"\" class=\"wp-image-27075\"\/><\/figure>\n\n\n\n<p class=\"wp-block-paragraph\">Se trata de relatos que han sido p\u00fablicos por largo rato y que cobraron vigencia en el \u00faltimo mes, ya que tanto para militantes de Morena como para grupos feministas resulta inaceptable que un hombre con m\u00e1s de 10 relatos de presuntas v\u00edctimas lo han se\u00f1alado como agresor sexual y hoy se autodesign\u00f3 como dirigente del partido en el poder, el partido de Andr\u00e9s Manuel L\u00f3pez Obrador.<\/p>\n\n\n\n<p class=\"wp-block-paragraph\">A manera de escarches las denuncias se hicieron p\u00fablicas v\u00eda redes sociales, como el twitter, donde para este d\u00eda han desaparecido.<\/p>\n\n\n\n<p class=\"wp-block-paragraph\">SEM\/lv\/sj<\/p>\n","protected":false},"excerpt":{"rendered":"<p>Exponen que hay al menos 10 denuncias de presuntas v\u00edctimas<\/p>\n","protected":false},"author":3,"featured_media":27076,"comment_status":"open","ping_status":"open","sticky":false,"template":"","format":"standard","meta":{"_monsterinsights_skip_tracking":false,"footnotes":""},"categories":[691,54],"tags":[],"class_list":["post-27074","post","type-post","status-publish","format-standard","has-post-thumbnail","category-691","category-mujeres"],"_links":{"self":[{"href":"https:\/\/redsemlac.com\/semmexico\/wp-json\/wp\/v2\/posts\/27074","targetHints":{"allow":["GET"]}}],"collection":[{"href":"https:\/\/redsemlac.com\/semmexico\/wp-json\/wp\/v2\/posts"}],"about":[{"href":"https:\/\/redsemlac.com\/semmexico\/wp-json\/wp\/v2\/types\/post"}],"author":[{"embeddable":true,"href":"https:\/\/redsemlac.com\/semmexico\/wp-json\/wp\/v2\/users\/3"}],"replies":[{"embeddable":true,"href":"https:\/\/redsemlac.com\/semmexico\/wp-json\/wp\/v2\/comments?post=27074"}],"version-history":[{"count":0,"href":"https:\/\/redsemlac.com\/semmexico\/wp-json\/wp\/v2\/posts\/27074\/revisions"}],"wp:featuredmedia":[{"embeddable":true,"href":"https:\/\/redsemlac.com\/semmexico\/wp-json\/wp\/v2\/media\/27076"}],"wp:attachment":[{"href":"https:\/\/redsemlac.com\/semmexico\/wp-json\/wp\/v2\/media?parent=27074"}],"wp:term":[{"taxonomy":"category","embeddable":true,"href":"https:\/\/redsemlac.com\/semmexico\/wp-json\/wp\/v2\/categories?post=27074"},{"taxonomy":"post_tag","embeddable":true,"href":"https:\/\/redsemlac.com\/semmexico\/wp-json\/wp\/v2\/tags?post=27074"}],"curies":[{"name":"wp","href":"https:\/\/api.w.org\/{rel}","templated":true}]}}