{"id":27071,"date":"2020-10-12T21:07:14","date_gmt":"2020-10-12T21:07:14","guid":{"rendered":"https:\/\/redsemlac.com\/semmexico\/?p=27071"},"modified":"2023-07-21T16:35:54","modified_gmt":"2023-07-21T21:35:54","slug":"premio-nobel-de-la-paz-2020-al-programa-mundial-de-alimentos-de-la-onu","status":"publish","type":"post","link":"https:\/\/redsemlac.com\/semmexico\/premio-nobel-de-la-paz-2020-al-programa-mundial-de-alimentos-de-la-onu\/","title":{"rendered":"Premio Nobel de la Paz 2020, al Programa Mundial de Alimentos de la ONU"},"content":{"rendered":"\n<ul class=\"wp-block-list\"><li><strong>La organizaci\u00f3n humanitaria l\u00edder en la lucha contra el hambre en el mundo, y ofrece asistencia a 83 pa\u00edses<\/strong><\/li><li><strong>El jurado reconoce su r\u00e1pida adaptaci\u00f3n para hacer frente a los efectos de la pandemia en la poblaci\u00f3n m\u00e1s desfavorecida<\/strong><\/li><\/ul>\n\n\n\n<p class=\"wp-block-paragraph\">SemM\u00e9xico\/Rtve.es, Cd. de M\u00e9xico, 12 de octubre, 2020.- El&nbsp;<a href=\"https:\/\/es.wfp.org\/\" target=\"_blank\" rel=\"noreferrer noopener\">Programa Mundial de Alimentos<\/a>&nbsp;de&nbsp;<a href=\"https:\/\/www.rtve.es\/temas\/onu\/1153\/\">Naciones Unidas<\/a>&nbsp;ha sido galardonado&nbsp;con el&nbsp;<a href=\"https:\/\/www.rtve.es\/temas\/premios-nobel\/14630\/\">Premio Nobel de la Paz 2020<\/a>&nbsp;por su lucha para \u00abcombatir el hambre\u00bb a nivel mundial.&nbsp;\u00abNo es solo aportar alimento,&nbsp;esta organizaci\u00f3n ayuda a crear comunidades sostenibles\u00bb, ha destacado el jurado. Por su parte,&nbsp;despu\u00e9s de conocer el fallo, la organizaci\u00f3n ha manifestado que el premio&nbsp;\u00abes un poderoso recordatorio para el mundo de que la paz y el hambre cero van de la mano\u00bb.<\/p>\n\n\n\n<p class=\"wp-block-paragraph\">\u00abLa pandemia de coronavirus ha contribuido a un dr\u00e1stico repunte en el n\u00famero de v\u00edctimas del hambre\u00bb, seg\u00fan el Comit\u00e9 del Nobel, que tambi\u00e9n&nbsp;ha reconocido la \u00abimpresionante capacidad\u00bb del&nbsp;Programa para seguir llevando a cabo su trabajo en plena emergencia sanitaria. En este sentido, ha parafraseado a la propia organizaci\u00f3n para apuntar que&nbsp;\u00abhasta que haya una vacuna m\u00e9dica, la comida es la mejor vacuna frente al caos\u00bb.<br><br>\u00abLa necesidad de solidaridad internacional y cooperaci\u00f3n multilateral es m\u00e1s evidente que nunca\u00bb, seg\u00fan el Comit\u00e9 Noruego del Nobel, que ha personificado su reconocimiento en la figura del Programa Mundial de Alimentos, entre otras razones por su labor \u00abpara impedir el uso del hambre como arma de guerras y conflictos\u00bb.<\/p>\n\n\n\n<div style=\"width:100%;padding-top:64%;position:relative;border-bottom:1px solid #aaa;display:inline-block;background:#eee;background:rgba(255,255,255,0.9);\">    <iframe src=\"https:\/\/secure-embed.rtve.es\/drmn\/embed\/video\/5681174\" name=\"El Programa Mundial de Alimentos, Premio Nobel de la Paz\" style=\"width:100%;height:90%;position:absolute;left:0;top:0;overflow:hidden;border:none;background-color:transparent;\" scrolling=\"no\" allowfullscreen=\"allowfullscreen\"><\/iframe>    <div style=\"position:absolute;bottom:0;left:0;font-family:arial,helvetica,sans-serif;font-size:12px;line-height:1.833;display:inline-block;padding:5px 0 5px 10px;\">        <span style=\"float:left;margin-right:10px;\">        \t<img decoding=\"async\" style=\"height:20px;width:auto;background: transparent;padding:0;margin:0;\" src=\"https:\/\/img2.rtve.es\/css\/rtve.commons\/rtve.header.footer\/i\/logoRTVEes.png\" alt=\"\" \/>        <\/span>       \t<a style=\"color:#333;font-weight:bold;\" title=\"El Programa Mundial de Alimentos, Premio Nobel de la Paz\" href=\"https:\/\/www.rtve.es\/alacarta\/videos\/modo-digital\/programa-mundial-alimentos-premio-nobel-paz\/5681174\/\">            <strong>El Programa Mundial de Alimentos, Premio Nobel de la Paz<\/strong>\t\t<\/a>\t<\/div><\/div>\n\n\n\n<p class=\"wp-block-paragraph\">El jurado tambi\u00e9n&nbsp;ha querido poner en valor la necesidad de que estas organizaciones reciban los fondos que necesitan. \u00abEl mundo corre el riesgo de sufrir una crisis del hambre de proporciones inconcebibles si el Programa Mundial de Alimentos y otras organizaciones de asistencia alimentaria no reciben el apoyo econ\u00f3mico que necesitan\u00bb, ha advertido, alertando de situaciones como las de&nbsp;Yemen, Rep\u00fablica Democr\u00e1tica del Congo, Nigeria, Sud\u00e1n del Sur y Burkina Faso.<\/p>\n\n\n\n<p class=\"wp-block-paragraph\"><strong>Combatiendo la desnutrici\u00f3n en&nbsp;83 de pa\u00edses<\/strong><\/p>\n\n\n\n<p class=\"wp-block-paragraph\">Con la asistencia a casi 87\u00a0millones de personas en 83 de pa\u00edses todos los a\u00f1os, el Programa Mundial de Alimentos\u00a0es la organizaci\u00f3n humanitaria l\u00edder en la lucha contra el hambre en el mundo,\u00a0brindando asistencia alimentaria en emergencias y trabajando con las comunidades para mejorar la nutrici\u00f3n.<br><\/p>\n\n\n\n<div style=\"width:100%;padding-top:64%;position:relative;border-bottom:1px solid #aaa;display:inline-block;background:#eee;background:rgba(255,255,255,0.9);\">    <iframe src=\"https:\/\/secure-embed.rtve.es\/drmn\/embed\/video\/5681248\" name=\"&#034;El coronavirus ha provocado una pandemia de hambre&#034;\" style=\"width:100%;height:90%;position:absolute;left:0;top:0;overflow:hidden;border:none;background-color:transparent;\" scrolling=\"no\" allowfullscreen=\"allowfullscreen\"><\/iframe>    <div style=\"position:absolute;bottom:0;left:0;font-family:arial,helvetica,sans-serif;font-size:12px;line-height:1.833;display:inline-block;padding:5px 0 5px 10px;\">        <span style=\"float:left;margin-right:10px;\">        \t<img decoding=\"async\" style=\"height:20px;width:auto;background: transparent;padding:0;margin:0;\" src=\"https:\/\/img2.rtve.es\/css\/rtve.commons\/rtve.header.footer\/i\/logoRTVEes.png\" alt=\"\" \/>        <\/span>       \t<a style=\"color:#333;font-weight:bold;\" title=\"&#034;El coronavirus ha provocado una pandemia de hambre&#034;\" href=\"https:\/\/www.rtve.es\/alacarta\/videos\/telediario\/nobel-paz-2020-coronavirus-provocado-pandemia-hambre\/5681248\/\">            <strong>&#034;El coronavirus ha provocado una pandemia de hambre&#034;<\/strong>\t\t<\/a>\t<\/div><\/div>\n\n\n\n<p class=\"wp-block-paragraph\"><br>Sus esfuerzos se orientan a\u00a0la asistencia frente a emergencias, el alivio y la rehabilitaci\u00f3n, la ayuda para el desarrollo y las operaciones especiales.\u00a0La mayor parte\u00a0de su trabajo se desarrolla\u00a0en pa\u00edses afectados por conflictos b\u00e9licos, donde las personas tienen tres veces m\u00e1s probabilidades de sufrir desnutrici\u00f3n que aquellas que viven en pa\u00edses sin conflictos.<\/p>\n\n\n\n<p class=\"wp-block-paragraph\"><strong>El quinto&nbsp;de los Premios Nobel 2020<\/strong><\/p>\n\n\n\n<p class=\"wp-block-paragraph\">El Nobel de la Paz es el quinto de la ronda de estos prestigiosos premios, despu\u00e9s del Nobel de\u00a0Literatura<a href=\"https:\/\/www.rtve.es\/noticias\/20201008\/poeta-norteamerica-louise-gluck-premio-nobel-literatura-2020\/2044008.shtml\">, concedido\u00a0a la poetisa\u00a0<strong>Louise Gl\u00fcck<\/strong><\/a>; el de\u00a0Qu\u00edmica<a href=\"https:\/\/www.rtve.es\/noticias\/20201007\/emmanuelle-charpentier-jennifer-doudna-nobel-quimica-2020-avances-edicion-del-genoma\/2043899.shtml\">, otorgado a <strong>Emmanuelle Charpentier<\/strong> y <strong>Jennifer Doudna<\/strong><\/a>\u00a0por sus avances en edici\u00f3n del genoma; el de\u00a0F\u00edsica,\u00a0a\u00a0<a href=\"https:\/\/www.rtve.es\/alacarta\/videos\/modo-digital\/tres-investigadores-agujeros-negros-premio-nobel-fisica-2020\/5678542\/\"><strong>Roger Penrose, Reinhard Genzel y Andrea Ghez<\/strong><\/a>\u00a0por sus investigaciones sobre agujeros negros; y el\u00a0Nobel de\u00a0Medicina<a href=\"https:\/\/www.rtve.es\/noticias\/20201005\/nobel-medicina\/2043678.shtml\">, concedido a los investigadores <strong>Harvey J. Alter, Michael<\/strong> <strong>Houghton y Charles M. Rice<\/strong><\/a>\u00a0por el\u00a0descubrimiento del virus de la\u00a0<a href=\"https:\/\/www.rtve.es\/temas\/hepatitis-c\/85590\/\">hepatitis C<\/a>.\u00a0A estos cinco\u00a0premios, seguir\u00e1\u00a0el anuncio del Premio Nobel de Econom\u00eda el pr\u00f3ximo lunes.<br><br>La totalidad de los galardones se entrega el 10 de diciembre, aniversario de la muerte del fundador, Alfred Nobel, en actos paralelos en Estocolmo, para los cient\u00edficos, de literatura y econom\u00eda, mientras que el de la Paz se celebra en Oslo. Tanto los anuncios de los premios como la entrega ser\u00e1n en esta edici\u00f3n en formato reducido por la pandemia de\u00a0<a href=\"https:\/\/www.rtve.es\/noticias\/coronavirus-covid-19\/\">COVID-19<\/a>.<\/p>\n\n\n\n<p class=\"wp-block-paragraph\">SEM-Rtve.es<\/p>\n","protected":false},"excerpt":{"rendered":"<p>La organizaci\u00f3n humanitaria l\u00edder en la lucha contra el hambre en el mundo, y ofrece asistencia a 83 pa\u00edses<\/p>\n","protected":false},"author":3,"featured_media":27072,"comment_status":"open","ping_status":"open","sticky":false,"template":"","format":"standard","meta":{"_monsterinsights_skip_tracking":false,"footnotes":""},"categories":[691,53],"tags":[],"class_list":["post-27071","post","type-post","status-publish","format-standard","has-post-thumbnail","category-691","category-internacional"],"_links":{"self":[{"href":"https:\/\/redsemlac.com\/semmexico\/wp-json\/wp\/v2\/posts\/27071","targetHints":{"allow":["GET"]}}],"collection":[{"href":"https:\/\/redsemlac.com\/semmexico\/wp-json\/wp\/v2\/posts"}],"about":[{"href":"https:\/\/redsemlac.com\/semmexico\/wp-json\/wp\/v2\/types\/post"}],"author":[{"embeddable":true,"href":"https:\/\/redsemlac.com\/semmexico\/wp-json\/wp\/v2\/users\/3"}],"replies":[{"embeddable":true,"href":"https:\/\/redsemlac.com\/semmexico\/wp-json\/wp\/v2\/comments?post=27071"}],"version-history":[{"count":0,"href":"https:\/\/redsemlac.com\/semmexico\/wp-json\/wp\/v2\/posts\/27071\/revisions"}],"wp:featuredmedia":[{"embeddable":true,"href":"https:\/\/redsemlac.com\/semmexico\/wp-json\/wp\/v2\/media\/27072"}],"wp:attachment":[{"href":"https:\/\/redsemlac.com\/semmexico\/wp-json\/wp\/v2\/media?parent=27071"}],"wp:term":[{"taxonomy":"category","embeddable":true,"href":"https:\/\/redsemlac.com\/semmexico\/wp-json\/wp\/v2\/categories?post=27071"},{"taxonomy":"post_tag","embeddable":true,"href":"https:\/\/redsemlac.com\/semmexico\/wp-json\/wp\/v2\/tags?post=27071"}],"curies":[{"name":"wp","href":"https:\/\/api.w.org\/{rel}","templated":true}]}}