{"id":27055,"date":"2020-10-12T19:38:29","date_gmt":"2020-10-12T19:38:29","guid":{"rendered":"https:\/\/redsemlac.com\/semmexico\/?p=27055"},"modified":"2023-07-21T16:35:54","modified_gmt":"2023-07-21T21:35:54","slug":"cuba-narrativas-contra-la-justicia-de-genero-se-hacen-mas-visibles","status":"publish","type":"post","link":"https:\/\/redsemlac.com\/semmexico\/cuba-narrativas-contra-la-justicia-de-genero-se-hacen-mas-visibles\/","title":{"rendered":"Cuba: Narrativas contra la justicia de g\u00e9nero se hacen m\u00e1s visibles"},"content":{"rendered":"\n<ul class=\"wp-block-list\"><li><strong>El matrimonio igualitario fue la puerta de salida de los fundamentalismos religiosos<\/strong><\/li><li><strong>Esas narrativas no pasan por el tamiz de la justicia social, sino de una \u00fanica y excluyente moralidad religiosa<\/strong><\/li><\/ul>\n\n\n\n<p class=\"wp-block-paragraph\"><strong>Lirians Gordillo Pi\u00f1a<br><br><\/strong>SemM\u00e9xico\/SEMac, La Habana, 12 de octubre, 2020.- Un discurso opuesto a los derechos sexuales y reproductivos de las mujeres e intransigente con el reconocimiento ciudadano de la diversidad sexual en Cuba se hace m\u00e1s visible en redes sociales y productos comunicativos.<\/p>\n\n\n\n<p class=\"wp-block-paragraph\"><br>Memes, declaraciones oficiales, libros sobre la \u00abideolog\u00eda de g\u00e9nero\u00bb, grupos en Facebook, campa\u00f1as de comunicaci\u00f3n, etiquetas, canales de YouTube y materiales distribuidos de mano en mano dejan ver puntos comunes de un discurso y agenda pol\u00edticos.<\/p>\n\n\n\n<p class=\"wp-block-paragraph\"><br>Activistas y especialistas en la naci\u00f3n caribe\u00f1a opinan que, en todo ese complejo entramado, se distingue una&nbsp;<a href=\"https:\/\/oncubanews.com\/opinion\/columnas\/sin-filtro\/pandemonium-a-proposito-del-programa-religioso-antiderechos-cubano-ii\/\" target=\"_blank\" rel=\"noreferrer noopener\">agenda com\u00fan<\/a>&nbsp;conectada con movimientos antiderechos de la regi\u00f3n.<\/p>\n\n\n\n<p class=\"wp-block-paragraph\"><br>Seg\u00fan la serie de investigaciones \u00ab<a href=\"https:\/\/sxpolitics.org\/GPAL\/\" target=\"_blank\" rel=\"noreferrer noopener\">Pol\u00edticas Antig\u00e9nero en Am\u00e9rica Latina<\/a>\u00bb , en las \u00faltimas d\u00e9cadas se registra una contraofensiva de campa\u00f1as y movimientos antiderechos ultraconservadores, en algunos casos articulados con el poder pol\u00edtico.<\/p>\n\n\n\n<p class=\"wp-block-paragraph\"><br>Publicadas por el&nbsp;<a href=\"https:\/\/sxpolitics.org\/es\/quien-somos\" target=\"_blank\" rel=\"noreferrer noopener\">Observatorio de Sexualidad y Pol\u00edtica (SPW)<\/a>&nbsp;en febrero de este a\u00f1o, las investigaciones analizan lo que han alertado movimientos de mujeres, feministas y colectivos LGBTIQ+ (lesbianas, gays, bisexuales, transg\u00e9nero, intersexuales y queers): existe una articulaci\u00f3n y cohesi\u00f3n contra la igualdad de g\u00e9nero, los derechos de las personas LGBTIQ+, los avances de las mujeres y sus derechos sexuales y reproductivos, en particular el derecho al aborto y a la educaci\u00f3n integral de la sexualidad.<\/p>\n\n\n\n<p class=\"wp-block-paragraph\"><br>Como en otras naciones latinoamericanas, en Cuba la oposici\u00f3n al matrimonio igualitario fue la puerta de salida de los fundamentalismos religiosos y marc\u00f3 su salto del p\u00falpito a la calle en el comienzo de la disputa pol\u00edtica, aunque existe un programa m\u00e1s amplio.<\/p>\n\n\n\n<p class=\"wp-block-paragraph\"><br>Para el abogado y profesor de la Universidad de Matanzas Adiel Garc\u00eda P\u00e9rez, un primer punto que identifica claramente esa agenda antiderechos en el pa\u00eds es \u00abposicionarse en contra del reconocimiento normativo de un derecho a un tercero, a un colectivo, a una minor\u00eda, a un grupo de personas\u00bb, apunta.<\/p>\n\n\n\n<p class=\"wp-block-paragraph\"><br>\u00abEspec\u00edficamente el motor impulsor fue&nbsp;<a href=\"http:\/\/www.redsemlac-cuba.net\/diversidad-sexual\/activistas-llaman-a-no-ser-indiferentes-ante-el-fundamentalismo-religioso.html\" target=\"_blank\" rel=\"noreferrer noopener\">la oposici\u00f3n al reconocimiento del matrimonio igualitario<\/a>\u00ab, comenta el especialista a SEMlac Cuba.<\/p>\n\n\n\n<p class=\"wp-block-paragraph\"><br>La declaraci\u00f3n p\u00fablica de un grupo de l\u00edderes evang\u00e9licos, en junio de 2018, dej\u00f3 claro un concepto invariable: la familia \u00abcomo una instituci\u00f3n divina creada por Dios y que el matrimonio es exclusivamente la uni\u00f3n de un hombre y una mujer, seg\u00fan ense\u00f1a la Biblia, la palabra de Dios\u00bb.<\/p>\n\n\n\n<p class=\"wp-block-paragraph\"><br>A las declaraciones les siguieron mensajes en redes sociales, productos audiovisuales y movilizaciones de la campa\u00f1a \u00abEstoy a favor del dise\u00f1o original. La familia como Dios la cre\u00f3\u00bb. La convocatoria, adem\u00e1s de expresar la postura de estas iglesias y su derecho a tener una voz p\u00fablica, busc\u00f3 influir en la redacci\u00f3n y aprobaci\u00f3n de la Constituci\u00f3n, dentro de un estado laico.<\/p>\n\n\n\n<p class=\"wp-block-paragraph\"><br>Luego un grupo de iglesias evang\u00e9licas reunieron firmas en oposici\u00f3n al art\u00edculo 68, que abr\u00eda la posibilidad al matrimonio igualitario. Aunque no se constata informaci\u00f3n p\u00fablica sobre la cantidad de firmas recogidas, el reverendo Enoel Guti\u00e9rrez afirma, en su libro&nbsp;<a href=\"https:\/\/semhabana.com\/descargas\/La_ideolog%C3%ADa_de_g%C3%A9nero_en_Cuba.pdf\" target=\"_blank\" rel=\"noreferrer noopener\"><em>La ideolog\u00eda de g\u00e9nero y su impacto. Una respuesta b\u00edblica desde la teolog\u00eda wesleyana<\/em><\/a>, que fueron m\u00e1s de 178.809.<\/p>\n\n\n\n<p class=\"wp-block-paragraph\"><br>El debate constitucional hizo entonces m\u00e1s visible la agenda pol\u00edtica y el pensamiento religioso de un grupo de l\u00edderes e iglesias que buscan incidir en el \u00e1mbito legislativo, pol\u00edtico y social desde una lectura teol\u00f3gica de poder y autoridad.<\/p>\n\n\n\n<p class=\"wp-block-paragraph\"><br>\u00abAntes de que existieran las constituciones en las naciones del mundo, ya Dios hab\u00eda establecido el modelo y la moralidad de la familia. En G\u00e9nesis, el primer cap\u00edtulo de La Biblia, encontramos la creaci\u00f3n del ser humano, y como todas las cosas creadas anteriormente, esta tambi\u00e9n recib\u00eda la categor\u00eda de bueno de parte de Dios\u00bb, afirma Enoel Guti\u00e9rrez&nbsp;<a href=\"https:\/\/semhabana.com\/descargas\/BIBLIA_Y_CONSTITUCION.pdf\" target=\"_blank\" rel=\"noreferrer noopener\">en Familia, Sexualidad: Biblia y Constituci\u00f3n<\/a>, otro libro publicado por el Seminario Evang\u00e9lico Metodista en 2018.<\/p>\n\n\n\n<p class=\"wp-block-paragraph\"><br>Personas de fe y especialistas en Cuba insisten en que esta agenda antiderecho y conservadora no es extensiva a todas las iglesias cristianas, tampoco a su comunidad de fe en general. Tambi\u00e9n se\u00f1alan que la existencia de un pensamiento social conservador extiende este tipo de agendas a otros sectores sociales.<\/p>\n\n\n\n<p class=\"wp-block-paragraph\"><br>\u00abEl fundamentalismo religioso aprovecha la matriz conservadora que persiste en nuestra sociedad y se nuclea con ella. Hay un grupo de aliados no religiosos, que no est\u00e1n necesariamente relacionados con la fe, con la creencia religiosa, que se sienten identificados en ese grupo y que lo podemos ver en una escena cotidiana\u00bb, alerta Garc\u00eda P\u00e9rez.<\/p>\n\n\n\n<p class=\"wp-block-paragraph\"><br>El matrimonio igualitario, el reconocimiento de la identidad de g\u00e9nero de las personas trans, la educaci\u00f3n integral de la sexualidad y el aborto son todos derechos que debieran disfrutar por igual personas creyentes y no creyentes en la Cuba de hoy. Sin embargo, en las narrativas antiderecho, no pasan por el tamiz de la justicia social, sino de una \u00fanica y excluyente moralidad religiosa.<\/p>\n\n\n\n<p class=\"wp-block-paragraph\"><br>Para Garc\u00eda P\u00e9rez, esto significa una \u00abinjusticia para las personas que son discriminadas, quienes ven sus derechos como objeto de debate o en cuestionamiento\u00bb.<\/p>\n\n\n\n<p class=\"wp-block-paragraph\"><br>Izett Sam\u00e1 Hern\u00e1ndez, pastora de la Iglesia Presbiteriana Reformada en Cuba, resalta la importancia de poner en primer lugar los derechos de las personas, como parte de un proyecto social que apuesta por la inclusi\u00f3n, y ubica claves para comprender los efectos que pueden tener las posturas m\u00e1s intransigentes.<br>\u00abLas consecuencias m\u00e1s evidentes son dividir a la sociedad desde una moral sexual centrada en la familia y enfrentar todo un proceso en favor de la inclusi\u00f3n de la diversidad sexual como un hecho natural, como parte de la sociedad. Los derechos de los seres humanos tienen que estar por encima de cualquier dogma\u00bb, comenta Sam\u00e1 a SEMlac.<\/p>\n\n\n\n<p class=\"wp-block-paragraph\"><br>Otros puntos que se incluyen en la agenda conservadora y fundamentalista son la concentraci\u00f3n de propiedades, la posibilidad de la educaci\u00f3n religiosa en la infancia y el acceso a los medios de comunicaci\u00f3n.<br><br><strong>Ret\u00f3ricas al uso<\/strong><\/p>\n\n\n\n<p class=\"wp-block-paragraph\">Una comunicaci\u00f3n directa, basada en una lectura literal y selectiva de la Biblia, circula principalmente en formato digital. De hechura profesional y con im\u00e1genes sint\u00e9ticas e impactantes, estos productos en muchas ocasiones se enfocan en conectar con j\u00f3venes y ofrecer sentidos de prosperidad y pertenencia a una comunidad.<\/p>\n\n\n\n<p class=\"wp-block-paragraph\"><br>Los mensajes de amor por Cuba y convocatorias a encontrar espacios de transformaci\u00f3n en los templos se alternan, por ejemplo, con im\u00e1genes de fetos ensangrentados y condenas al aborto o representaciones de la diversidad sexual como una bota multicolor que intenta pisotear a una familia de madre y padre blancos.<\/p>\n\n\n\n<p class=\"wp-block-paragraph\"><br>La creaci\u00f3n y uso del t\u00e9rmino \u00abideolog\u00eda de g\u00e9nero\u00bb en sustituci\u00f3n de la teor\u00eda de g\u00e9nero y la teor\u00eda feminista, se encuentra en el centro de una narrativa creada para conectar todos los puntos de la agenda: negaci\u00f3n de los derechos de la comunidad LGBTIQ; oposici\u00f3n a la educaci\u00f3n sexual y la superaci\u00f3n de los roles patriarcales de g\u00e9nero y, principalmente, estigmatizaci\u00f3n del feminismo.<br>Presentar la \u00abideolog\u00eda de g\u00e9nero\u00bb como una importaci\u00f3n reciente, ajena a la tradici\u00f3n nacional, es un aspecto muy com\u00fan en distintas declaraciones y documentos p\u00fablicos, aunque en el pa\u00eds se registran estudios de g\u00e9nero desde hace m\u00e1s de 30 a\u00f1os y&nbsp;<a href=\"https:\/\/www.ipscuba.net\/sociedad\/100-anos-de-feminismo-en-cuba\/\" target=\"_blank\" rel=\"noreferrer noopener\">en 2012 se celebr\u00f3 el centenario de sus primeras organizaciones feministas<\/a>.<\/p>\n\n\n\n<p class=\"wp-block-paragraph\"><br>A la par, esos discursos asumen etiquetas, im\u00e1genes, mensajes y frases usadas en pa\u00edses de Latinoam\u00e9rica desde 2016, como la&nbsp; campa\u00f1a&nbsp;<a href=\"https:\/\/oncubanews.com\/opinion\/columnas\/sin-filtro\/el-puerto-cubano-de-con-mis-hijos-no-te-metas\/\" target=\"_blank\" rel=\"noreferrer noopener\">#ConMisHijosNoTeMetas<\/a>.<\/p>\n\n\n\n<p class=\"wp-block-paragraph\"><br>Otra estrategia es apostar por un discurso positivo, pero en esencia excluyente, al reafirmar su modelo de familia como el \u00fanico v\u00e1lido y de mayor jerarqu\u00eda. As\u00ed, desde distintos espacios se contin\u00faa relacionando la homosexualidad con el pecado, la enfermedad y el delito, asociaciones que intentan sembrar rechazo y miedo en la poblaci\u00f3n.<\/p>\n\n\n\n<p class=\"wp-block-paragraph\"><br>De los tantos ejemplos que pueden encontrarse en las redes digitales, hay uno que expone la asociaci\u00f3n de la homosexualidad con la pedofilia, como estrategia para estigmatizar y condenar.<\/p>\n\n\n\n<p class=\"wp-block-paragraph\"><br>Cinco l\u00edneas antes de afirmar \u00abte amo, valoro tu vida tanto como la m\u00eda, oro por ti, quiero verte feliz, quiero que sepas cu\u00e1n valioso eres, que conozcas la verdad y que seas libre\u00bb,&nbsp;<a href=\"https:\/\/m.facebook.com\/story.php?story_fbid=3572786176068426&amp;id=256629791017431&amp;__tn__=*s*s-R\" target=\"_blank\" rel=\"noreferrer noopener\">un texto compartido<\/a>&nbsp;por la artista cubana Danay Su\u00e1rez sentenciaba: \u00abBajo ninguna circunstancia consideres &#8216;normal&#8217; ni &#8216;bueno&#8217; aquello que est\u00e1 fuera del perfecto orden establecido por Dios (un hombre y una mujer adultos que se unen bajo un pacto de amor y compromiso exclusivo y permanente). Todo lo dem\u00e1s, incluyendo, desde luego, la pedofilia, es una perversi\u00f3n\u00bb.<\/p>\n\n\n\n<p class=\"wp-block-paragraph\"><br>Existe un tipo de violencia que alterna frases como \u00abamamos al pecador, pero no al pecado\u00bb y \u00abno somos homof\u00f3bicos\u00bb, con un lenguaje belicista que sataniza la diversidad sexual y llama al arrepentimiento y abandono de la homosexualidad, entendida como estilo de vida perverso.<\/p>\n\n\n\n<p class=\"wp-block-paragraph\"><br>\u00abEl diablo ahora mismo: &#8216;Cristiano, calladito te ves m\u00e1s bonito. No te metas en pol\u00edtica. Deja que la agenda LGBT robe tus hijos'\u00bb, puede leerse en un post del pastor&nbsp;<a href=\"https:\/\/www.facebook.com\/pastoradrianpose\/\" target=\"_blank\" rel=\"noreferrer noopener\">Adrian Pose<\/a>.<\/p>\n\n\n\n<p class=\"wp-block-paragraph\"><br>Tambi\u00e9n ocurre que las afirmaciones, generalizaciones y asociaciones suelen aparecer sin referencias.<\/p>\n\n\n\n<p class=\"wp-block-paragraph\"><br>Cuando se busca posicionar en el sentido com\u00fan de las personas que las teor\u00edas de g\u00e9nero y los feminismos &#8211;estigmatizados en la \u00abideolog\u00eda de g\u00e9nero\u00bb&#8211; afirman que la orientaci\u00f3n sexual y la identidad de g\u00e9nero son simples elecciones, invenciones que tratan de imponerse en la sociedad, casualmente no aparecen citas directas de documentos o investigaciones que lo reafirmen.<\/p>\n\n\n\n<p class=\"wp-block-paragraph\"><br>Por ejemplo, es com\u00fan que se mencionen estudios y estad\u00edsticas sin las fuentes directas.<\/p>\n\n\n\n<p class=\"wp-block-paragraph\"><br>\u00abEs asombroso el n\u00famero de ni\u00f1os, adolescentes y j\u00f3venes que viven en hogares de padres y madres divorciados, seg\u00fan datos de estudios a nivel mundial, el divorcio contribuye a una inadecuada conducta social, al abandono escolar, al alcoholismo, a la drogadicci\u00f3n, la violencia, la homosexualidad y al suicidio. Pero est\u00e1 claro que quienes promueven el divorcio como soluci\u00f3n nunca pensaron en estas consecuencias\u00bb, puede leerse en la p\u00e1gina nueve de&nbsp;<em>Familia, Sexualidad: Biblia y Constituci\u00f3n<\/em>.<\/p>\n\n\n\n<p class=\"wp-block-paragraph\"><br>Por \u00faltimo, rastrear las fuentes puede llevar a encontrar la difusi\u00f3n de informaci\u00f3n falsa tambi\u00e9n en Cuba.<\/p>\n\n\n\n<p class=\"wp-block-paragraph\"><br>En&nbsp;<a href=\"https:\/\/www.hispanidad.com\/confidencial\/el-nom-se-quita-la-careta-se-llama-vitit-muntarbhorn-y-asegura-que-hay-112-sexos-distintos_265642_102.html\" target=\"_blank\" rel=\"noreferrer noopener\">2016<\/a>&nbsp;y&nbsp;<a href=\"https:\/\/pablomunoziturrieta.com\/2018\/11\/13\/los-famosos-112-generos\/\" target=\"_blank\" rel=\"noreferrer noopener\">2018<\/a>&nbsp;circul\u00f3 en internet una noticia de que las Naciones Unidas hab\u00edan reconocido la existencia de 112 g\u00e9neros. En 2019 se&nbsp;<a href=\"https:\/\/chequeado.com\/verificacionfb\/es-falso-que-la-onu-determino-que-existen-112-generos\/\" target=\"_blank\" rel=\"noreferrer noopener\">comprob\u00f3&nbsp;<\/a>que era una noticia&nbsp;<a href=\"https:\/\/larepublica.pe\/sociedad\/2019\/08\/01\/onu-es-falso-que-la-organizacion-de-las-naciones-unidas-establecio-112-tipos-de-genero-como-afirman-organizadores-de-marcha-por-la-familia\/\" target=\"_blank\" rel=\"noreferrer noopener\">falsa<\/a>. Sin embargo, tanto en el libro<em>&nbsp;La ideolog\u00eda de g\u00e9nero<\/em>\u0085 como en&nbsp;<em>Familia, sexualidad: Biblia y Constituci\u00f3n<\/em>&nbsp;se reproduce la misma informaci\u00f3n sin verificarla y se relaciona con el contexto cubano.<\/p>\n\n\n\n<p class=\"wp-block-paragraph\"><br>\u00abDetr\u00e1s de las organizaciones que respaldan y promueven la existencia de m\u00e1s de 112 g\u00e9neros sexuales se encuentran los deseos e impulsos antinaturales de la sexualidad. Es absurdo querer negar que todo esto exista, pues es un hecho real y que va en aumento, lo que s\u00ed es totalmente rid\u00edculo e il\u00f3gico es el intento de institucionalizar las bases del matrimonio para que responda a estas desviaciones\u00bb, afirma el autor de<em>&nbsp;Familia, sexualidad: Biblia y Constituci\u00f3n<\/em>&nbsp;en la p\u00e1gina 26.<\/p>\n\n\n\n<p class=\"wp-block-paragraph\"><br>A estas estrategias y caracter\u00edsticas pueden sumarse otras, como el uso de figuras hist\u00f3ricas de la naci\u00f3n, la autovictimizaci\u00f3n, la desacreditaci\u00f3n de las Naciones Unidas y la utilizaci\u00f3n de la \u00abideolog\u00eda de g\u00e9nero\u00bb como amenaza y envase donde caben, seg\u00fan convenga, el feminismo, los movimientos LGBTIQ, la justicia social, el marxismo y el fascismo.<\/p>\n\n\n\n<p class=\"wp-block-paragraph\"><br>Una lectura atenta a las fuentes y generalizaciones, que ponga en contexto nacional y regional tales afirmaciones y propuestas, puede ser \u00fatil para develar las tramas de narrativas que atentan, en la actualidad, contra la justicia de g\u00e9nero.<\/p>\n\n\n\n<p class=\"wp-block-paragraph\">SEM-SEMlac\/lgp<\/p>\n","protected":false},"excerpt":{"rendered":"<p>El matrimonio igualitario fue la puerta de salida de los fundamentalismos religiosos<\/p>\n","protected":false},"author":3,"featured_media":27056,"comment_status":"open","ping_status":"open","sticky":false,"template":"","format":"standard","meta":{"_monsterinsights_skip_tracking":false,"footnotes":""},"categories":[691,53],"tags":[],"class_list":["post-27055","post","type-post","status-publish","format-standard","has-post-thumbnail","category-691","category-internacional"],"_links":{"self":[{"href":"https:\/\/redsemlac.com\/semmexico\/wp-json\/wp\/v2\/posts\/27055","targetHints":{"allow":["GET"]}}],"collection":[{"href":"https:\/\/redsemlac.com\/semmexico\/wp-json\/wp\/v2\/posts"}],"about":[{"href":"https:\/\/redsemlac.com\/semmexico\/wp-json\/wp\/v2\/types\/post"}],"author":[{"embeddable":true,"href":"https:\/\/redsemlac.com\/semmexico\/wp-json\/wp\/v2\/users\/3"}],"replies":[{"embeddable":true,"href":"https:\/\/redsemlac.com\/semmexico\/wp-json\/wp\/v2\/comments?post=27055"}],"version-history":[{"count":0,"href":"https:\/\/redsemlac.com\/semmexico\/wp-json\/wp\/v2\/posts\/27055\/revisions"}],"wp:featuredmedia":[{"embeddable":true,"href":"https:\/\/redsemlac.com\/semmexico\/wp-json\/wp\/v2\/media\/27056"}],"wp:attachment":[{"href":"https:\/\/redsemlac.com\/semmexico\/wp-json\/wp\/v2\/media?parent=27055"}],"wp:term":[{"taxonomy":"category","embeddable":true,"href":"https:\/\/redsemlac.com\/semmexico\/wp-json\/wp\/v2\/categories?post=27055"},{"taxonomy":"post_tag","embeddable":true,"href":"https:\/\/redsemlac.com\/semmexico\/wp-json\/wp\/v2\/tags?post=27055"}],"curies":[{"name":"wp","href":"https:\/\/api.w.org\/{rel}","templated":true}]}}