{"id":26990,"date":"2020-10-10T20:58:33","date_gmt":"2020-10-10T20:58:33","guid":{"rendered":"https:\/\/redsemlac.com\/semmexico\/?p=26990"},"modified":"2023-07-21T16:35:15","modified_gmt":"2023-07-21T21:35:15","slug":"instala-senadora-monica-fernandez-balboa-defensoria-juridica-para-mujeres-en-tabasco","status":"publish","type":"post","link":"https:\/\/redsemlac.com\/semmexico\/instala-senadora-monica-fernandez-balboa-defensoria-juridica-para-mujeres-en-tabasco\/","title":{"rendered":"Instala senadora M\u00f3nica Fern\u00e1ndez Balboa Defensor\u00eda Jur\u00eddica para mujeres en Tabasco"},"content":{"rendered":"\n<p class=\"wp-block-paragraph\"><strong><em>NOTAS CORTAS: Fin de Semana<\/em><\/strong><\/p>\n\n\n\n<ul class=\"wp-block-list\"><li><strong>La CNDH preocupada por denuncias de mujeres por abuso a sus derechos sexuales y reproductivos<\/strong><\/li><li><strong>Comisi\u00f3n manda recomendaci\u00f3n a Chiapas por discriminaci\u00f3n de mujeres ind\u00edgenas y pide reparaci\u00f3n del da\u00f1o<\/strong><\/li><\/ul>\n\n\n\n<p class=\"wp-block-paragraph\"><strong>Redacci\u00f3n<\/strong><\/p>\n\n\n\n<p class=\"wp-block-paragraph\">SemM\u00e9xico. Ciudad de M\u00e9xico. 10 de octubre 2020.- Este fin de semana varias acciones para atajar la violencia y la discriminaci\u00f3n de las mujeres; prevenir la violencia pol\u00edtica en raz\u00f3n de g\u00e9nero, as\u00ed lo informaron &nbsp;una senadora y la Comisi\u00f3n Nacional de Derechos Humanos, ante la multiplicaci\u00f3n de cr\u00edmenes contra las mujeres y la impunidad en la que viven los agresores.<\/p>\n\n\n\n<p class=\"wp-block-paragraph\">La senadora M\u00f3nica Fern\u00e1ndez Balboa instal\u00f3, este viernes, la Defensor\u00eda Jur\u00eddica para la Protecci\u00f3n de los Derechos Pol\u00edticos y Electorales de las Mujeres y dem\u00e1s grupos vulnerables del Tribunal Electoral de Tabasco.&nbsp;<\/p>\n\n\n\n<p class=\"wp-block-paragraph\">Fern\u00e1ndez Balboa, tambi\u00e9n le tom\u00f3 la protesta correspondiente a Leidy Gabriela Salvador Hern\u00e1ndez, como titular de dicha Defensor\u00eda.&nbsp;&nbsp;<\/p>\n\n\n\n<p class=\"wp-block-paragraph\">La presidenta de la comisi\u00f3n de gobernaci\u00f3n en el Senado dijo que nuestro pa\u00eds cuenta con un s\u00f3lido marco normativo que pretende erradicar la discriminaci\u00f3n pol\u00edtica del g\u00e9nero femenino en todos los niveles.&nbsp;<\/p>\n\n\n\n<p class=\"wp-block-paragraph\">Record\u00f3 que se han aprobado reformas a la Constituci\u00f3n y a diversos ordenamientos legales para incorporar la paridad de g\u00e9nero como eje rector en la integraci\u00f3n de todos los \u00f3rganos del Estado mexicano.&nbsp;<\/p>\n\n\n\n<p class=\"wp-block-paragraph\">Y que a trav\u00e9s de resoluciones del Tribunal Electoral del Poder Judicial de la Federaci\u00f3n se ha fortalecido y consolidado la igualdad en el ejercicio de los derechos pol\u00edticos. Con ello, apunt\u00f3, hemos avanzado decididamente, dijo, en construcci\u00f3n de una sociedad m\u00e1s justa y democr\u00e1tica.&nbsp;<\/p>\n\n\n\n<p class=\"wp-block-paragraph\">Explic\u00f3, no obstante que la Defensor\u00eda Jur\u00eddica resolver\u00e1 los conflictos o controversias electorales que atenten contra los derechos pol\u00edticos de las tabasque\u00f1as y los grupos vulnerables de la entidad, lo que asegurar\u00e1 el ejercicio democr\u00e1tico de tabasque\u00f1as y tabasque\u00f1os.&nbsp;&nbsp;<\/p>\n\n\n\n<h2 class=\"wp-block-heading\"><strong>Atenci\u00f3n a los derechos reproductivos y discriminaci\u00f3n<\/strong>&nbsp;<\/h2>\n\n\n\n<p class=\"wp-block-paragraph\">La CNDH inform\u00f3 ayer que investiga posibles violaciones a los derechos humanos de dos mujeres quienes se quejaron de ser objeto de pr\u00e1cticas m\u00e9dicas lesivas cuando estuvieron detenidas en el condado de Irwin, Georgia, Estados Unidos.<\/p>\n\n\n\n<p class=\"wp-block-paragraph\">Atribuyen \u00e9stas pr\u00e1cticas al personal adscrito a la Secretar\u00eda de Relaciones Exteriores (SRE) y el Instituto Nacional de Migraci\u00f3n, por no haberles proporcionado ayuda.<\/p>\n\n\n\n<p class=\"wp-block-paragraph\">Inform\u00f3 que se enter\u00f3 de este caso por notas publicadas en los medios de comunicaci\u00f3n.<\/p>\n\n\n\n<p class=\"wp-block-paragraph\">Informa que ya estuvo en contacto con organizaciones de la sociedad civil de Estados Unidos y Canad\u00e1.<\/p>\n\n\n\n<p class=\"wp-block-paragraph\">Personal de esta Comisi\u00f3n Nacional logr\u00f3 ubicar a las dos mujeres en M\u00e9xico, quienes coincidieron en se\u00f1alar que fueron detenidas e ingresadas al Centro de Detenci\u00f3n del Condado de Irwin, Georgia, donde fueron objeto de procedimientos m\u00e9dicos que consideraron irregulares. Asimismo, detallaron que durante su estancia en ese lugar les proporcionaron los n\u00fameros telef\u00f3nicos del Consulado de M\u00e9xico en Atlanta, Georgia; sin embargo, nunca les contestaron ni fueron entrevistadas por funcionarios de esa representaci\u00f3n consular.<\/p>\n\n\n\n<p class=\"wp-block-paragraph\">Al ser entrevistadas por personal de la CNDH, una de ellas precis\u00f3 que una vez deportada, arrib\u00f3 a las oficinas del INM, donde le inform\u00f3 al personal del Instituto que tres d\u00edas antes le hab\u00edan practicado una cirug\u00eda, por lo que necesitaba atenci\u00f3n m\u00e9dica, ya que ten\u00eda mucho dolor, pero s\u00f3lo la revis\u00f3 una enfermera, quien le realiz\u00f3 una curaci\u00f3n en las heridas y le dio una receta para que comprara diversos medicamentos. Una vez finalizado su tr\u00e1mite le ordenaron subir a un autob\u00fas que la llevar\u00eda a su destino.<\/p>\n\n\n\n<p class=\"wp-block-paragraph\">Ambas mujeres coincidieron en que, a su llegada a M\u00e9xico, tuvieron contacto con servidores p\u00fablicos de la SRE, a quienes informaron del trato recibido en el Centro de Detenci\u00f3n estadounidense, indic\u00e1ndoles que posteriormente se comunicar\u00edan con ellas, pero hasta el momento de la entrevista con funcionarios de la CNDH, no hab\u00edan recibido apoyo, ni ayuda, por parte de las autoridades mexicanas.<\/p>\n\n\n\n<p class=\"wp-block-paragraph\">En raz\u00f3n de los hechos, ambas mujeres presentaron queja ante este Organismo Nacional, el cual dar\u00e1 puntual seguimiento a la investigaci\u00f3n y apoyo a las v\u00edctimas.<\/p>\n\n\n\n<h2 class=\"wp-block-heading\"><strong>Emite recomendaci\u00f3n a las autoridades de Chiapas<\/strong><\/h2>\n\n\n\n<p class=\"wp-block-paragraph\">Derivada de un Recurso de Impugnaci\u00f3n, la Comisi\u00f3n Nacional de los Derechos Humanos (CNDH) emiti\u00f3 la Recomendaci\u00f3n 40\/2020 a la Fiscal\u00eda General, Secretar\u00eda General de Gobierno, Secretar\u00eda de Seguridad y Protecci\u00f3n Ciudadana del Estado de Chiapas; as\u00ed como al Ayuntamiento Municipal de San Crist\u00f3bal de las Casas y a la Comisi\u00f3n Estatal de los Derechos Humanos.<\/p>\n\n\n\n<p class=\"wp-block-paragraph\">Las violaciones denunciadas en 2019 a la Comisi\u00f3n Estatal, que envi\u00f3 una recomendaci\u00f3n que no fue escuchada. Por ello la CNDH determin\u00f3 la insuficiencia de la Recomendaci\u00f3n emitida por la Comisi\u00f3n Estatal y, a fin de garantizar la reparaci\u00f3n integral del da\u00f1o, solicita a las autoridades se\u00f1aladas&nbsp;realizar un acto p\u00fablico de reconocimiento de responsabilidad institucional, a trav\u00e9s de una disculpa p\u00fablica dirigida a las agraviadas e inscribirlas en el Registro Estatal de V\u00edctimas y otorgarles atenci\u00f3n m\u00e9dica, psicol\u00f3gica y tanatol\u00f3gica, adem\u00e1s de asistencia jur\u00eddica.<\/p>\n\n\n\n<p class=\"wp-block-paragraph\">El 8 de febrero de 2019, dos personas&nbsp;defensoras de derechos humanos&nbsp;presentaron&nbsp;un escrito de&nbsp;queja ante la Comisi\u00f3n de Derechos Humanos&nbsp;local en el que denunciaron&nbsp;la impunidad&nbsp;prevaleciente en el feminicidio de una ni\u00f1a y la&nbsp;criminalizaci\u00f3n, detenci\u00f3n arbitraria y tortura,&nbsp;cometidas&nbsp;en agravio de tres mujeres ind\u00edgenas, entre ellas una adolescente, por parte&nbsp;servidores p\u00fablicos de la Fiscal\u00eda General del Estado.<\/p>\n\n\n\n<p class=\"wp-block-paragraph\">La Comisi\u00f3n Estatal acredit\u00f3 que las mujeres ind\u00edgenas fueron privadas ilegalmente de su libertad y trasladadas a una casa de seguridad de la Fiscal\u00eda General, adem\u00e1s de que durante el trayecto sufrieron tortura f\u00edsica, sexual y psicol\u00f3gica para auto inculparse del feminicidio de su familiar.<\/p>\n\n\n\n<p class=\"wp-block-paragraph\">Tambi\u00e9n constat\u00f3 que la Fiscal\u00eda ejerci\u00f3 violencia institucional y de g\u00e9nero por las omisiones detectadas en la investigaci\u00f3n de los delitos de feminicidio, secuestro y tortura; as\u00ed como la intimidaci\u00f3n y amenazas cometidas en contra de las mujeres ind\u00edgenas, sus familiares, abogadas y defensoras de derechos humanos.<\/p>\n\n\n\n<p class=\"wp-block-paragraph\">Al considerar que dicha Recomendaci\u00f3n no reparaba adecuadamente las violaciones a derechos humanos denunciadas, las v\u00edctimas interpusieron un Recurso de Impugnaci\u00f3n ante la CNDH.<\/p>\n\n\n\n<p class=\"wp-block-paragraph\">Luego de analizar el caso, este Organismo Nacional determin\u00f3 violaciones a los derechos a la libertad personal, vida privada, privacidad domiciliaria, seguridad e integridad personal, ps\u00edquica y moral; a la dignidad, prohibici\u00f3n de la tortura, trato digno, libertad de circulaci\u00f3n y residencia; as\u00ed como al derecho de las personas a no ser desplazadas forzadamente, a la seguridad jur\u00eddica, acceso a la justicia y a la verdad, en agravio de las tres mujeres ind\u00edgenas y sus familiares, as\u00ed como de las defensoras de derechos humanos.<\/p>\n\n\n\n<p class=\"wp-block-paragraph\">Tambi\u00e9n se solicit\u00f3 investigar los delitos de secuestro, detenci\u00f3n y retenci\u00f3n ilegal, tortura f\u00edsica, psicol\u00f3gica y sexual; dise\u00f1ar e implementar un programa de atenci\u00f3n para las personas desplazadas y coadyuvar con el Mecanismo de Protecci\u00f3n para Personas Defensoras de Derechos Humanos y Periodistas.<\/p>\n\n\n\n<p class=\"wp-block-paragraph\">La Recomendaci\u00f3n 40\/2020, que ya fue debidamente notificada a sus destinatarios y puede ser consultada en la p\u00e1gina&nbsp;<a href=\"http:\/\/www.cndh.org.mx\/\" target=\"_blank\" rel=\"noreferrer noopener\">www.cndh.org.mx<\/a>.<\/p>\n\n\n\n<p class=\"wp-block-paragraph\">SEM\/sl\/IL<\/p>\n","protected":false},"excerpt":{"rendered":"<p>La CNDH preocupada por denuncias de mujeres por abuso a sus derechos sexuales y reproductivos<\/p>\n","protected":false},"author":3,"featured_media":26991,"comment_status":"open","ping_status":"open","sticky":false,"template":"","format":"standard","meta":{"_monsterinsights_skip_tracking":false,"footnotes":""},"categories":[691,50],"tags":[],"class_list":["post-26990","post","type-post","status-publish","format-standard","has-post-thumbnail","category-691","category-congreso"],"_links":{"self":[{"href":"https:\/\/redsemlac.com\/semmexico\/wp-json\/wp\/v2\/posts\/26990","targetHints":{"allow":["GET"]}}],"collection":[{"href":"https:\/\/redsemlac.com\/semmexico\/wp-json\/wp\/v2\/posts"}],"about":[{"href":"https:\/\/redsemlac.com\/semmexico\/wp-json\/wp\/v2\/types\/post"}],"author":[{"embeddable":true,"href":"https:\/\/redsemlac.com\/semmexico\/wp-json\/wp\/v2\/users\/3"}],"replies":[{"embeddable":true,"href":"https:\/\/redsemlac.com\/semmexico\/wp-json\/wp\/v2\/comments?post=26990"}],"version-history":[{"count":0,"href":"https:\/\/redsemlac.com\/semmexico\/wp-json\/wp\/v2\/posts\/26990\/revisions"}],"wp:featuredmedia":[{"embeddable":true,"href":"https:\/\/redsemlac.com\/semmexico\/wp-json\/wp\/v2\/media\/26991"}],"wp:attachment":[{"href":"https:\/\/redsemlac.com\/semmexico\/wp-json\/wp\/v2\/media?parent=26990"}],"wp:term":[{"taxonomy":"category","embeddable":true,"href":"https:\/\/redsemlac.com\/semmexico\/wp-json\/wp\/v2\/categories?post=26990"},{"taxonomy":"post_tag","embeddable":true,"href":"https:\/\/redsemlac.com\/semmexico\/wp-json\/wp\/v2\/tags?post=26990"}],"curies":[{"name":"wp","href":"https:\/\/api.w.org\/{rel}","templated":true}]}}