{"id":26957,"date":"2020-10-09T23:32:44","date_gmt":"2020-10-09T23:32:44","guid":{"rendered":"https:\/\/redsemlac.com\/semmexico\/?p=26957"},"modified":"2023-07-21T16:35:15","modified_gmt":"2023-07-21T21:35:15","slug":"mujeres-electas-las-voces-de-la-historia-3","status":"publish","type":"post","link":"https:\/\/redsemlac.com\/semmexico\/mujeres-electas-las-voces-de-la-historia-3\/","title":{"rendered":"Norma Reyes: Paridad s\u00ed, pero sin dejar a ninguna atr\u00e1s"},"content":{"rendered":"\n<ul class=\"wp-block-list\"><li><strong>&nbsp;67 a\u00f1os despu\u00e9s hay tareas que resolver<\/strong><\/li><\/ul>\n\n\n\n<ul class=\"wp-block-list\"><li><strong>&nbsp;Violencia pol\u00edtica contra las mujeres en los C\u00f3digos Penales<\/strong><\/li><\/ul>\n\n\n\n<p class=\"wp-block-paragraph\"><strong>Soledad Jarqu\u00edn Edgar<\/strong><\/p>\n\n\n\n<p class=\"wp-block-paragraph\">SemM\u00e9xico, Cd. de M\u00e9xico, 9 de octubre, 2020.- Originaria de la regi\u00f3n del Istmo de Tehuantepec, siendo muy joven luch\u00f3 en las filas de la COCEI (Coordinadora Obrera, Campesina, Estudiantil del Istmo), organizaci\u00f3n que llev\u00f3 en 1981 a la elecci\u00f3n del primer gobierno municipal de la izquierda en el pa\u00eds.<\/p>\n\n\n\n<p class=\"wp-block-paragraph\">Hoy, Norma Reyes Ter\u00e1n es funcionaria del gobierno de Alejandro Murat Hinojosa, como titular de la Coordinaci\u00f3n para la Atenci\u00f3n de los Derechos Humanos del Ejecutivo y antes fue titular del entonces Instituto de la Mujer Oaxaque\u00f1a, en su paso por la vida p\u00fablica suma dos cargos de elecci\u00f3n popular: uno como diputada local y otro como diputada federal, ambas a trav\u00e9s del Partido de la Revoluci\u00f3n Democr\u00e1tica.<\/p>\n\n\n\n<p class=\"wp-block-paragraph\"><strong>No fue f\u00e1cil.&nbsp;<\/strong><\/p>\n\n\n\n<p class=\"wp-block-paragraph\">Saber contar es prioritario es lo que parece explicar Norma Reyes, quien, tras la formaci\u00f3n del PRD en la parte final de la d\u00e9cada de los ochenta, se ocup\u00f3 de realizar tareas de la organizaci\u00f3n pol\u00edtica o dicho de otra forma estaba, como muchas otras, en la talacha partidista. Una de esas tareas fue elaborar las listas de \u201clos candidatos\u201d. Sus compa\u00f1eros calculan que al menos ocho podr\u00edan ser diputados por la v\u00eda plurinominal, as\u00ed se registran los nombres, ella \u201chace sus propios c\u00e1lculos\u201d y encuentra que puede entrar otra persona m\u00e1s, por lo que asume que puede ser ella. As\u00ed lo hace, los hombres del partido se dan cuanta hasta que gana, le piden que renuncie para que un noveno var\u00f3n ocupe el cargo. Ella no se amedrenta y asume la diputaci\u00f3n plurinominal en la LVI Legislatura local (1995-1998).<\/p>\n\n\n\n<p class=\"wp-block-paragraph\">Como diputada local impuls\u00f3 un cambio aparentemente sencillo. Reci\u00e9n, a nivel nacional, en 1993 se hab\u00eda recomendado a los partidos pol\u00edticos que \u201cprocurar\u00e1n\u201d cumplir con la cuota de g\u00e9nero 70-30, es decir, no era expresamente una obligaci\u00f3n, por lo que ella solicit\u00f3 que se cambiara el verbo por \u201cregistrar\u00e1n\u201d.<\/p>\n\n\n\n<p class=\"wp-block-paragraph\">En la legislatura local, hab\u00edan sido electas solo tres mujeres (de 42 integrantes): Norma Reyes, la reci\u00e9n desaparecida Gloria Altamirano Portillo y Luisa Cort\u00e9s Carrillo, quien las dejar\u00eda pronto porque compiti\u00f3 para diputada federal. Altamirano Portillo respald\u00f3 la propuesta, a\u00fan a pesar de diversas amenazas en su contra por parte de sus compa\u00f1eros priistas. Se logr\u00f3 modificar el texto de la ley electoral aun antes que en la ley federal, sin embargo, no se puso en pr\u00e1ctica.<\/p>\n\n\n\n<p class=\"wp-block-paragraph\">Al final de esa legislatura, el 30 de abril de 1998, Reyes Ter\u00e1n y Altamirano solicitaron la creaci\u00f3n de una Comisi\u00f3n Especial de Equidad y G\u00e9nero, que se aprob\u00f3 el 13 de mayo de ese mismo a\u00f1o, para integrarla eran necesarios cinco diputadas y diputados, Norma Reyes recapitula y dice que solo eran dos las realmente convencidas, por lo que pasaron d\u00edas tratando de que sus compa\u00f1eros formaran parte de la comisi\u00f3n, \u201cno quer\u00edan, renunciaban, hasta que finalmente aceptan los priistas Venustiano Guti\u00e9rrez, Cuauht\u00e9moc Fuentes y Delfino Santiago\u00bb.<\/p>\n\n\n\n<p class=\"wp-block-paragraph\">Fue tambi\u00e9n diputada  en la LVIII Legislatura federal con una candidatura que ella misma construye desde su posici\u00f3n como secretaria en el Consejo Nacional del PRD. Meses antes encabez\u00f3 a un grupo plural de mujeres de todos los partidos pol\u00edticos que se plantaron frente a las oficinas del Instituto Estatal Electoral, al paso de las horas y ante la resistencia de los partidos para respetar la cuota de g\u00e9nero, optaron por desangrarse, lo que oblig\u00f3 a las \u201caltas esferas pol\u00edticas\u201d a respetar las legislaciones electorales, tanto local como la federal, que ya establec\u00edan la obligatoriedad de respetar la cuota de g\u00e9nero 70-30.<\/p>\n\n\n\n<p class=\"wp-block-paragraph\"><strong>Paridad s\u00ed, pero sin dejar a ninguna atr\u00e1s<\/strong><\/p>\n\n\n\n<p class=\"wp-block-paragraph\">Norma Reyes Ter\u00e1n sostiene que resulta imposible no reconocer el avance de las mujeres tras la paridad, pero advierte que se ha dejado de lado la responsabilidad de que esa igualdad sea para todas, los derechos no deben ser privilegios de unas cuantas. En Oaxaca al menos en 80 municipios las mujeres no participan en las asambleas, no eligen a sus autoridades municipales y menos son electas. Lo que deber\u00edamos hacer es pugnar para que eso no suceda.<\/p>\n\n\n\n<p class=\"wp-block-paragraph\">Hay una contradicci\u00f3n cuando avanzamos y se nos atraviesan los usos y costumbres, se pone por encima de los derechos de las mujeres a las costumbres, que no son sino privilegios patriarcales, privilegios de los hombres para ejercer los derechos pol\u00edticos, esa condici\u00f3n ha enfrentado al movimiento feminista en Oaxaca, unas a favor y otras en contra.<\/p>\n\n\n\n<p class=\"wp-block-paragraph\">Reyes Ter\u00e1n se\u00f1ala que incluso hay versiones, que no le constan, sobre la forma en que algunas consejeras y consejeros electorales \u201ccobran\u201d favores pol\u00edticos en algunos municipios y dejan pasar acciones afirmativas como la inclusi\u00f3n de mujeres en la vida pol\u00edtica de las comunidades. Si esto es cierto, es grave, sostiene la funcionaria.<\/p>\n\n\n\n<p class=\"wp-block-paragraph\"><strong>Los mandatos de la paridad<\/strong><\/p>\n\n\n\n<p class=\"wp-block-paragraph\">A 67 a\u00f1os de que las mexicanas lograron el reconocimiento de su derecho al voto universal, hay tareas pendientes. Sostiene que la paridad tiene dos mandatos, uno que es num\u00e9rico que es leg\u00edtimo y legal. El otro es hacer que las mujeres que ocupan espacios de representaci\u00f3n popular cambien las normas sociales que provocan la desigualdad, sin embargo, muchas veces reproducen y fortalecen esos mandatos. Por ello, dice, nuestra responsabilidad es exigirles que cumplan.<\/p>\n\n\n\n<p class=\"wp-block-paragraph\">Cuestion\u00f3 adem\u00e1s que los tribunales electorales interpreten las acciones afirmativas de manera incorrecta. Y explic\u00f3 que, en todo caso, una mujer que es autoridad municipal no puede ejercer violencia pol\u00edtica contra un hombre, como recientemente se dio a conocer en un caso, y no \u2013reitera- porque es una medida afirmativa construida para resolver la desigualdad, esa interpretaci\u00f3n de manera generalizada nos vuelve al terreno de la desigualdad, en todo caso, consider\u00f3 que deber\u00eda ser visto como un acto de discriminaci\u00f3n.<\/p>\n\n\n\n<p class=\"wp-block-paragraph\">Tambi\u00e9n cuestion\u00f3 que las mujeres trans sean parte de la paridad en las listas de mujeres candidatas, en todo caso, sugiri\u00f3 que deben ser proporcionalmente adscritas tanto en las listas de los candidatos como de las candidatas y cuestion\u00f3 que sea suficiente para los Oples la \u201cautoadscripci\u00f3n\u201d de g\u00e9nero, eso dar\u00e1 lugar a la aparici\u00f3n de \u201cfalsos trans\u201d como sucedi\u00f3 en 2017 en Oaxaca.<\/p>\n\n\n\n<p class=\"wp-block-paragraph\">Luego plante\u00f3 que en las entidades es necesario que se legislen las sanciones correspondientes por violencia contra las mujeres en raz\u00f3n de g\u00e9nero en los C\u00f3digos Penales, con sanciones reales, eso evitar\u00e1 muchos casos de impunidad como lo que hoy se pueden observar en Oaxaca, Chiapas y en otras entidades del pa\u00eds donde los se\u00f1ores del poder impiden que las mujeres gobiernen, las maltratan y hasta las asesinan.<\/p>\n\n\n\n<p class=\"wp-block-paragraph\">SEM\/sj<\/p>\n","protected":false},"excerpt":{"rendered":"<p>67 a\u00f1os despu\u00e9s hay tareas que resolver<\/p>\n","protected":false},"author":3,"featured_media":26958,"comment_status":"open","ping_status":"open","sticky":false,"template":"","format":"standard","meta":{"_monsterinsights_skip_tracking":false,"footnotes":""},"categories":[691,195,194],"tags":[],"class_list":["post-26957","post","type-post","status-publish","format-standard","has-post-thumbnail","category-691","category-mujeres-electas-las-voces-de-la-historia","category-voto-femenino-en-mexico"],"_links":{"self":[{"href":"https:\/\/redsemlac.com\/semmexico\/wp-json\/wp\/v2\/posts\/26957","targetHints":{"allow":["GET"]}}],"collection":[{"href":"https:\/\/redsemlac.com\/semmexico\/wp-json\/wp\/v2\/posts"}],"about":[{"href":"https:\/\/redsemlac.com\/semmexico\/wp-json\/wp\/v2\/types\/post"}],"author":[{"embeddable":true,"href":"https:\/\/redsemlac.com\/semmexico\/wp-json\/wp\/v2\/users\/3"}],"replies":[{"embeddable":true,"href":"https:\/\/redsemlac.com\/semmexico\/wp-json\/wp\/v2\/comments?post=26957"}],"version-history":[{"count":0,"href":"https:\/\/redsemlac.com\/semmexico\/wp-json\/wp\/v2\/posts\/26957\/revisions"}],"wp:featuredmedia":[{"embeddable":true,"href":"https:\/\/redsemlac.com\/semmexico\/wp-json\/wp\/v2\/media\/26958"}],"wp:attachment":[{"href":"https:\/\/redsemlac.com\/semmexico\/wp-json\/wp\/v2\/media?parent=26957"}],"wp:term":[{"taxonomy":"category","embeddable":true,"href":"https:\/\/redsemlac.com\/semmexico\/wp-json\/wp\/v2\/categories?post=26957"},{"taxonomy":"post_tag","embeddable":true,"href":"https:\/\/redsemlac.com\/semmexico\/wp-json\/wp\/v2\/tags?post=26957"}],"curies":[{"name":"wp","href":"https:\/\/api.w.org\/{rel}","templated":true}]}}